{"id":14853,"date":"2020-04-08T22:27:09","date_gmt":"2020-04-08T20:27:09","guid":{"rendered":"https:\/\/www.friedenkoeln.de\/?p=14853"},"modified":"2020-04-08T22:27:09","modified_gmt":"2020-04-08T20:27:09","slug":"ippnw-an-bundesregierung-kein-kauf-von-atombombern-im-schatten-der-corona-krise","status":"publish","type":"post","link":"https:\/\/www.friedenkoeln.de\/?p=14853","title":{"rendered":"IPPNW an Bundesregierung: &#8222;Kein Kauf von Atombombern im Schatten der Corona-Krise!&#8220;"},"content":{"rendered":"<p><em>Wir ver\u00f6ffentlichen einen Brief von \u00c4rztinnen und \u00c4rzten an die Bundesregierung vom\u00a08.4.2020.<\/em><\/p>\n<hr \/>\n<p class=\"bodytext\">Die von Verteidigungsministerin Annegret Kamp-Karrenbauer f\u00fcr diese Woche angek\u00fcndigte Entscheidung \u00fcber den Kauf neuer atomwaffenf\u00e4higer F-18-Kampfflugzeuge muss verschoben werden, fordert die \u00e4rztliche Friedensorganisation IPPNW in einem offenen Brief an die Bundesregierung.<\/p>\n<p class=\"bodytext\">Die F-18 sollen die veralteten Tornados der Bundeswehr ersetzen und dazu dienen, die in B\u00fcchel stationierten Atomwaffen im Ernstfall ins Ziel zu fliegen. Obwohl der Bundestag 2010 den Abzug der Atomwaffen aus Deutschland gefordert hatte, w\u00e4re mit dem Kauf der F-18 die Fortsetzung der Stationierung von Atomwaffen in Deutschland f\u00fcr weitere Jahrzehnte faktisch beschlossen.<\/p>\n<p class=\"bodytext\">In K\u00fcrze sollen die US-Atomwaffen in B\u00fcchel durch &#8222;moderne&#8220; Atomwaffen vom Typ B61-12 mit erweiterten Einsatzf\u00e4higkeiten ersetzt werden. Die jetzt vom Verteidigungsministerium geplante Entscheidung w\u00fcrde deshalb die erste atomare Aufr\u00fcstung in Deutschland seit den 80er Jahren einleiten.<\/p>\n<div id=\"attachment_14856\" style=\"width: 2570px\" class=\"wp-caption aligncenter\"><img loading=\"lazy\" decoding=\"async\" aria-describedby=\"caption-attachment-14856\" class=\"size-full wp-image-14856\" src=\"https:\/\/www.friedenkoeln.de\/wp-content\/uploads\/2020\/04\/49747601391_71d9e9d693_o-scaled.jpg\" alt=\"Zwei Aktivisten mit Mundnasenschutz zeigen ein selbstgemaltes Transparent. Der junge Mann links hat das Modell einer Atomrakete in der Hand; die junge Frau rechts tr\u00e4gt ein Hasenkost\u00fcm. Zwischen beiden ist ein selbstgebastelter M\u00fclleimer mit Milit\u00e4rschrott zu sehen: Atomraketen und ein Milit\u00e4rjet.\" width=\"2560\" height=\"1707\" srcset=\"https:\/\/www.friedenkoeln.de\/wp-content\/uploads\/2020\/04\/49747601391_71d9e9d693_o-scaled.jpg 2560w, https:\/\/www.friedenkoeln.de\/wp-content\/uploads\/2020\/04\/49747601391_71d9e9d693_o-150x100.jpg 150w, https:\/\/www.friedenkoeln.de\/wp-content\/uploads\/2020\/04\/49747601391_71d9e9d693_o-768x512.jpg 768w, https:\/\/www.friedenkoeln.de\/wp-content\/uploads\/2020\/04\/49747601391_71d9e9d693_o-1536x1024.jpg 1536w, https:\/\/www.friedenkoeln.de\/wp-content\/uploads\/2020\/04\/49747601391_71d9e9d693_o-2048x1365.jpg 2048w\" sizes=\"auto, (max-width: 2560px) 100vw, 2560px\" \/><p id=\"caption-attachment-14856\" class=\"wp-caption-text\">Protest vor dem Kanzleramt, Berlin, 7.4.2020: &#8222;Neue F-18-Jets zum Atomwaffeneinsatz? NICHT JETZT! NICHT MIT UNS!&#8220; Foto: ICAN Germany (CC BY-NC-SA 2.0)<\/p><\/div>\n<p>Die \u00c4rzt*innen der IPPNW fordern, dass eine derart weitreichende Entscheidung nicht ohne \u00f6ffentliche politische Debatte und nicht im Schatten der Corona-Krise getroffen werden darf. \u00d6ffentlicher Protest ist momentan nicht m\u00f6glich. Die Osterm\u00e4rsche, auf denen seit 60 Jahren gegen atomare Aufr\u00fcstung protestiert wird,\u00a0 k\u00f6nnen nicht stattfinden und die mediale Aufmerksamkeit liegt auf der Corona-Pandemie.<\/p>\n<blockquote>\n<p class=\"bodytext\">Es kann nicht sein, dass wir im Dauereinsatz gegen die Folgen der Corona-Pandemie sind und es \u00fcberall an lebenswichtiger medizinischer Ausr\u00fcstung mangelt, w\u00e4hrend gleichzeitig Milliarden in atomare Aufr\u00fcstung investiert werden,<\/p>\n<\/blockquote>\n<p>so Dr. Lars Pohlmeier, Internist und Vorstandsmitglied der IPPNW.<\/p>\n<p>In ihrem offenen Brief an die Bundesregierung schreiben die \u00c4rzt*innen:<\/p>\n<blockquote><p>Diese Krise m\u00fcssen wir gemeinsam durchstehen! Wir \u00c4rztinnen und \u00c4rzte stehen mit Kolleginnen und Kollegen im Gesundheitswesen an Ihrer Seite, um die immensen Herausforderungen zu meistern. Es ist notwendig, jetzt eine Zeitenwende hin zur Demilitarisierung einzuleiten und Ressourcen sinnvoll zu verteilen. Deshalb fordern wir die Verschiebung der Entscheidung \u00fcber die Neuanschaffung von atomwaffenf\u00e4higen Flugzeugen auf die Zeit nach der Corona-Krise, um die dringend n\u00f6tige \u00f6ffentliche politische Debatte \u00fcber die Stationierung von Atomwaffen in Deutschland zu erm\u00f6glichen.<\/p><\/blockquote>\n<p class=\"bodytext\"><i><b>Weitere Informationen:<\/b><br \/>\n<a href=\"https:\/\/www.ippnw.de\/commonFiles\/pdfs\/Dokumente\/Offener_Brief_Atombomber.pdf\">Offener Brief an die Bundesregierung vom 08.04.2020 (PDF)<\/a><\/i><\/p>\n<p class=\"bodytext\"><i><a href=\"https:\/\/flickr.com\/photos\/ican_de\">Fotos: Protestaktion gegen Atombomber am Kanzleramt (Flickr)<\/a><br \/>\n<\/i><\/p>\n<p class=\"bodytext\"><i><a href=\"https:\/\/atombomber-nein-danke.de\/\">Seite der Kampagne &#8222;Atombomber? Nein Danke!&#8220;\u00a0<\/a><\/i><i><\/i><\/p>\n<p class=\"bodytext\"><i><b>Pressekontakt:<\/b><br \/>\nDr. Jens-Peter Steffen, Referent f\u00fcr Frieden, <a href=\"http:\/\/www.ippnw.de\/\">IPPNW Deutschland<\/a>, Tel. 030 698074 13, E-Mail: <a class=\"moz-txt-link-abbreviated\" href=\"mailto:steffen@ippnw.de\">steffen@ippnw.de<\/a><\/i><\/p>\n","protected":false},"excerpt":{"rendered":"<p>Wir ver\u00f6ffentlichen einen Brief von \u00c4rztinnen und \u00c4rzten an die Bundesregierung vom\u00a08.4.2020. Die von Verteidigungsministerin Annegret Kamp-Karrenbauer f\u00fcr diese Woche angek\u00fcndigte Entscheidung \u00fcber den Kauf neuer atomwaffenf\u00e4higer F-18-Kampfflugzeuge muss verschoben werden, fordert die \u00e4rztliche&#46;&#46;&#46;<\/p>\n","protected":false},"author":110,"featured_media":0,"comment_status":"open","ping_status":"open","sticky":false,"template":"","format":"standard","meta":{"footnotes":""},"categories":[141],"tags":[33,153,147],"class_list":["post-14853","post","type-post","status-publish","format-standard","hentry","category-brief","tag-atomwaffen","tag-aufruestung","tag-gesundheitswesen"],"_links":{"self":[{"href":"https:\/\/www.friedenkoeln.de\/index.php?rest_route=\/wp\/v2\/posts\/14853","targetHints":{"allow":["GET"]}}],"collection":[{"href":"https:\/\/www.friedenkoeln.de\/index.php?rest_route=\/wp\/v2\/posts"}],"about":[{"href":"https:\/\/www.friedenkoeln.de\/index.php?rest_route=\/wp\/v2\/types\/post"}],"author":[{"embeddable":true,"href":"https:\/\/www.friedenkoeln.de\/index.php?rest_route=\/wp\/v2\/users\/110"}],"replies":[{"embeddable":true,"href":"https:\/\/www.friedenkoeln.de\/index.php?rest_route=%2Fwp%2Fv2%2Fcomments&post=14853"}],"version-history":[{"count":3,"href":"https:\/\/www.friedenkoeln.de\/index.php?rest_route=\/wp\/v2\/posts\/14853\/revisions"}],"predecessor-version":[{"id":14857,"href":"https:\/\/www.friedenkoeln.de\/index.php?rest_route=\/wp\/v2\/posts\/14853\/revisions\/14857"}],"wp:attachment":[{"href":"https:\/\/www.friedenkoeln.de\/index.php?rest_route=%2Fwp%2Fv2%2Fmedia&parent=14853"}],"wp:term":[{"taxonomy":"category","embeddable":true,"href":"https:\/\/www.friedenkoeln.de\/index.php?rest_route=%2Fwp%2Fv2%2Fcategories&post=14853"},{"taxonomy":"post_tag","embeddable":true,"href":"https:\/\/www.friedenkoeln.de\/index.php?rest_route=%2Fwp%2Fv2%2Ftags&post=14853"}],"curies":[{"name":"wp","href":"https:\/\/api.w.org\/{rel}","templated":true}]}}