{"id":14858,"date":"2020-04-09T07:00:27","date_gmt":"2020-04-09T05:00:27","guid":{"rendered":"https:\/\/www.friedenkoeln.de\/?p=14858"},"modified":"2020-04-09T08:50:51","modified_gmt":"2020-04-09T06:50:51","slug":"koelner-friedensforum-versammlungsrecht-und-infektionsschutz-vereinbar-machen","status":"publish","type":"post","link":"https:\/\/www.friedenkoeln.de\/?p=14858","title":{"rendered":"K\u00f6lner Friedensforum: Versammlungsrecht und Infektionsschutz vereinbar machen!"},"content":{"rendered":"<h4>Osterspaziergang f\u00fcr Frieden, internationale Zusammenarbeit, Gesundheit und Grundrechte in K\u00f6ln<\/h4>\n<p><em>K\u00f6ln, 8.4.2020<\/em>. Trotz des nach der Coronaschutzverordnung (CoronaSchVO) geltenden Versammlungsverbots beginnt auf dem Heinrich-B\u00f6ll-Platz in K\u00f6ln am 11. April 2020 um 14:00 Uhr ein \u201eOsterspaziergang f\u00fcr Frieden, internationale Zusammenarbeit, Gesundheit und Grundrechte\u201c. Dazu wurde die Stadt K\u00f6ln um Erteilung einer Ausnahmegenehmigung gem\u00e4\u00df \u00a711 (3) CoronaSchVO gebeten.<\/p>\n<p>Das teilt das K\u00f6lner Friedensforum mit, welches die urspr\u00fcnglich mit Musik- und Redebeitr\u00e4gen geplante Kundgebung abgesagt hat. Unter Ber\u00fccksichtigung der Erfordernisse des Infektionsschutzes soll es statt einer Menschenansammlung in der K\u00f6lner Altstadt nun einen Spaziergang in einer lockeren Reihe geben, der vom Heinrich-B\u00f6ll-Platz \u00fcber die Hohenzollernbr\u00fccke und das Kennedy-Ufer zur Zoobr\u00fccke f\u00fchrt, wo die Kundgebung endet.<\/p>\n<p>In seinem am 4.4.2020 ver\u00f6ffentlichten Aufruf betont das Friedensforum, zur L\u00f6sung der aktuellen Krise der Gesundheitsvorsorge und der nationalen Gesundheitssysteme sei internationale Zusammenarbeit erforderlich. Die f\u00fcr die R\u00fcstungsausgaben vorgesehenen Geldmittel von rund 50 Milliarden Euro sollten f\u00fcr \u201eGesundheit, Umwelt, Bildung Soziales sowie Konfliktpr\u00e4vention\u201c eingesetzt werden. Der Text zieht eine Parallele zur Herstellung der globalen Klimagerechtigkeit.<\/p>\n<blockquote><p>Denn die Politik der Konfrontation, der internationalen Konkurrenz und des nationalen Egoismus l\u00f6st keine Probleme. Sie ist das Problem selbst,<\/p><\/blockquote>\n<p>hei\u00dft es darin weiter.<\/p>\n<div id=\"attachment_13732\" style=\"width: 333px\" class=\"wp-caption alignright\"><img loading=\"lazy\" decoding=\"async\" aria-describedby=\"caption-attachment-13732\" class=\" wp-image-13732\" src=\"https:\/\/www.friedenkoeln.de\/wp-content\/uploads\/2019\/04\/8_20190420_hdh_0961_20190421_1157343632.jpg\" alt=\"Eine schlanke Dame mit blonden kurzen Haaren und grauer Baumwollbluse spricht in ein Mikro.\" width=\"323\" height=\"484\" srcset=\"https:\/\/www.friedenkoeln.de\/wp-content\/uploads\/2019\/04\/8_20190420_hdh_0961_20190421_1157343632.jpg 4000w, https:\/\/www.friedenkoeln.de\/wp-content\/uploads\/2019\/04\/8_20190420_hdh_0961_20190421_1157343632-100x150.jpg 100w, https:\/\/www.friedenkoeln.de\/wp-content\/uploads\/2019\/04\/8_20190420_hdh_0961_20190421_1157343632-768x1152.jpg 768w, https:\/\/www.friedenkoeln.de\/wp-content\/uploads\/2019\/04\/8_20190420_hdh_0961_20190421_1157343632-2000x3000.jpg 2000w\" sizes=\"auto, (max-width: 323px) 100vw, 323px\" \/><p id=\"caption-attachment-13732\" class=\"wp-caption-text\">Beate Hane-Knoll (ver.di) beim Auftakt zum Ostermarsch Rhein-Ruhr am 20.4.2019, Breslauer Platz, K\u00f6ln. Foto (copyright): Hans-Dieter Hey, www.r-mediabase.eu.<\/p><\/div>\n<p>Beim letztj\u00e4hrigen K\u00f6lner Ostermarsch-Auftakt hatte die Krankenschwester und Gewerkschafterin Beate Hahne-Knoll die Aufr\u00fcstungspolitik der Bundesregierung angesichts des Sparkurses in der Gesundheitspolitik als \u201eabsurd\u201c und \u201emenschenverachtend\u201c kritisiert. Wegen des Personalmangels im Gesundheitswesen m\u00fcssten Betten reduziert und Stationen geschlossen werden. Eine angemessene Versorgung von Patienten in Krankenh\u00e4usern und Bewohnern von Pflegeeinrichtungen sei oftmals nicht m\u00f6glich; Hygienestandards k\u00f6nnten nicht eingehalten werden.<\/p>\n<blockquote><p>Die Forderungen der Friedensbewegung nach Abr\u00fcstung und Umlenkung der \u00a0Ressourcen in zivile Bereiche wie Gesundheit, Bildung, Soziales sind aktueller denn je,<\/p><\/blockquote>\n<p>sagte eine Sprecherin des K\u00f6lner Friedensforums. Umso wichtiger sei es, dass die kritische Auseinandersetzung mit der Regierungspolitik weitergehe. Der angek\u00fcndigte Osterspaziergang k\u00f6nne an der frischen Luft stattfinden, ohne Menschen zu gef\u00e4hrden. Die Teilnehmer*innen sollen jeweils einzeln oder zu zweit im Abstand von mindestens zwei Metern hintereinander gehen und sind aufgerufen, eigene Plakate oder Friedensfahnen mitzubringen. Au\u00dferdem regen die Veranstalter an, einen Mundnasenschutz anzulegen, der mit Friedenssymbolen gestaltet werden k\u00f6nne.<\/p>\n<p>Die Sprecherin gab sich zuversichtlich, dass die Teilnehmer*innen die geltenden Infektionsschutzregeln einhalten w\u00fcrden, und dass die Stadt K\u00f6ln das Grundrecht auf Versammlungsfreiheit durch die Erteilung einer Ausnahmegenehmigung achten werde.<\/p>\n<hr \/>\n<h4 style=\"text-align: center;\">Osterspaziergang f\u00fcr Frieden, internationale Zusammenarbeit, Gesundheit und Grundrechte in K\u00f6ln<\/h4>\n<p style=\"text-align: center;\"><strong>Samstag, 11. April 2020, 14:00 Uhr<\/strong><\/p>\n<p style=\"text-align: center;\"><strong>Heinrich-B\u00f6ll-Platz -&gt; Hohenzollernbr\u00fccke -&gt; Kennedy-Ufer -&gt; Zoobr\u00fccke, K\u00f6ln<\/strong><\/p>\n<p style=\"text-align: center;\"><strong>Kurzfristige \u00c4nderungen m\u00f6glich \u2013 Veranstalter bitten um Beachtung der zum Schutz vor Infektionen geltenden Verhaltensvorschriften<\/strong><\/p>\n<p>Pressekontakt:<br \/>\nPeter F\u00f6rster, forstpeter82@googlemail.com, 0178 3291379<br \/>\nStefanie Intveen, stefanie.intveen@web.de \u00a0, 0151 56094920<\/p>\n<p>Hinweise:<\/p>\n<p><a href=\"https:\/\/www.friedenkoeln.de\/?p=14833\">K\u00f6ln am 11.4.2020: Oster-Spaziergang f\u00fcr Frieden, internationale Zusammenarbeit, Gesundheit und Grundrechte. Das K\u00f6lner Friedensforum l\u00e4dt zum Spaziergang ein.<\/a><\/p>\n<p><a href=\"https:\/\/www.friedenkoeln.de\/?p=13727\">Beate Hane-Knoll (ver.di): Geld fehlt im Gesundheitswesen \u2013 Aufr\u00fcstung ist menschenverachtend! Rede beim Auftakt des Ostermarsches Rhein-Ruhr am 20.4.2019 in K\u00f6ln.<\/a><\/p>\n<p>11 (3) CoronaSchVO<\/p>\n<blockquote><p>Die nach dem Landesrecht f\u00fcr Schutzma\u00dfnahmen nach \u00a7 28 Absatz 1 des Infektionsschutzgesetzes zust\u00e4ndigen Beh\u00f6rden k\u00f6nnen f\u00fcr Versammlungen nach dem Versammlungsgesetz Ausnahmen zulassen, wenn die Veranstalter die Einhaltung der f\u00fcr den Schutz der Bev\u00f6lkerung vor Infektionen erforderlichen Ma\u00dfnahmen (insbesondere Mindestabst\u00e4nde) sichergestellt haben. Satz 1 gilt entsprechend f\u00fcr Veranstaltungen, die der Grundversorgung der Bev\u00f6lkerung dienen.<\/p><\/blockquote>\n<p><a href=\"https:\/\/recht.nrw.de\/lmi\/owa\/br_vbl_detail_text?anw_nr=6&amp;vd_id=18380\">https:\/\/recht.nrw.de\/lmi\/owa\/br_vbl_detail_text?anw_nr=6&amp;vd_id=18380<\/a> (Download 8.5.2020)<\/p>\n<p><a href=\"https:\/\/www.friedenkoeln.de\/wp-content\/uploads\/2020\/04\/KFF_PM_Osterspaziergang-K\u00f6ln_Versammlungsrecht-und-Infektionsschutz-vereinbaren_20200408.pdf\">Pressemitteilung als pdf<\/a><\/p>\n","protected":false},"excerpt":{"rendered":"<p>Osterspaziergang f\u00fcr Frieden, internationale Zusammenarbeit, Gesundheit und Grundrechte in K\u00f6ln K\u00f6ln, 8.4.2020. Trotz des nach der Coronaschutzverordnung (CoronaSchVO) geltenden Versammlungsverbots beginnt auf dem Heinrich-B\u00f6ll-Platz in K\u00f6ln am 11. April 2020 um 14:00 Uhr ein&#46;&#46;&#46;<\/p>\n","protected":false},"author":110,"featured_media":13732,"comment_status":"open","ping_status":"open","sticky":false,"template":"","format":"standard","meta":{"footnotes":""},"categories":[87],"tags":[42,113,147,99,29],"class_list":["post-14858","post","type-post","status-publish","format-standard","has-post-thumbnail","hentry","category-pressemitteilung","tag-abruestung","tag-buergerrechte","tag-gesundheitswesen","tag-menschenrechte","tag-solidaritat"],"_links":{"self":[{"href":"https:\/\/www.friedenkoeln.de\/index.php?rest_route=\/wp\/v2\/posts\/14858","targetHints":{"allow":["GET"]}}],"collection":[{"href":"https:\/\/www.friedenkoeln.de\/index.php?rest_route=\/wp\/v2\/posts"}],"about":[{"href":"https:\/\/www.friedenkoeln.de\/index.php?rest_route=\/wp\/v2\/types\/post"}],"author":[{"embeddable":true,"href":"https:\/\/www.friedenkoeln.de\/index.php?rest_route=\/wp\/v2\/users\/110"}],"replies":[{"embeddable":true,"href":"https:\/\/www.friedenkoeln.de\/index.php?rest_route=%2Fwp%2Fv2%2Fcomments&post=14858"}],"version-history":[{"count":6,"href":"https:\/\/www.friedenkoeln.de\/index.php?rest_route=\/wp\/v2\/posts\/14858\/revisions"}],"predecessor-version":[{"id":14865,"href":"https:\/\/www.friedenkoeln.de\/index.php?rest_route=\/wp\/v2\/posts\/14858\/revisions\/14865"}],"wp:featuredmedia":[{"embeddable":true,"href":"https:\/\/www.friedenkoeln.de\/index.php?rest_route=\/wp\/v2\/media\/13732"}],"wp:attachment":[{"href":"https:\/\/www.friedenkoeln.de\/index.php?rest_route=%2Fwp%2Fv2%2Fmedia&parent=14858"}],"wp:term":[{"taxonomy":"category","embeddable":true,"href":"https:\/\/www.friedenkoeln.de\/index.php?rest_route=%2Fwp%2Fv2%2Fcategories&post=14858"},{"taxonomy":"post_tag","embeddable":true,"href":"https:\/\/www.friedenkoeln.de\/index.php?rest_route=%2Fwp%2Fv2%2Ftags&post=14858"}],"curies":[{"name":"wp","href":"https:\/\/api.w.org\/{rel}","templated":true}]}}