{"id":14867,"date":"2020-04-10T14:06:32","date_gmt":"2020-04-10T12:06:32","guid":{"rendered":"https:\/\/www.friedenkoeln.de\/?p=14867"},"modified":"2020-04-10T14:06:32","modified_gmt":"2020-04-10T12:06:32","slug":"absage-oster-spaziergang-fuer-frieden-in-koeln-am-11-4-2020","status":"publish","type":"post","link":"https:\/\/www.friedenkoeln.de\/?p=14867","title":{"rendered":"Absage: Oster-Spaziergang f\u00fcr Frieden in K\u00f6ln am 11.4.2020"},"content":{"rendered":"<p><em>Wir ver\u00f6ffentlichen eine wichtige Mitteilung des K\u00f6lner Friedensforum:<\/em><\/p>\n<hr \/>\n<p>Liebe Friedensfreunde und Friedensfreundinnen,<\/p>\n<div class=\"gmail_quote\">\n<div dir=\"ltr\">\n<p>wir m\u00fcssen unseren <b>&#8222;Oster-Spaziergang f\u00fcr Frieden, internationale Zusammenarbeit, Gesundheit und Grundrechte&#8220; am Samstag den 11.04.2020 um 14 Uhr leider absagen.<\/b>Wir bedauern, dass die Stadt K\u00f6ln und das Verwaltungsgericht unseren Antrag auf Genehmigung abgelehnt haben und es somit vers\u00e4umt haben, ein deutliches politisches Signal zu setzen: Die Wahrnehmung der Versammlungsfreiheit und die erforderlichen gesundheitlichen Schutzma\u00dfnahmen gegen die Verbreitung des Corona-Virus bilden keinen Widerspruch und m\u00fcssen unbedingt in eins gedacht und praktiziert werden.<\/p>\n<p>Dies ist im NRW-Coronaschutzgesetz explizit vorgesehen. Darin herrscht kein absolutes Versammlungsverbot, sondern es hei\u00dft:<\/p>\n<blockquote><p>\u00a711 (1) Veranstaltungen und Versammlungen sind untersagt, soweit in den folgenden Abs\u00e4tzen nichts anderes bestimmt ist. (&#8230;)<\/p>\n<p>\u00a711 (3) Die nach dem Landesrecht f\u00fcr Schutzma\u00dfnahmen nach \u00a728 Absatz 1 des Infektionsschutzgesetzes zust\u00e4ndigen Beh\u00f6rden k\u00f6nnen f\u00fcr Versammlungen nach dem Versammlungsgesetz Ausnahmen zulassen, wenn die Veranstalter die Einhaltung der f\u00fcr den Schutz der Bev\u00f6lkerung vor Infektionen erforderlichen Ma\u00dfnahmen (insbesondere Mindestabst\u00e4nde) sichergestellt haben. (&#8230;)<\/p><\/blockquote>\n<p>Spazierg\u00e4nge unter Wahrung von Distanz sind der Gesundheit zutr\u00e4glich und aus guten Gr\u00fcnden nicht untersagt. Ein koordinierter Friedensspaziergang h\u00e4tte zudem eine erh\u00f6hte gegenseitige Achtsamkeit zur Verhinderung von Ansteckungen erm\u00f6glicht.<\/p>\n<p>Wir behalten uns daher vor, gegen das Urteil des Verwaltungsgerichts, auf dessen Begr\u00fcndung wir noch warten, nach Ostern vorzugehen.<\/p>\n<p>Denn die st\u00e4dtischen Beh\u00f6rden stellen die Tatsachen auf den Kopf: Nicht das Engagement f\u00fcr Abr\u00fcstung und Sozialaufbau eines koordinierten Osterspaziergang im Rahmen der Vorgaben der Corona-Schutzverordnung gef\u00e4hrden die Gesundheit und das umfassende Wohlergehen des Einzelnen wie der Gesellschaft, sondern Sozialabbau, die Einschr\u00e4nkung von Freiheitsrechten, Aufr\u00fcstung und Krieg.<\/p>\n<p>W\u00e4hrend die Kolleginnen und Kollegen in den Krankenh\u00e4usern aufgrund \u00f6ffentlicher Sparpolitik und mangelnder medizinischer Ausr\u00fcstung einem hohen Infektionsrisiko ausgesetzt sind, hat Au\u00dfenminister Heiko Maas angek\u00fcndigt, an der geplanten Verdopplung der R\u00fcstungsausgaben festzuhalten. Dies bedeutet zum Beispiel, dass die Gro\u00dfe Koalition unmittelbar nach Ostern f\u00fcr mehrere Milliarden Euro die Anschaffung von F18-Kriegsflugzeugen plant, um die \u201enukleare Teilhabe\u201c zu gew\u00e4hrleisten, also technisch in der Lage zu sein, Atomkrieg zu f\u00fchren. R\u00fcstung t\u00f6tet.<\/p>\n<p>Wir sind nicht bereit, die Grundrechte gegeneinander auszuspielen: Frieden, k\u00f6rperliche Unversehrtheit und die Versammlungsfreiheit gehen Hand in Hand und sind untrennbar \u2013 grunds\u00e4tzlich und in Krisenzeiten umso mehr!<\/p>\n<p>Das bedeutet f\u00fcr die aktuelle Planung in K\u00f6ln: Ein gemeinsamer, koordinierter Osterspaziergang 2020 wird nicht stattfinden.<\/p>\n<p>Es bleibt der Entscheidung von jedem und jeder \u00fcberlassen, wie die selbstgebastelten Friedensplakate \u00fcber die Ostertage der \u00d6ffentlichkeit gezeigt werden, und wie wir unserer Stimme f\u00fcr Frieden und Abr\u00fcstung Geh\u00f6r verschaffen.<\/p>\n<p><b>\u00dcber den virtuellen Ostermarsch und individuelle Proteste k\u00f6nnt Ihr Euch auf der Seite des Ostermarsch Rhein-Ruhr informieren:<\/b><\/p>\n<p><a href=\"http:\/\/www.ostermarsch-ruhr.de\/\" target=\"_blank\" rel=\"noopener noreferrer\">http:\/\/www.ostermarsch-ruhr.de<\/a><\/p>\n<p>Bleibt demokratisch, kritisch, verantwortungsvoll, rege und gesund!<\/p>\n<p>Stefanie, Michael, Peter und Senta<\/p>\n<p>f\u00fcr das K\u00f6lner Friedensforum<\/p>\n<\/div>\n<\/div>\n","protected":false},"excerpt":{"rendered":"<p>Wir ver\u00f6ffentlichen eine wichtige Mitteilung des K\u00f6lner Friedensforum: Liebe Friedensfreunde und Friedensfreundinnen, wir m\u00fcssen unseren &#8222;Oster-Spaziergang f\u00fcr Frieden, internationale Zusammenarbeit, Gesundheit und Grundrechte&#8220; am Samstag den 11.04.2020 um 14 Uhr leider absagen.Wir bedauern, dass&#46;&#46;&#46;<\/p>\n","protected":false},"author":110,"featured_media":0,"comment_status":"open","ping_status":"open","sticky":false,"template":"","format":"standard","meta":{"footnotes":""},"categories":[104],"tags":[42,113],"class_list":["post-14867","post","type-post","status-publish","format-standard","hentry","category-ankuendigung","tag-abruestung","tag-buergerrechte"],"_links":{"self":[{"href":"https:\/\/www.friedenkoeln.de\/index.php?rest_route=\/wp\/v2\/posts\/14867","targetHints":{"allow":["GET"]}}],"collection":[{"href":"https:\/\/www.friedenkoeln.de\/index.php?rest_route=\/wp\/v2\/posts"}],"about":[{"href":"https:\/\/www.friedenkoeln.de\/index.php?rest_route=\/wp\/v2\/types\/post"}],"author":[{"embeddable":true,"href":"https:\/\/www.friedenkoeln.de\/index.php?rest_route=\/wp\/v2\/users\/110"}],"replies":[{"embeddable":true,"href":"https:\/\/www.friedenkoeln.de\/index.php?rest_route=%2Fwp%2Fv2%2Fcomments&post=14867"}],"version-history":[{"count":3,"href":"https:\/\/www.friedenkoeln.de\/index.php?rest_route=\/wp\/v2\/posts\/14867\/revisions"}],"predecessor-version":[{"id":14870,"href":"https:\/\/www.friedenkoeln.de\/index.php?rest_route=\/wp\/v2\/posts\/14867\/revisions\/14870"}],"wp:attachment":[{"href":"https:\/\/www.friedenkoeln.de\/index.php?rest_route=%2Fwp%2Fv2%2Fmedia&parent=14867"}],"wp:term":[{"taxonomy":"category","embeddable":true,"href":"https:\/\/www.friedenkoeln.de\/index.php?rest_route=%2Fwp%2Fv2%2Fcategories&post=14867"},{"taxonomy":"post_tag","embeddable":true,"href":"https:\/\/www.friedenkoeln.de\/index.php?rest_route=%2Fwp%2Fv2%2Ftags&post=14867"}],"curies":[{"name":"wp","href":"https:\/\/api.w.org\/{rel}","templated":true}]}}