{"id":14874,"date":"2020-04-11T12:03:49","date_gmt":"2020-04-11T10:03:49","guid":{"rendered":"https:\/\/www.friedenkoeln.de\/?p=14874"},"modified":"2020-04-11T12:03:49","modified_gmt":"2020-04-11T10:03:49","slug":"alternativer-ostermarsch-2020-zu-hause-und-virtuell","status":"publish","type":"post","link":"https:\/\/www.friedenkoeln.de\/?p=14874","title":{"rendered":"Alternativer Ostermarsch 2020: zu Hause und virtuell"},"content":{"rendered":"<p class=\"page-title\"><em>Unsere Empfehlung f\u00fcr die Osterfeiertage 2020 (es folgt ein Text des Netzwerk Friedenskooperative mit zahlreichen Links auf die Aktionsseiten):<\/em><\/p>\n<div class=\"main-section\" role=\"main\">\n<div class=\"region region-content\">\n<section id=\"block-system-main\" class=\"block block-system clearfix collapsiblock-processed\">\n<div id=\"node-21345\" class=\"node node-action node-promoted node-sticky\">\n<div class=\"field field-name-field-image field-type-image field-label-hidden\"><img loading=\"lazy\" decoding=\"async\" class=\"aligncenter\" title=\"Virtueller Ostermarsch 2020\" src=\"https:\/\/www.friedenskooperative.de\/sites\/default\/files\/styles\/image_content\/public\/bild\/virtuellerostermarsch2020.png?itok=JoeDY0Yw\" alt=\"Virtueller Ostermarsch 2020\" width=\"730\" height=\"375\" \/><\/div>\n<\/div>\n<\/section>\n<\/div>\n<\/div>\n<div><\/div>\n<div class=\"field field-name-body field-type-text-with-summary field-label-hidden text\">\n<p>Aufgrund der Corona-Krise finden die Osterm\u00e4rsche 2020 nicht wie gewohnt statt. Der Protest wird dieses Jahr haupts\u00e4chlich <b>zu Hause <\/b>und <b>virtuell <\/b>stattfinden.<\/p>\n<p>Auf folgender Seite bietet das Netzwerk Friedenskooperative eine \u00dcbersicht der Ostermarschaktivit\u00e4ten 2020:<\/p>\n<ol>\n<li><b><\/b>Ostermarsch trotz Corona &#8211; So wirst Du aktiv<\/li>\n<li><b><\/b>\u00dcbersicht: Was machen die Friedensgruppen zu Ostern?<\/li>\n<li><b><\/b>Stimmen der Friedensbewegung &#8211; &#8222;Archiv der ungehaltenen Reden&#8220;<\/li>\n<li><b><\/b>Erkl\u00e4rungen, Pressesplitter<\/li>\n<li><b><\/b>Telefonische Infos f\u00fcr alle Aktiven und Pressekontakt<\/li>\n<li><b><\/b>Urspr\u00fcngliche Ostermarsch-Seite<\/li>\n<\/ol>\n<ol>\n<li>Ostermarsch trotz Corona &#8211; So wirst Du aktiv\n<ol>\n<li>H\u00e4nge \u00fcber Ostern Deine <b>Friedensfahne<\/b>, <b>Banner <\/b>oder (selbstgemachte) <b>Schilder <\/b>aus oder ins Fenster.<\/li>\n<li>Mache Fotos von deinen Ostermarschaktionen und teile sie mit dem Hashtag <b>#ostermarsch2020 <\/b>in den Sozialen Medien.<\/li>\n<li><b>F\u00fclle das Peacezeichen aus<\/b> auf <a href=\"http:\/\/www.ostermarsch.de\/\"><b>www.ostermarsch.de<\/b><\/a><b>,<\/b> indem du Dein Foto dort hochl\u00e4dst.<\/li>\n<li>Nimm am <b>Samstag um 19 Uhr<\/b> am <b>virtuellen Ostermarsch<\/b> <a href=\"https:\/\/youtu.be\/p1PpbqTb8dA\"><b>hier auf Youtube<\/b><\/a> teil<b>. <\/b>Neben vielen interaktiven Aktionen wird es dort Redebeitr\u00e4ge u.a. von Beatrice Fihn (ICAN) und Musik von Konstantin Wecker geben.<\/li>\n<li>Unterst\u00fctze die Ostermarsch-Arbeit des Netzwerk Friedenskooperative. <a href=\"https:\/\/www.friedenskooperative.de\/oster-spende\"><b>Hier kannst Du spenden<\/b><\/a>. Herzlichen Dank!<\/li>\n<li>Weitere Aktionsideen:<\/li>\n<li>Vorschl\u00e4ge f\u00fcr Share-Pics zum posten in den Sozialen Medien sowie Videos <a href=\"https:\/\/www.friedenskooperative.de\/alternativer-ostermarsch\/social-media\"><b>findest Du hier<\/b><\/a>.<\/li>\n<li>Singe und musiziere zu Hause aus Deinem Fenster oder auf Deinem Balkon [<a href=\"https:\/\/www.friedenskooperative.de\/alternativer-ostermarsch\/balkon-und-lieder\"><b>Texte und Noten<\/b><\/a> gibt es hier].<\/li>\n<li>Werde selber kreativ und aktiv!<\/li>\n<\/ol>\n<\/li>\n<li>\u00dcbersicht: Was machen die Friedensgruppen zu Ostern?\n<ol>\n<li>Die Osterm\u00e4rsche werden traditionell in lokaler und regionaler Verantwortung organisiert.<\/li>\n<li>In Bremen, Hamburg, Kassel, Stuttgart, M\u00fcnchen und vielen weiteren St\u00e4dten werden alternative Mitmachm\u00f6glichkeiten angeboten: <a href=\"http:\/\/www.friedenskooperative.de\/alternativer-ostermarsch\/vor-ort\"><b>Hier findest Du die \u00dcbersicht mit den Aktivit\u00e4ten der Gruppen.<\/b><\/a><\/li>\n<\/ol>\n<\/li>\n<li>Stimmen der Friedensbewegung &#8211; &#8222;Archiv der ungehaltenen Reden\u201c\n<ol>\n<li><a href=\"https:\/\/www.friedenskooperative.de\/alternativer-ostermarsch\/reden\">Textarchiv der &#8222;ungehaltenen Reden&#8220;<\/a><\/li>\n<li>Au\u00dferdem werden zeitnah auch Videos von Redebeitr\u00e4gen eingestellt.<\/li>\n<\/ol>\n<\/li>\n<li>Erkl\u00e4rungen, Pressesplitter\n<ol>\n<li><a href=\"https:\/\/www.friedenskooperative.de\/alternativer-ostermarsch\/pressemitteilung\">Pressemitteilungen aus der Friedensbewegung<\/a><\/li>\n<li><a href=\"https:\/\/www.friedenskooperative.de\/ostermarsch-2020\/pressesplitter\">Pressesplitter<\/a><\/li>\n<li><a href=\"https:\/\/www.friedenskooperative.de\/ostermarsch-2020\/erklaerungen\">Erkl\u00e4rungen \/ Infos von Dritten<\/a><\/li>\n<\/ol>\n<\/li>\n<li>Telefonische Infos f\u00fcr alle Aktiven und Pressekontakt\n<ol>\n<li>Netzwerk Friedenskooperative, Kristian Golla<\/li>\n<li>Tel.: 0228 \/ 69 29 04, Fax: 0228 \/ 69 29 06<\/li>\n<li><a href=\"mailto:Ostermarsch%202019\">friekoop@friedenskooperative.de<\/a><\/li>\n<\/ol>\n<\/li>\n<li>Urspr\u00fcngliche Ostermarsch-Seite und vergangene Aktivt\u00e4ten\n<ol>\n<li><a href=\"https:\/\/www.friedenskooperative.de\/ostermarsch-2020\"><b>Hier findest Du<\/b><\/a><b> <\/b>unsere urspr\u00fcngliche \u00dcbersichtsseite zum Ostermarsch 2020. Aufgrund der Corona-Krise und den damit verbundenen Absagen der Aktionen mussten wir die alternative \u00dcbersichtsseite erstellen.<\/li>\n<li>Am 4. April erschien in taz und Neues Deutschland unsere bundesweite Zeitungsanzeige zum Ostermarsch. Am 2. April auch im Freitag. Hier findest Du alle weiteren Infos.<\/li>\n<\/ol>\n<\/li>\n<\/ol>\n<p>&lt; Stand: 10.04.2020, 14 Uhr &gt;<\/p>\n<\/div>\n","protected":false},"excerpt":{"rendered":"<p>Unsere Empfehlung f\u00fcr die Osterfeiertage 2020 (es folgt ein Text des Netzwerk Friedenskooperative mit zahlreichen Links auf die Aktionsseiten): Aufgrund der Corona-Krise finden die Osterm\u00e4rsche 2020 nicht wie gewohnt statt. Der Protest wird dieses&#46;&#46;&#46;<\/p>\n","protected":false},"author":110,"featured_media":14877,"comment_status":"open","ping_status":"open","sticky":false,"template":"","format":"standard","meta":{"footnotes":""},"categories":[2,116],"tags":[181,180],"class_list":["post-14874","post","type-post","status-publish","format-standard","has-post-thumbnail","hentry","category-aktionen","category-aufruf","tag-kundgebung","tag-ostermarsch"],"_links":{"self":[{"href":"https:\/\/www.friedenkoeln.de\/index.php?rest_route=\/wp\/v2\/posts\/14874","targetHints":{"allow":["GET"]}}],"collection":[{"href":"https:\/\/www.friedenkoeln.de\/index.php?rest_route=\/wp\/v2\/posts"}],"about":[{"href":"https:\/\/www.friedenkoeln.de\/index.php?rest_route=\/wp\/v2\/types\/post"}],"author":[{"embeddable":true,"href":"https:\/\/www.friedenkoeln.de\/index.php?rest_route=\/wp\/v2\/users\/110"}],"replies":[{"embeddable":true,"href":"https:\/\/www.friedenkoeln.de\/index.php?rest_route=%2Fwp%2Fv2%2Fcomments&post=14874"}],"version-history":[{"count":2,"href":"https:\/\/www.friedenkoeln.de\/index.php?rest_route=\/wp\/v2\/posts\/14874\/revisions"}],"predecessor-version":[{"id":14876,"href":"https:\/\/www.friedenkoeln.de\/index.php?rest_route=\/wp\/v2\/posts\/14874\/revisions\/14876"}],"wp:featuredmedia":[{"embeddable":true,"href":"https:\/\/www.friedenkoeln.de\/index.php?rest_route=\/wp\/v2\/media\/14877"}],"wp:attachment":[{"href":"https:\/\/www.friedenkoeln.de\/index.php?rest_route=%2Fwp%2Fv2%2Fmedia&parent=14874"}],"wp:term":[{"taxonomy":"category","embeddable":true,"href":"https:\/\/www.friedenkoeln.de\/index.php?rest_route=%2Fwp%2Fv2%2Fcategories&post=14874"},{"taxonomy":"post_tag","embeddable":true,"href":"https:\/\/www.friedenkoeln.de\/index.php?rest_route=%2Fwp%2Fv2%2Ftags&post=14874"}],"curies":[{"name":"wp","href":"https:\/\/api.w.org\/{rel}","templated":true}]}}