{"id":14891,"date":"2020-04-17T22:43:25","date_gmt":"2020-04-17T20:43:25","guid":{"rendered":"https:\/\/www.friedenkoeln.de\/?p=14891"},"modified":"2020-04-17T22:46:35","modified_gmt":"2020-04-17T20:46:35","slug":"osterspaziergaengerinnen-waren-in-koeln-auch-ohne-kundgebung-fuer-den-frieden-unterwegs","status":"publish","type":"post","link":"https:\/\/www.friedenkoeln.de\/?p=14891","title":{"rendered":"Osterspazierg\u00e4ngerinnen waren in K\u00f6ln auch ohne Kundgebung f\u00fcr den Frieden unterwegs"},"content":{"rendered":"<p>Da der am 11.4.2020 geplante <a href=\"https:\/\/www.friedenkoeln.de\/?p=14867\">K\u00f6lner Osterspaziergang nicht stattfinden<\/a> konnte, entschieden sich einige K\u00f6lner Friedensfreund*innen, das sch\u00f6ne Wetter zu einem Spaziergang oder eine Radtour mit politischer Meinungs\u00e4u\u00dferung zu nutzen &#8211; Flaggen und Plakate lagen ja schon bereit.<\/p>\n<p><img loading=\"lazy\" decoding=\"async\" class=\"size-full wp-image-14893 aligncenter\" src=\"https:\/\/www.friedenkoeln.de\/wp-content\/uploads\/2020\/04\/IMG_7483-rotated.jpg\" alt=\"\" width=\"480\" height=\"640\" srcset=\"https:\/\/www.friedenkoeln.de\/wp-content\/uploads\/2020\/04\/IMG_7483-rotated.jpg 480w, https:\/\/www.friedenkoeln.de\/wp-content\/uploads\/2020\/04\/IMG_7483-113x150.jpg 113w\" sizes=\"auto, (max-width: 480px) 100vw, 480px\" \/> <img loading=\"lazy\" decoding=\"async\" class=\"size-full wp-image-14894 aligncenter\" src=\"https:\/\/www.friedenkoeln.de\/wp-content\/uploads\/2020\/04\/IMG_7484-rotated.jpg\" alt=\"\" width=\"480\" height=\"640\" srcset=\"https:\/\/www.friedenkoeln.de\/wp-content\/uploads\/2020\/04\/IMG_7484-rotated.jpg 480w, https:\/\/www.friedenkoeln.de\/wp-content\/uploads\/2020\/04\/IMG_7484-113x150.jpg 113w\" sizes=\"auto, (max-width: 480px) 100vw, 480px\" \/><\/p>\n<div id=\"attachment_14895\" style=\"width: 1930px\" class=\"wp-caption alignnone\"><img loading=\"lazy\" decoding=\"async\" aria-describedby=\"caption-attachment-14895\" class=\"size-full wp-image-14895\" src=\"https:\/\/www.friedenkoeln.de\/wp-content\/uploads\/2020\/04\/20200411_114017-scaled.jpg\" alt=\"\" width=\"1920\" height=\"2560\" srcset=\"https:\/\/www.friedenkoeln.de\/wp-content\/uploads\/2020\/04\/20200411_114017-scaled.jpg 1920w, https:\/\/www.friedenkoeln.de\/wp-content\/uploads\/2020\/04\/20200411_114017-113x150.jpg 113w, https:\/\/www.friedenkoeln.de\/wp-content\/uploads\/2020\/04\/20200411_114017-768x1024.jpg 768w, https:\/\/www.friedenkoeln.de\/wp-content\/uploads\/2020\/04\/20200411_114017-1152x1536.jpg 1152w, https:\/\/www.friedenkoeln.de\/wp-content\/uploads\/2020\/04\/20200411_114017-1536x2048.jpg 1536w\" sizes=\"auto, (max-width: 1920px) 100vw, 1920px\" \/><p id=\"caption-attachment-14895\" class=\"wp-caption-text\">Gewerkschafterin Beate Hane-Knoll beim Osterspaziergang am 11.4.2020 am Rheinufer in K\u00f6ln: &#8222;Mehr Geld f\u00fcr Gesundheit statt R\u00fcstung!&#8220;. Foto: privat<\/p><\/div>\n<div id=\"attachment_14896\" style=\"width: 2570px\" class=\"wp-caption aligncenter\"><img loading=\"lazy\" decoding=\"async\" aria-describedby=\"caption-attachment-14896\" class=\"size-full wp-image-14896\" src=\"https:\/\/www.friedenkoeln.de\/wp-content\/uploads\/2020\/04\/Snowden-scaled.jpg\" alt=\"\" width=\"2560\" height=\"1438\" srcset=\"https:\/\/www.friedenkoeln.de\/wp-content\/uploads\/2020\/04\/Snowden-scaled.jpg 2560w, https:\/\/www.friedenkoeln.de\/wp-content\/uploads\/2020\/04\/Snowden-150x84.jpg 150w, https:\/\/www.friedenkoeln.de\/wp-content\/uploads\/2020\/04\/Snowden-768x431.jpg 768w, https:\/\/www.friedenkoeln.de\/wp-content\/uploads\/2020\/04\/Snowden-1536x863.jpg 1536w, https:\/\/www.friedenkoeln.de\/wp-content\/uploads\/2020\/04\/Snowden-2048x1150.jpg 2048w\" sizes=\"auto, (max-width: 2560px) 100vw, 2560px\" \/><p id=\"caption-attachment-14896\" class=\"wp-caption-text\">Osterspaziergang mit Friedensbotschaft: &#8222;Edward Snowden: &#8222;Corona ist gef\u00e4hrlich, aber tempor\u00e4r. Der Verlust der Grundrechte ist t\u00f6dlich.&#8220; Diskussion mit Polizist*in auf dem Heinrich-B\u00f6ll-Platz am 11.4.2020. Foto: privat<\/p><\/div>\n<div id=\"attachment_14898\" style=\"width: 2570px\" class=\"wp-caption aligncenter\"><img loading=\"lazy\" decoding=\"async\" aria-describedby=\"caption-attachment-14898\" class=\"size-full wp-image-14898\" src=\"https:\/\/www.friedenkoeln.de\/wp-content\/uploads\/2020\/04\/Versammlungsverbots-Belehrung-Straftat-scaled.jpg\" alt=\"Eine wei\u00dfhaarige Dame h\u00e4lt ein Plakat vor sich und redet engagiert mit einem Polizisten, der ihr gemeinsam mit einer Kollegin gegen\u00fcbersteht. Im Hintergrund Polizei-Mannschaftswagen.\" width=\"2560\" height=\"1438\" srcset=\"https:\/\/www.friedenkoeln.de\/wp-content\/uploads\/2020\/04\/Versammlungsverbots-Belehrung-Straftat-scaled.jpg 2560w, https:\/\/www.friedenkoeln.de\/wp-content\/uploads\/2020\/04\/Versammlungsverbots-Belehrung-Straftat-150x84.jpg 150w, https:\/\/www.friedenkoeln.de\/wp-content\/uploads\/2020\/04\/Versammlungsverbots-Belehrung-Straftat-768x431.jpg 768w, https:\/\/www.friedenkoeln.de\/wp-content\/uploads\/2020\/04\/Versammlungsverbots-Belehrung-Straftat-1536x863.jpg 1536w, https:\/\/www.friedenkoeln.de\/wp-content\/uploads\/2020\/04\/Versammlungsverbots-Belehrung-Straftat-2048x1150.jpg 2048w\" sizes=\"auto, (max-width: 2560px) 100vw, 2560px\" \/><p id=\"caption-attachment-14898\" class=\"wp-caption-text\">Osterspaziergang mit Friedensbotschaft: &#8222;Edward Snowden: &#8222;Corona ist gef\u00e4hrlich, aber tempor\u00e4r. Der Verlust der Grundrechte ist t\u00f6dlich.&#8220; Diskussion mit Polizist*in auf dem Heinrich-B\u00f6ll-Platz am 11.4.2020. Foto: privat<\/p><\/div>\n<p><img loading=\"lazy\" decoding=\"async\" class=\"size-full wp-image-14897 aligncenter\" src=\"https:\/\/www.friedenkoeln.de\/wp-content\/uploads\/2020\/04\/Pace-Fahne-scaled.jpg\" alt=\"\" width=\"2560\" height=\"1438\" srcset=\"https:\/\/www.friedenkoeln.de\/wp-content\/uploads\/2020\/04\/Pace-Fahne-scaled.jpg 2560w, https:\/\/www.friedenkoeln.de\/wp-content\/uploads\/2020\/04\/Pace-Fahne-150x84.jpg 150w, https:\/\/www.friedenkoeln.de\/wp-content\/uploads\/2020\/04\/Pace-Fahne-768x431.jpg 768w, https:\/\/www.friedenkoeln.de\/wp-content\/uploads\/2020\/04\/Pace-Fahne-1536x863.jpg 1536w, https:\/\/www.friedenkoeln.de\/wp-content\/uploads\/2020\/04\/Pace-Fahne-2048x1150.jpg 2048w\" sizes=\"auto, (max-width: 2560px) 100vw, 2560px\" \/><\/p>\n<div class=\"mceTemp\"><\/div>\n<p><img loading=\"lazy\" decoding=\"async\" class=\"size-full wp-image-14899 aligncenter\" src=\"https:\/\/www.friedenkoeln.de\/wp-content\/uploads\/2020\/04\/IMG_7501.jpg\" alt=\"Zwei Giebelfenster: eines mit der blauen DFG-VK-Flagge beh\u00e4ngt, aus einem anderen schaut fr\u00f6hlich ein \u00e4lterer Mann und winkt.\" width=\"640\" height=\"480\" srcset=\"https:\/\/www.friedenkoeln.de\/wp-content\/uploads\/2020\/04\/IMG_7501.jpg 640w, https:\/\/www.friedenkoeln.de\/wp-content\/uploads\/2020\/04\/IMG_7501-150x113.jpg 150w\" sizes=\"auto, (max-width: 640px) 100vw, 640px\" \/> <img loading=\"lazy\" decoding=\"async\" class=\"size-full wp-image-14901 aligncenter\" src=\"https:\/\/www.friedenkoeln.de\/wp-content\/uploads\/2020\/04\/IMG_20200412_193053931-scaled.jpg\" alt=\"\" width=\"2560\" height=\"1440\" srcset=\"https:\/\/www.friedenkoeln.de\/wp-content\/uploads\/2020\/04\/IMG_20200412_193053931-scaled.jpg 2560w, https:\/\/www.friedenkoeln.de\/wp-content\/uploads\/2020\/04\/IMG_20200412_193053931-150x84.jpg 150w, https:\/\/www.friedenkoeln.de\/wp-content\/uploads\/2020\/04\/IMG_20200412_193053931-768x432.jpg 768w, https:\/\/www.friedenkoeln.de\/wp-content\/uploads\/2020\/04\/IMG_20200412_193053931-1536x864.jpg 1536w, https:\/\/www.friedenkoeln.de\/wp-content\/uploads\/2020\/04\/IMG_20200412_193053931-2048x1152.jpg 2048w\" sizes=\"auto, (max-width: 2560px) 100vw, 2560px\" \/> <img loading=\"lazy\" decoding=\"async\" class=\"size-full wp-image-14902 aligncenter\" src=\"https:\/\/www.friedenkoeln.de\/wp-content\/uploads\/2020\/04\/IMG_20200412_131714648-scaled.jpg\" alt=\"\" width=\"2560\" height=\"1440\" srcset=\"https:\/\/www.friedenkoeln.de\/wp-content\/uploads\/2020\/04\/IMG_20200412_131714648-scaled.jpg 2560w, https:\/\/www.friedenkoeln.de\/wp-content\/uploads\/2020\/04\/IMG_20200412_131714648-150x84.jpg 150w, https:\/\/www.friedenkoeln.de\/wp-content\/uploads\/2020\/04\/IMG_20200412_131714648-768x432.jpg 768w, https:\/\/www.friedenkoeln.de\/wp-content\/uploads\/2020\/04\/IMG_20200412_131714648-1536x864.jpg 1536w, https:\/\/www.friedenkoeln.de\/wp-content\/uploads\/2020\/04\/IMG_20200412_131714648-2048x1152.jpg 2048w\" sizes=\"auto, (max-width: 2560px) 100vw, 2560px\" \/> <img loading=\"lazy\" decoding=\"async\" class=\"size-full wp-image-14903 aligncenter\" src=\"https:\/\/www.friedenkoeln.de\/wp-content\/uploads\/2020\/04\/IMG_20200409_173041739_HDR-scaled.jpg\" alt=\"\" width=\"2560\" height=\"1440\" srcset=\"https:\/\/www.friedenkoeln.de\/wp-content\/uploads\/2020\/04\/IMG_20200409_173041739_HDR-scaled.jpg 2560w, https:\/\/www.friedenkoeln.de\/wp-content\/uploads\/2020\/04\/IMG_20200409_173041739_HDR-150x84.jpg 150w, https:\/\/www.friedenkoeln.de\/wp-content\/uploads\/2020\/04\/IMG_20200409_173041739_HDR-768x432.jpg 768w, https:\/\/www.friedenkoeln.de\/wp-content\/uploads\/2020\/04\/IMG_20200409_173041739_HDR-1536x864.jpg 1536w, https:\/\/www.friedenkoeln.de\/wp-content\/uploads\/2020\/04\/IMG_20200409_173041739_HDR-2048x1152.jpg 2048w\" sizes=\"auto, (max-width: 2560px) 100vw, 2560px\" \/> <img loading=\"lazy\" decoding=\"async\" class=\"size-full wp-image-14904 aligncenter\" src=\"https:\/\/www.friedenkoeln.de\/wp-content\/uploads\/2020\/04\/IMG_20200412_115732756-scaled.jpg\" alt=\"\" width=\"2560\" height=\"1440\" srcset=\"https:\/\/www.friedenkoeln.de\/wp-content\/uploads\/2020\/04\/IMG_20200412_115732756-scaled.jpg 2560w, https:\/\/www.friedenkoeln.de\/wp-content\/uploads\/2020\/04\/IMG_20200412_115732756-150x84.jpg 150w, https:\/\/www.friedenkoeln.de\/wp-content\/uploads\/2020\/04\/IMG_20200412_115732756-768x432.jpg 768w, https:\/\/www.friedenkoeln.de\/wp-content\/uploads\/2020\/04\/IMG_20200412_115732756-1536x864.jpg 1536w, https:\/\/www.friedenkoeln.de\/wp-content\/uploads\/2020\/04\/IMG_20200412_115732756-2048x1152.jpg 2048w\" sizes=\"auto, (max-width: 2560px) 100vw, 2560px\" \/> <img loading=\"lazy\" decoding=\"async\" class=\"size-full wp-image-14905 aligncenter\" src=\"https:\/\/www.friedenkoeln.de\/wp-content\/uploads\/2020\/04\/IMG_20200412_123750296-scaled.jpg\" alt=\"\" width=\"2560\" height=\"1440\" srcset=\"https:\/\/www.friedenkoeln.de\/wp-content\/uploads\/2020\/04\/IMG_20200412_123750296-scaled.jpg 2560w, https:\/\/www.friedenkoeln.de\/wp-content\/uploads\/2020\/04\/IMG_20200412_123750296-150x84.jpg 150w, https:\/\/www.friedenkoeln.de\/wp-content\/uploads\/2020\/04\/IMG_20200412_123750296-768x432.jpg 768w, https:\/\/www.friedenkoeln.de\/wp-content\/uploads\/2020\/04\/IMG_20200412_123750296-1536x864.jpg 1536w, https:\/\/www.friedenkoeln.de\/wp-content\/uploads\/2020\/04\/IMG_20200412_123750296-2048x1152.jpg 2048w\" sizes=\"auto, (max-width: 2560px) 100vw, 2560px\" \/> <img loading=\"lazy\" decoding=\"async\" class=\"size-full wp-image-14907 aligncenter\" src=\"https:\/\/www.friedenkoeln.de\/wp-content\/uploads\/2020\/04\/IMG_20200412_125047947-scaled.jpg\" alt=\"\" width=\"2560\" height=\"1440\" srcset=\"https:\/\/www.friedenkoeln.de\/wp-content\/uploads\/2020\/04\/IMG_20200412_125047947-scaled.jpg 2560w, https:\/\/www.friedenkoeln.de\/wp-content\/uploads\/2020\/04\/IMG_20200412_125047947-150x84.jpg 150w, https:\/\/www.friedenkoeln.de\/wp-content\/uploads\/2020\/04\/IMG_20200412_125047947-768x432.jpg 768w, https:\/\/www.friedenkoeln.de\/wp-content\/uploads\/2020\/04\/IMG_20200412_125047947-1536x864.jpg 1536w, https:\/\/www.friedenkoeln.de\/wp-content\/uploads\/2020\/04\/IMG_20200412_125047947-2048x1152.jpg 2048w\" sizes=\"auto, (max-width: 2560px) 100vw, 2560px\" \/><\/p>\n<p>Au\u00dferdem nahmen einige am &#8222;Virtuellen Ostermarsch 2020&#8220; teil. Hier ist ein <a href=\"https:\/\/www.youtube.com\/watch?v=WmAfJzm9yYk&amp;feature=youtu.be\">Video-R\u00fcckblick (2&#8217;39&#8220; auf Youtube)<\/a>.<\/p>\n","protected":false},"excerpt":{"rendered":"<p>Da der am 11.4.2020 geplante K\u00f6lner Osterspaziergang nicht stattfinden konnte, entschieden sich einige K\u00f6lner Friedensfreund*innen, das sch\u00f6ne Wetter zu einem Spaziergang oder eine Radtour mit politischer Meinungs\u00e4u\u00dferung zu nutzen &#8211; Flaggen und Plakate lagen&#46;&#46;&#46;<\/p>\n","protected":false},"author":110,"featured_media":14895,"comment_status":"open","ping_status":"open","sticky":false,"template":"","format":"standard","meta":{"footnotes":""},"categories":[105],"tags":[42,113,147,182,180],"class_list":["post-14891","post","type-post","status-publish","format-standard","has-post-thumbnail","hentry","category-bericht","tag-abruestung","tag-buergerrechte","tag-gesundheitswesen","tag-meinungsfreiheit","tag-ostermarsch"],"_links":{"self":[{"href":"https:\/\/www.friedenkoeln.de\/index.php?rest_route=\/wp\/v2\/posts\/14891","targetHints":{"allow":["GET"]}}],"collection":[{"href":"https:\/\/www.friedenkoeln.de\/index.php?rest_route=\/wp\/v2\/posts"}],"about":[{"href":"https:\/\/www.friedenkoeln.de\/index.php?rest_route=\/wp\/v2\/types\/post"}],"author":[{"embeddable":true,"href":"https:\/\/www.friedenkoeln.de\/index.php?rest_route=\/wp\/v2\/users\/110"}],"replies":[{"embeddable":true,"href":"https:\/\/www.friedenkoeln.de\/index.php?rest_route=%2Fwp%2Fv2%2Fcomments&post=14891"}],"version-history":[{"count":6,"href":"https:\/\/www.friedenkoeln.de\/index.php?rest_route=\/wp\/v2\/posts\/14891\/revisions"}],"predecessor-version":[{"id":14912,"href":"https:\/\/www.friedenkoeln.de\/index.php?rest_route=\/wp\/v2\/posts\/14891\/revisions\/14912"}],"wp:featuredmedia":[{"embeddable":true,"href":"https:\/\/www.friedenkoeln.de\/index.php?rest_route=\/wp\/v2\/media\/14895"}],"wp:attachment":[{"href":"https:\/\/www.friedenkoeln.de\/index.php?rest_route=%2Fwp%2Fv2%2Fmedia&parent=14891"}],"wp:term":[{"taxonomy":"category","embeddable":true,"href":"https:\/\/www.friedenkoeln.de\/index.php?rest_route=%2Fwp%2Fv2%2Fcategories&post=14891"},{"taxonomy":"post_tag","embeddable":true,"href":"https:\/\/www.friedenkoeln.de\/index.php?rest_route=%2Fwp%2Fv2%2Ftags&post=14891"}],"curies":[{"name":"wp","href":"https:\/\/api.w.org\/{rel}","templated":true}]}}