{"id":14927,"date":"2020-04-25T07:00:44","date_gmt":"2020-04-25T05:00:44","guid":{"rendered":"https:\/\/www.friedenkoeln.de\/?p=14927"},"modified":"2020-04-24T22:17:32","modified_gmt":"2020-04-24T20:17:32","slug":"findet-statt-multiplikatorinnenschulung-fuer-sicherheit-neu-denken","status":"publish","type":"post","link":"https:\/\/www.friedenkoeln.de\/?p=14927","title":{"rendered":"Findet statt: Multiplikator*innenschulung f\u00fcr &#8222;Sicherheit neu denken&#8220;!"},"content":{"rendered":"<p><em>Zwei erfreuliche Nachrichten:<\/em><\/p>\n<p>Die Schulung von Multiplikator*innen f\u00fcr das Szenario &#8222;Sicherheit neu denken&#8220; mit Ralf Becker und Birgit Lehmann am 8. und 9. Mai 2020 wird nicht pandemiebedingt verschoben, sondern findet statt.\u00a0Die Veranstaltung wird wegen der geltenden Infektionsschutzregeln als anderthalbt\u00e4giges Webinar angeboten und ist schon voll besetzt.<\/p>\n<p>Wer gerne teilnehmen m\u00f6chte, kann sich schon f\u00fcr das inhaltsgleiche n\u00e4chste Seminar anmelden, das<\/p>\n<p style=\"text-align: center;\"><strong>am 4.\/5. September &#8211; wenn m\u00f6glich &#8211; als Pr\u00e4senzveranstaltung in K\u00f6ln<\/strong><\/p>\n<p style=\"text-align: left;\">in der Planung ist.<\/p>\n<p>N\u00e4here Ausk\u00fcnfte erteilen die Initiative &#8222;Sicherheit neu denken&#8220; (<a href=\"https:\/\/www.ekiba.de\/html\/content\/szenario_sicherheit_neu_denken.html\">Projektkoordinator Ralf Becker<\/a>) und das Katholische Bildungswerk K\u00f6ln (<a href=\"https:\/\/bildung.erzbistum-koeln.de\/bw-koeln\/kontakt\/team\/\">Stellvertretender Leiter Rainer Will<\/a>).<\/p>\n<p><img loading=\"lazy\" decoding=\"async\" class=\"alignnone size-full wp-image-14744\" src=\"https:\/\/www.friedenkoeln.de\/wp-content\/uploads\/2020\/03\/Schulung-Sicherheit-neu-denken-K\u00f6ln-scaled.jpg\" alt=\"\" width=\"1810\" height=\"2560\" srcset=\"https:\/\/www.friedenkoeln.de\/wp-content\/uploads\/2020\/03\/Schulung-Sicherheit-neu-denken-K\u00f6ln-scaled.jpg 1810w, https:\/\/www.friedenkoeln.de\/wp-content\/uploads\/2020\/03\/Schulung-Sicherheit-neu-denken-K\u00f6ln-106x150.jpg 106w, https:\/\/www.friedenkoeln.de\/wp-content\/uploads\/2020\/03\/Schulung-Sicherheit-neu-denken-K\u00f6ln-768x1086.jpg 768w, https:\/\/www.friedenkoeln.de\/wp-content\/uploads\/2020\/03\/Schulung-Sicherheit-neu-denken-K\u00f6ln-1086x1536.jpg 1086w, https:\/\/www.friedenkoeln.de\/wp-content\/uploads\/2020\/03\/Schulung-Sicherheit-neu-denken-K\u00f6ln-1448x2048.jpg 1448w\" sizes=\"auto, (max-width: 1810px) 100vw, 1810px\" \/><\/p>\n","protected":false},"excerpt":{"rendered":"<p>Zwei erfreuliche Nachrichten: Die Schulung von Multiplikator*innen f\u00fcr das Szenario &#8222;Sicherheit neu denken&#8220; mit Ralf Becker und Birgit Lehmann am 8. und 9. Mai 2020 wird nicht pandemiebedingt verschoben, sondern findet statt.\u00a0Die Veranstaltung wird&#46;&#46;&#46;<\/p>\n","protected":false},"author":110,"featured_media":14744,"comment_status":"open","ping_status":"open","sticky":false,"template":"","format":"standard","meta":{"footnotes":""},"categories":[104,158],"tags":[42,126,144],"class_list":["post-14927","post","type-post","status-publish","format-standard","has-post-thumbnail","hentry","category-ankuendigung","category-flyer","tag-abruestung","tag-bildung","tag-sicherheitspolitik"],"_links":{"self":[{"href":"https:\/\/www.friedenkoeln.de\/index.php?rest_route=\/wp\/v2\/posts\/14927","targetHints":{"allow":["GET"]}}],"collection":[{"href":"https:\/\/www.friedenkoeln.de\/index.php?rest_route=\/wp\/v2\/posts"}],"about":[{"href":"https:\/\/www.friedenkoeln.de\/index.php?rest_route=\/wp\/v2\/types\/post"}],"author":[{"embeddable":true,"href":"https:\/\/www.friedenkoeln.de\/index.php?rest_route=\/wp\/v2\/users\/110"}],"replies":[{"embeddable":true,"href":"https:\/\/www.friedenkoeln.de\/index.php?rest_route=%2Fwp%2Fv2%2Fcomments&post=14927"}],"version-history":[{"count":3,"href":"https:\/\/www.friedenkoeln.de\/index.php?rest_route=\/wp\/v2\/posts\/14927\/revisions"}],"predecessor-version":[{"id":14930,"href":"https:\/\/www.friedenkoeln.de\/index.php?rest_route=\/wp\/v2\/posts\/14927\/revisions\/14930"}],"wp:featuredmedia":[{"embeddable":true,"href":"https:\/\/www.friedenkoeln.de\/index.php?rest_route=\/wp\/v2\/media\/14744"}],"wp:attachment":[{"href":"https:\/\/www.friedenkoeln.de\/index.php?rest_route=%2Fwp%2Fv2%2Fmedia&parent=14927"}],"wp:term":[{"taxonomy":"category","embeddable":true,"href":"https:\/\/www.friedenkoeln.de\/index.php?rest_route=%2Fwp%2Fv2%2Fcategories&post=14927"},{"taxonomy":"post_tag","embeddable":true,"href":"https:\/\/www.friedenkoeln.de\/index.php?rest_route=%2Fwp%2Fv2%2Ftags&post=14927"}],"curies":[{"name":"wp","href":"https:\/\/api.w.org\/{rel}","templated":true}]}}