{"id":14945,"date":"2020-05-03T17:07:27","date_gmt":"2020-05-03T15:07:27","guid":{"rendered":"https:\/\/www.friedenkoeln.de\/?p=14945"},"modified":"2020-08-15T21:26:55","modified_gmt":"2020-08-15T19:26:55","slug":"zum-nachhoeren-swr-reportage-senioren-gegen-atomwaffen-fuenf-widerstaendige-alte-und-ihr-protest","status":"publish","type":"post","link":"https:\/\/www.friedenkoeln.de\/?p=14945","title":{"rendered":"Zum Nachh\u00f6ren: SWR-Reportage &#8222;Senioren gegen Atomwaffen \u2013 F\u00fcnf widerst\u00e4ndige Alte und ihr Protest&#8220;"},"content":{"rendered":"<div class=\"aquarium aquarium-panoramateaser\" role=\"banner\">\n<div class=\"container\">\n<header>\n<h4 class=\"hgroup\">Senioren gegen Atomwaffen \u2013 F\u00fcnf widerst\u00e4ndige Alte und ihr Protest<\/h4>\n<\/header>\n<\/div>\n<\/div>\n<div class=\"container\">\n<blockquote>\n<div class=\"meta meta-top\">F\u00fcnf Senioren, zwischen 67 und 79, haben 2018 die Startbahn des Fliegerhorst B\u00fcchel blockiert.\u00a0Mit ihrer Aktion wollte die Prozessgruppe &#8222;Widerst\u00e4ndige Alte&#8220; den Start eines Tornados verhindern und so gegen die US-Atomwaffen protestieren. In B\u00fcchel sollen etwa 20 US-Atomsprengk\u00f6pfe lagern.\u00a0Das Gericht hat sie wegen &#8222;Hausfriedensbruch&#8220; zu 30 Tagess\u00e4tzen Strafe verurteilt. Die wollen sie aber nicht akzeptieren. Sie berufen sich auf &#8222;h\u00f6heres Recht&#8220; und wollen im Extremfall ins Gef\u00e4ngnis gehen.<\/div>\n<\/blockquote>\n<div>Das schreibt der SWR \u00fcber die am 30.4.2020 gesendete H\u00f6rfunkreportage der Journalistin Christine Werner. Unser Mitglied Ariane Dettloff geh\u00f6rt zu den &#8222;widerst\u00e4ndigen Alte&#8220; und kommt in der Sendung zu Wort.<\/div>\n<\/div>\n<div><\/div>\n<div>Hier kann man die 24 Minuten lange Reportage <a href=\"https:\/\/www.swr.de\/swr2\/leben-und-gesellschaft\/gegen-atomwaffen-fuenf-widerstaendige-alte-und-ihr-protest-100.html\">nachh\u00f6ren<\/a> oder nachlesen (<a href=\"https:\/\/www.friedenkoeln.de\/wp-content\/uploads\/2020\/05\/Christine-Werner_Senioren-gegen-Atomwaffen_Widerst\u00e4ndige-Alte_SWR2-Leben_2020-04-30_copyright.pdf\">Skript zum Download<\/a>\u00a0&#8211; mit Dank an Christine Werner). Sehr informativ und ber\u00fchrend!<\/div>\n<div><\/div>\n<div>\n<div id=\"attachment_14665\" style=\"width: 2570px\" class=\"wp-caption aligncenter\"><img loading=\"lazy\" decoding=\"async\" aria-describedby=\"caption-attachment-14665\" class=\"size-full wp-image-14665\" src=\"https:\/\/www.friedenkoeln.de\/wp-content\/uploads\/2020\/02\/DSC_0212-scaled.jpg\" alt=\"F\u00fcnf \u00e4ltere Menschen halten jeweils einen bunten Regenschirm hinter sich, w\u00e4hrend sie gemeinsam ein gro\u00dfes wei\u00dfes Tuchtransparent tragen, auf dem mit bunten Farben steht &quot;Widerst\u00e4ndige Alte klagen an: ATOMWAFFEN JETZT ABSCHAFFEN!\" width=\"2560\" height=\"1707\" srcset=\"https:\/\/www.friedenkoeln.de\/wp-content\/uploads\/2020\/02\/DSC_0212-scaled.jpg 2560w, https:\/\/www.friedenkoeln.de\/wp-content\/uploads\/2020\/02\/DSC_0212-150x100.jpg 150w, https:\/\/www.friedenkoeln.de\/wp-content\/uploads\/2020\/02\/DSC_0212-768x512.jpg 768w, https:\/\/www.friedenkoeln.de\/wp-content\/uploads\/2020\/02\/DSC_0212-1536x1024.jpg 1536w, https:\/\/www.friedenkoeln.de\/wp-content\/uploads\/2020\/02\/DSC_0212-2048x1365.jpg 2048w\" sizes=\"auto, (max-width: 2560px) 100vw, 2560px\" \/><p id=\"caption-attachment-14665\" class=\"wp-caption-text\">Die &#8222;Widerst\u00e4ndigen Alten&#8220; bei der Mahnwache vor dem Landgericht Koblenz am 19.2.2020 (v.l.n.r.): Ernst-Ludwig Iskenius, Susanne Gro\u00dfmann, Herbert R\u00f6mpp, Brigitte Janus, Ariane Dettloff. Foto: Stefanie Intveen<\/p><\/div>\n<\/div>\n","protected":false},"excerpt":{"rendered":"<p>Senioren gegen Atomwaffen \u2013 F\u00fcnf widerst\u00e4ndige Alte und ihr Protest F\u00fcnf Senioren, zwischen 67 und 79, haben 2018 die Startbahn des Fliegerhorst B\u00fcchel blockiert.\u00a0Mit ihrer Aktion wollte die Prozessgruppe &#8222;Widerst\u00e4ndige Alte&#8220; den Start eines&#46;&#46;&#46;<\/p>\n","protected":false},"author":110,"featured_media":14665,"comment_status":"open","ping_status":"open","sticky":false,"template":"","format":"standard","meta":{"footnotes":""},"categories":[185],"tags":[33,112,99,80,91],"class_list":["post-14945","post","type-post","status-publish","format-standard","has-post-thumbnail","hentry","category-reportage","tag-atomwaffen","tag-atomwaffenverbotsvertrag","tag-menschenrechte","tag-rechtsprechung","tag-voelkerrecht"],"_links":{"self":[{"href":"https:\/\/www.friedenkoeln.de\/index.php?rest_route=\/wp\/v2\/posts\/14945","targetHints":{"allow":["GET"]}}],"collection":[{"href":"https:\/\/www.friedenkoeln.de\/index.php?rest_route=\/wp\/v2\/posts"}],"about":[{"href":"https:\/\/www.friedenkoeln.de\/index.php?rest_route=\/wp\/v2\/types\/post"}],"author":[{"embeddable":true,"href":"https:\/\/www.friedenkoeln.de\/index.php?rest_route=\/wp\/v2\/users\/110"}],"replies":[{"embeddable":true,"href":"https:\/\/www.friedenkoeln.de\/index.php?rest_route=%2Fwp%2Fv2%2Fcomments&post=14945"}],"version-history":[{"count":9,"href":"https:\/\/www.friedenkoeln.de\/index.php?rest_route=\/wp\/v2\/posts\/14945\/revisions"}],"predecessor-version":[{"id":15316,"href":"https:\/\/www.friedenkoeln.de\/index.php?rest_route=\/wp\/v2\/posts\/14945\/revisions\/15316"}],"wp:featuredmedia":[{"embeddable":true,"href":"https:\/\/www.friedenkoeln.de\/index.php?rest_route=\/wp\/v2\/media\/14665"}],"wp:attachment":[{"href":"https:\/\/www.friedenkoeln.de\/index.php?rest_route=%2Fwp%2Fv2%2Fmedia&parent=14945"}],"wp:term":[{"taxonomy":"category","embeddable":true,"href":"https:\/\/www.friedenkoeln.de\/index.php?rest_route=%2Fwp%2Fv2%2Fcategories&post=14945"},{"taxonomy":"post_tag","embeddable":true,"href":"https:\/\/www.friedenkoeln.de\/index.php?rest_route=%2Fwp%2Fv2%2Ftags&post=14945"}],"curies":[{"name":"wp","href":"https:\/\/api.w.org\/{rel}","templated":true}]}}