{"id":14959,"date":"2020-05-04T07:00:57","date_gmt":"2020-05-04T05:00:57","guid":{"rendered":"https:\/\/www.friedenkoeln.de\/?p=14959"},"modified":"2020-05-04T09:26:26","modified_gmt":"2020-05-04T07:26:26","slug":"koelner-oberbuergermeisterin-reker-schliesst-sich-solidaritaetsschreiben-an-russische-partnerstaedte-an","status":"publish","type":"post","link":"https:\/\/www.friedenkoeln.de\/?p=14959","title":{"rendered":"K\u00f6lner Oberb\u00fcrgermeisterin Reker schlie\u00dft sich Solidarit\u00e4tsschreiben an russische Partnerst\u00e4dte an"},"content":{"rendered":"<div id=\"attachment_11150\" style=\"width: 316px\" class=\"wp-caption alignright\"><img loading=\"lazy\" decoding=\"async\" aria-describedby=\"caption-attachment-11150\" class=\" wp-image-11150\" src=\"https:\/\/www.friedenkoeln.de\/wp-content\/uploads\/2017\/08\/OB-Henriette-Reker_Pressefoto-Stadt-K\u00f6ln_36-1_2017.png\" alt=\"Henriette Reker steht auf einer Treppe. Sie tr\u00e4gt eine dunkle gekn\u00f6pfte Jacke und eine schwarze Hose und l\u00e4chelt in die Kamera.\" width=\"306\" height=\"459\" srcset=\"https:\/\/www.friedenkoeln.de\/wp-content\/uploads\/2017\/08\/OB-Henriette-Reker_Pressefoto-Stadt-K\u00f6ln_36-1_2017.png 742w, https:\/\/www.friedenkoeln.de\/wp-content\/uploads\/2017\/08\/OB-Henriette-Reker_Pressefoto-Stadt-K\u00f6ln_36-1_2017-683x1024.png 683w\" sizes=\"auto, (max-width: 306px) 100vw, 306px\" \/><p id=\"caption-attachment-11150\" class=\"wp-caption-text\">Henriette Reker, Oberb\u00fcrgermeisterin der Stadt K\u00f6ln. Foto: Stadt K\u00f6ln<\/p><\/div>\n<p>Anl\u00e4sslich der Beendigung des Weltkrieges und des deutschen Faschismus am 8.\/9. Mai vor 75 Jahren schlie\u00dfen sich viele deutsche Gemeindeoberh\u00e4upter und Kommunen, darunter die K\u00f6lner Oberb\u00fcrgermeisterin Henriette Reker, einem <a href=\"https:\/\/www.friedenkoeln.de\/wp-content\/uploads\/2020\/05\/Soldarit-tsschreiben-an-russ-Partner-AKTUELL.pdf\">Offenen Brief an die russischen Partnerst\u00e4dten und -regionen<\/a> an, um ihre Solidarit\u00e4t auszudr\u00fccken. Wegen der CoViD-19-Pandemie k\u00f6nnen die meisten geplanten Gedenkfeiern nicht stattfinden. In dem Brief, der auf eine Initiative des Deutsch-Russischen Forums zur\u00fcckgeht, wird die Funktion von kommunalen und regionalen Partnerschaften als Br\u00fcckenbauer zwischen Ost und West in schwierigen Zeiten betont. Weiter hei\u00dft es:<\/p>\n<div class=\"page\" title=\"Page 1\">\n<div class=\"layoutArea\">\n<div class=\"column\">\n<blockquote><p>Wir m\u00f6chten Ihnen versichern, wie sehr uns daran gelegen ist, heute und in Zukunft Krisen mit Ihnen gemeinsam und solidarisch zu meistern. Im Kampf gegen das Corona-Virus d\u00fcrfen die Nationen nicht gegeneinander stehen. Das Virus kennt keine Grenzen. Gehen wir den Weg aus der Krise Seite an Seite \u2013 in der medizinischen Forschung, in der humanit\u00e4ren Hilfe und in Wirtschaft und Politik.<\/p><\/blockquote>\n<p>Die <a href=\"https:\/\/www.deutsch-russisches-forum.de\/portal\/wp-content\/uploads\/2020\/04\/Pressemitteilung-04-2020-Solidarit-tsschreiben-de.pdf\">Liste der Unterzeichner*innen (pdf zum Download beim Deutsch-Russischen Forum)<\/a>\u00a0wird noch aktualisiert.<\/p>\n<\/div>\n<\/div>\n<\/div>\n","protected":false},"excerpt":{"rendered":"<p>Anl\u00e4sslich der Beendigung des Weltkrieges und des deutschen Faschismus am 8.\/9. Mai vor 75 Jahren schlie\u00dfen sich viele deutsche Gemeindeoberh\u00e4upter und Kommunen, darunter die K\u00f6lner Oberb\u00fcrgermeisterin Henriette Reker, einem Offenen Brief an die russischen&#46;&#46;&#46;<\/p>\n","protected":false},"author":110,"featured_media":11150,"comment_status":"open","ping_status":"open","sticky":false,"template":"","format":"standard","meta":{"footnotes":""},"categories":[141],"tags":[45,61],"class_list":["post-14959","post","type-post","status-publish","format-standard","has-post-thumbnail","hentry","category-brief","tag-geschichte","tag-kommunale-friedensarbeit"],"_links":{"self":[{"href":"https:\/\/www.friedenkoeln.de\/index.php?rest_route=\/wp\/v2\/posts\/14959","targetHints":{"allow":["GET"]}}],"collection":[{"href":"https:\/\/www.friedenkoeln.de\/index.php?rest_route=\/wp\/v2\/posts"}],"about":[{"href":"https:\/\/www.friedenkoeln.de\/index.php?rest_route=\/wp\/v2\/types\/post"}],"author":[{"embeddable":true,"href":"https:\/\/www.friedenkoeln.de\/index.php?rest_route=\/wp\/v2\/users\/110"}],"replies":[{"embeddable":true,"href":"https:\/\/www.friedenkoeln.de\/index.php?rest_route=%2Fwp%2Fv2%2Fcomments&post=14959"}],"version-history":[{"count":3,"href":"https:\/\/www.friedenkoeln.de\/index.php?rest_route=\/wp\/v2\/posts\/14959\/revisions"}],"predecessor-version":[{"id":14963,"href":"https:\/\/www.friedenkoeln.de\/index.php?rest_route=\/wp\/v2\/posts\/14959\/revisions\/14963"}],"wp:featuredmedia":[{"embeddable":true,"href":"https:\/\/www.friedenkoeln.de\/index.php?rest_route=\/wp\/v2\/media\/11150"}],"wp:attachment":[{"href":"https:\/\/www.friedenkoeln.de\/index.php?rest_route=%2Fwp%2Fv2%2Fmedia&parent=14959"}],"wp:term":[{"taxonomy":"category","embeddable":true,"href":"https:\/\/www.friedenkoeln.de\/index.php?rest_route=%2Fwp%2Fv2%2Fcategories&post=14959"},{"taxonomy":"post_tag","embeddable":true,"href":"https:\/\/www.friedenkoeln.de\/index.php?rest_route=%2Fwp%2Fv2%2Ftags&post=14959"}],"curies":[{"name":"wp","href":"https:\/\/api.w.org\/{rel}","templated":true}]}}