{"id":14976,"date":"2020-05-08T12:26:33","date_gmt":"2020-05-08T10:26:33","guid":{"rendered":"https:\/\/www.friedenkoeln.de\/?p=14976"},"modified":"2020-05-08T16:34:40","modified_gmt":"2020-05-08T14:34:40","slug":"dfg-vk-gruppe-koeln-zum-8-mai-fuer-frieden-entspannungspolitik-und-abruestung","status":"publish","type":"post","link":"https:\/\/www.friedenkoeln.de\/?p=14976","title":{"rendered":"DFG-VK Gruppe K\u00f6ln zum 8. Mai: F\u00fcr Frieden, Entspannungspolitik und Abr\u00fcstung!"},"content":{"rendered":"<p><em>Unsere Erkl\u00e4rung zum 8. Mai:<\/em><\/p>\n<hr \/>\n<h4>F\u00fcr Frieden, Entspannungspolitik und Abr\u00fcstung!<\/h4>\n<h4>Krieg, Konfrontation und Aufr\u00fcstung stoppen!<\/h4>\n<p>Am 8. und 9. Mai begehen wir den 75. Jahrestag der Befreiung von Faschismus und Krieg.<\/p>\n<p>Am 8. Mai beteiligen wir uns an Spazierg\u00e4ngen zu den Gedenkst\u00e4tten im K\u00f6lner Stadtgebiet, zu denen die VVN-BdA aufgerufen hat und wir im K\u00f6lner Friedensforum gemeinsam einladen. Erg\u00e4nzend regen wir an, mit Blumen, Kerzen und Schildern auch zu weiteren Gedenkst\u00e4tten auf den Kalker und Porzer Friedhof oder zum Deserteursdenkmal\u00a0an der Burgmauer zu gehen.<\/p>\n<p>Zusammen mit dem Verein \u201eErinnern f\u00fcr die Zukunft\u201c und dem St\u00e4dtepartnerschaftsverein \u201eK\u00f6ln-Wolgograd\u201c treffen wir uns zu einer<\/p>\n<p style=\"text-align: center;\"><strong>Kundgebung auf dem Heumarkt in K\u00f6ln am 9.5.2020 um 11:00 Uhr<\/strong><\/p>\n<p>Als am 8. Mai 1945 endlich die Waffen schwiegen, lag Deutschland in Tr\u00fcmmern, und Millionen Menschen waren auf der Flucht. Der zweite Weltkrieg hatte weltweit mindestens 65 Millionen Tote gefordert. Er wurde in Osteuropa und der Sowjetunion in voller Absicht als Vernichtungskrieg gef\u00fchrt. Allein die Sowjetunion musste 27 Millionen Tote betrauern.<\/p>\n<div id=\"attachment_10873\" style=\"width: 334px\" class=\"wp-caption alignright\"><img loading=\"lazy\" decoding=\"async\" aria-describedby=\"caption-attachment-10873\" class=\" wp-image-10873\" src=\"https:\/\/www.friedenkoeln.de\/wp-content\/uploads\/2017\/05\/DSC_0288.jpg\" alt=\"Im Vordergrund sind wei\u00dfe Bl\u00fctendolden und Gr\u00e4ser im morgendlichen Sonnenlicht - im schattigen Hintergrund der hohe Sicherheitszaun und das Heck eines dahinter patrouillierenden Milit\u00e4rfahrzeugs.\" width=\"324\" height=\"486\" srcset=\"https:\/\/www.friedenkoeln.de\/wp-content\/uploads\/2017\/05\/DSC_0288.jpg 3072w, https:\/\/www.friedenkoeln.de\/wp-content\/uploads\/2017\/05\/DSC_0288-768x1152.jpg 768w, https:\/\/www.friedenkoeln.de\/wp-content\/uploads\/2017\/05\/DSC_0288-683x1024.jpg 683w\" sizes=\"auto, (max-width: 324px) 100vw, 324px\" \/><p id=\"caption-attachment-10873\" class=\"wp-caption-text\">Fr\u00fchlingsblumen in der Morgensonne vor dem Atombombenlager in B\u00fcchel \/ Eifel, Mai 2017. Foto: Stefanie Intveen.<\/p><\/div>\n<p>Wir treten f\u00fcr eine Welt des Friedens, der Gerechtigkeit und der Freiheit ein, doch leider sind wir davon weit entfernt. Krieg ist wieder zum Mittel der Politik geworden, und das Versprechen \u201enie wieder Krieg von deutschem Boden\u201c wird durch die Beteiligung an v\u00f6lkerrechtswidrigen Interventionen der Bundeswehr schon gewohnheitsm\u00e4\u00dfig gebrochen. Die Bundesregierung betrachtet manche Regionen Afrikas und Asiens offen als milit\u00e4rische Einflusszonen. Russland und China erscheinen als Konkurrenten der NATO-Staaten. Das erinnert an die \u201ePlatz an der Sonne\u201c-Rhetorik aus der Zeit vor dem Ersten Weltkrieg und beschw\u00f6rt gef\u00e4hrliche Konflikte herauf. Angesichts der Zerst\u00f6rungskraft moderner Waffensysteme und der Verletzlichkeit des Lebens d\u00fcrfen Gro\u00dfmachtkonflikte auf keinen Fall gewaltsam ausgetragen werden.<\/p>\n<p>Im Schatten der Coronavirus-Krise versucht das Bundesministerium der Verteidigung, ohne gesellschaftliche Debatte die Bundeswehr-Drohnen zu bewaffnen, sowie die 85 Tornado-Kampfbomber der Bundeswehr durch 93 neue Eurofighter zu ersetzen, und zus\u00e4tzlich noch einmal 45 F-18 Kampfflugzeuge aus den USA zu kaufen. Das soll Deutschland auch zuk\u00fcnftig in die Lage versetzen, US-amerikanische Atombomben abwerfen zu k\u00f6nnen (\u201eNukleare Teilhabe\u201c). Wir beklagen, dass die Regierungen es nicht vermocht haben, den Wahnsinn des \u201eGleichgewichts des Schreckens\u201c durch Atomwaffen zu beenden. Immer noch h\u00e4ngt das Damoklesschwert des Atomkriegs \u00fcber allen Menschen. Keine deutsche Regierung nach 1945 hat es gewagt, den Vernichtungskrieg der Nazis gutzuhei\u00dfen. Ist ein Krieg mit Atombomben nicht ebenfalls ein Vernichtungskrieg? Die hier stationierten B61-Bomben haben eine mehrfache Sprengkraft der Hiroshima-Bombe. Ihre Strahlung t\u00f6tet und verletzt noch nach Jahren und Jahrzehnten. Warum sollte ein Land, zumal eines mit dieser Geschichte, das Recht haben, eine Atombombe zu z\u00fcnden?<\/p>\n<div id=\"attachment_14981\" style=\"width: 527px\" class=\"wp-caption aligncenter\"><img loading=\"lazy\" decoding=\"async\" aria-describedby=\"caption-attachment-14981\" class=\" wp-image-14981\" src=\"https:\/\/www.friedenkoeln.de\/wp-content\/uploads\/2020\/05\/20200411-121a-scaled.jpg\" alt=\"Eine Frau mit blondem Kurzhaarschnitt, die von hinten zu sehen ist, h\u00e4lt ihr selbst beschriftetes Pappschild in die H\u00f6he.\" width=\"517\" height=\"290\" srcset=\"https:\/\/www.friedenkoeln.de\/wp-content\/uploads\/2020\/05\/20200411-121a-scaled.jpg 2560w, https:\/\/www.friedenkoeln.de\/wp-content\/uploads\/2020\/05\/20200411-121a-150x84.jpg 150w, https:\/\/www.friedenkoeln.de\/wp-content\/uploads\/2020\/05\/20200411-121a-768x432.jpg 768w, https:\/\/www.friedenkoeln.de\/wp-content\/uploads\/2020\/05\/20200411-121a-1536x864.jpg 1536w, https:\/\/www.friedenkoeln.de\/wp-content\/uploads\/2020\/05\/20200411-121a-2048x1152.jpg 2048w\" sizes=\"auto, (max-width: 517px) 100vw, 517px\" \/><p id=\"caption-attachment-14981\" class=\"wp-caption-text\">&#8222;Irrsinn pur. 30 Atombomber. 90 Eurofighter. 15 F-18. Krank.&#8220;, 11.4.2020 K\u00f6ln, 60 Jahre Ostermarsch. Foto (all rights reserved): Martin+Zielinske.<\/p><\/div>\n<p>Solche R\u00fcstungsvorhaben, die auf Jahrzehnte Dutzende Milliarden Euro binden, m\u00fcssen \u00f6ffentlich in der Gesellschaft und dann im Plenum des Bundestags verhandelt werden, und nicht nur hinter verschlossenen T\u00fcren in den Aussch\u00fcssen. Wir lehnen diese neuen R\u00fcstungsprojekte kategorisch ab!<\/p>\n<p>In der durch die Corona-Pandemie zugespitzten sozialen, kulturellen, wirtschaftlichen und demokratischen Krise wird deutlich:\u00a0Genauso wie bei der Herstellung der globalen Klimagerechtigkeit, der Gesundheitsvorsorge und der nationalen Gesundheitssysteme ist bei der Sicherung des Friedens internationale Zusammenarbeit notwendig. Denn die Politik der Konfrontation und des nationalen Egoismus l\u00f6st keine Probleme. Sie ist das Problem selbst. Wir lehnen es ab, andere Menschen oder V\u00f6lker zu Feinden erkl\u00e4ren zu lassen. Wir stehen f\u00fcr die Grunds\u00e4tze der Gerechtigkeit und des V\u00f6lkerrechts, mit friedlichen Mitteln alle internationalen Streitigkeiten beizulegen. Im Atomzeitalter ist Sicherheit immer gemeinsame Sicherheit. F\u00fcr\u00a0internationale Kooperation statt Konkurrenz, f\u00fcr\u00a0Konfliktpr\u00e4vention statt Intervention und Abr\u00fcstung statt Aufr\u00fcstung!<\/p>\n<p>Wir fordern die Beendigung aller Auslandseins\u00e4tze, einen globalen Waffenstillstand, das Ende der v\u00f6lkerrechtswidrigen Sanktionen gegen fast ein Drittel der Menschheit und das Ende der D\u00e4monisierung von China und Russland.\u00a0Unsere Forderungen wollen wir an diesen beiden Tagen bei Spazierg\u00e4ngen und der Kundgebung auf Schildern in der \u00d6ffentlichkeit tragen.<\/p>\n<p>\u201eLeben einzeln und frei wie ein Baum und br\u00fcderlich wie ein Wald, das ist unsere Sehnsucht!\u201c<br \/>\n(Nazim Hikmet)<\/p>\n<p>F\u00fcr die DFG-VK-Gruppe K\u00f6ln<br \/>\nIsabelle Casel, Stefanie Intveen, Angelika R\u00f6srath, Hella Maria Schier und Michael S\u00fcnner<\/p>\n<hr \/>\n<p>Unter Einhaltung der zurzeit geltenden Vorschriften, ist es m\u00f6glich die Versammlung auf dem Heumarkt durchzuf\u00fchren. Folgende Vorgaben wurden von der zust\u00e4ndigen Beh\u00f6rde gemacht:<\/p>\n<ul>\n<li>Maximal 50 Teilnehmer, die sich in eine Liste eintragen sollen (die die Veranstalterin aufbewahren muss, um im Nachhinein ggf. m\u00f6gliche Infizierte zu informieren).<\/li>\n<li>Ein Mund- und Nasenschutz wird empfohlen.<\/li>\n<li>Die Abstandsregel von mindestens 1,5 m ist einzuhalten.<\/li>\n<li>Kundgebungsmittel (Fahnen, Schilder etc.) sind ausschlie\u00dflich selbst zu verwenden und nicht ohne vorherige Desinfektion an andere Teilnehmende oder Dritte weiterzugeben. Flyer sollten nicht verteilt, sondern zur Mitnahme bereitgestellt werden.<\/li>\n<\/ul>\n<hr \/>\n<p><em>Aktualisierung 8.5., 16:30 Uhr:\u00a0<\/em><\/p>\n<p><em>Gem\u00e4\u00df heutiger\u00a0<a href=\"https:\/\/www.presseportal.de\/blaulicht\/pm\/12415\/4592491\">Mitteilung<\/a> der Polizei K\u00f6ln sind Versammlungen bis 100 Personen ab sofort wieder m\u00f6glich. Infektionsschutzma\u00dfnahmen sind weiterhin zu beachten.<\/em><\/p>\n","protected":false},"excerpt":{"rendered":"<p>Unsere Erkl\u00e4rung zum 8. Mai: F\u00fcr Frieden, Entspannungspolitik und Abr\u00fcstung! Krieg, Konfrontation und Aufr\u00fcstung stoppen! Am 8. und 9. Mai begehen wir den 75. Jahrestag der Befreiung von Faschismus und Krieg. Am 8. Mai&#46;&#46;&#46;<\/p>\n","protected":false},"author":110,"featured_media":0,"comment_status":"open","ping_status":"open","sticky":false,"template":"","format":"standard","meta":{"footnotes":""},"categories":[116],"tags":[33,153,98,123,142,45,91],"class_list":["post-14976","post","type-post","status-publish","format-standard","hentry","category-aufruf","tag-atomwaffen","tag-aufruestung","tag-entspannungspolitik","tag-faschismus","tag-gerechtigkeit","tag-geschichte","tag-voelkerrecht"],"_links":{"self":[{"href":"https:\/\/www.friedenkoeln.de\/index.php?rest_route=\/wp\/v2\/posts\/14976","targetHints":{"allow":["GET"]}}],"collection":[{"href":"https:\/\/www.friedenkoeln.de\/index.php?rest_route=\/wp\/v2\/posts"}],"about":[{"href":"https:\/\/www.friedenkoeln.de\/index.php?rest_route=\/wp\/v2\/types\/post"}],"author":[{"embeddable":true,"href":"https:\/\/www.friedenkoeln.de\/index.php?rest_route=\/wp\/v2\/users\/110"}],"replies":[{"embeddable":true,"href":"https:\/\/www.friedenkoeln.de\/index.php?rest_route=%2Fwp%2Fv2%2Fcomments&post=14976"}],"version-history":[{"count":11,"href":"https:\/\/www.friedenkoeln.de\/index.php?rest_route=\/wp\/v2\/posts\/14976\/revisions"}],"predecessor-version":[{"id":14988,"href":"https:\/\/www.friedenkoeln.de\/index.php?rest_route=\/wp\/v2\/posts\/14976\/revisions\/14988"}],"wp:attachment":[{"href":"https:\/\/www.friedenkoeln.de\/index.php?rest_route=%2Fwp%2Fv2%2Fmedia&parent=14976"}],"wp:term":[{"taxonomy":"category","embeddable":true,"href":"https:\/\/www.friedenkoeln.de\/index.php?rest_route=%2Fwp%2Fv2%2Fcategories&post=14976"},{"taxonomy":"post_tag","embeddable":true,"href":"https:\/\/www.friedenkoeln.de\/index.php?rest_route=%2Fwp%2Fv2%2Ftags&post=14976"}],"curies":[{"name":"wp","href":"https:\/\/api.w.org\/{rel}","templated":true}]}}