{"id":14991,"date":"2020-05-15T07:00:29","date_gmt":"2020-05-15T05:00:29","guid":{"rendered":"https:\/\/www.friedenkoeln.de\/?p=14991"},"modified":"2020-05-14T23:04:59","modified_gmt":"2020-05-14T21:04:59","slug":"die-grossen-machen-oben-ihre-politik-und-wir-unten-halten-einfach-den-kontakt-zueinander-eva-aras-zum-75-jaehrigen-kriegsende-in-koeln","status":"publish","type":"post","link":"https:\/\/www.friedenkoeln.de\/?p=14991","title":{"rendered":"&#8222;Die Gro\u00dfen machen oben ihre Politik und wir unten halten einfach den Kontakt zueinander&#8220; &#8211; Eva Aras zum 75-j\u00e4hrigen Kriegsende in K\u00f6ln"},"content":{"rendered":"<p><em>Eva Aras redete am 9. Mai 2020 zum 75-j\u00e4hrigen Kriegsende auf Einladung des Vereins \u201cErinnern f\u00fcr die Zukunft\u201d auf dem Heumarkt in K\u00f6ln.<\/em><\/p>\n<hr \/>\n<p>Liebe B\u00fcrgerinnen und B\u00fcrger, liebe Freunde,<\/p>\n<p>ich begr\u00fc\u00dfe Sie und freue mich, auf der Kundgebung zum 75. Jahrestag des Sieges \u00fcber Nationalsozialismus und Faschismus reden zu k\u00f6nnen.<\/p>\n<p>Der 8. und der 9. Mai sind Daten von entscheidender Bedeutung f\u00fcr Europa, da damit der Zweite Weltkrieg endete, der f\u00fcr alle Beteiligten grausam war. Gleichzeitig bedeutete das auch \u201edie Befreiung vom System der menschenverachtenden nationalsozialistischen Gewaltherrschaft\u201c- so nannte es der ehemalige Bundespr\u00e4sident Richard von Weizs\u00e4cker 1985 in seiner Rede.<\/p>\n<p>Die Sowjetunion wurde von Deutschland \u00fcberfallen und 27 Millionen B\u00fcrger kamen dabei um. Wussten Sie, dass das fast die H\u00e4lfte aller Opfer im Zweiten Weltkrieg ist? Die Sowjetunion hatte die Hauptlast zu tragen. Wir Deutschen sind ihnen unendlich dankbar daf\u00fcr, dass sie diesen Krieg durchgehalten und uns mit den \u00fcbrigen Alliierten vom Nationalsozialismus befreit haben. Doch leider ist diese Dankbarkeit wenig zu bemerken, besonders nicht von Seiten unserer Regierung.<\/p>\n<ul>\n<li>So wurde von deutscher Seite auf die Einladung Russlands, an der Gedenkfeier zum 75-j\u00e4hrigen Ende des Zweiten Weltkrieges teilzunehmen, nicht reagiert.<\/li>\n<li>Putin wurde weder zum D-Day in der Normandie im Juni 2019 eingeladen, noch zur Gedenkfeier zur Befreiung von Auschwitz, wobei die Befreiung eine Tat sowjetischer Soldaten war.<\/li>\n<\/ul>\n<p>Das ist eine Schande \u2013 so nennt es der Historiker G\u00f6tz Aly, \u00fcber die wortlos hinweggegangen wird. Es gehe hierbei nicht um eine kritische Auseinandersetzung mit Putin, sondern um die Wertsch\u00e4tzung eines ganzen Volkes, das einen ma\u00dfgeblichen Beitrag zur Befreiung vom Faschismus geleistet hat.<\/p>\n<p>Doch was k\u00f6nnen <strong>wir<\/strong> tun?\u00a0 Wir k\u00f6nnen in dieser politischen Situation als Zivilgesellschaft wenigstens auch auf der unteren Ebene die Verst\u00e4ndigung mit Russland aufrecht erhalten.<\/p>\n<div id=\"attachment_15006\" style=\"width: 340px\" class=\"wp-caption alignleft\"><img loading=\"lazy\" decoding=\"async\" aria-describedby=\"caption-attachment-15006\" class=\" wp-image-15006\" src=\"https:\/\/www.friedenkoeln.de\/wp-content\/uploads\/2020\/05\/DSC_0222-scaled.jpg\" alt=\"Eine Frau mit Brille und dicken graumelierten kurzen Locken spricht in ein Mikro. Sie tr\u00e4gt ein schwarzes Oberteil und ein langes hellrotes Tuch. Hinter ihr ist das Fragment eines blauen Plakats mit der wei\u00dfen Aufschrift &quot;F\u00fcr Zukunft&quot; zu sehen.\" width=\"330\" height=\"495\" srcset=\"https:\/\/www.friedenkoeln.de\/wp-content\/uploads\/2020\/05\/DSC_0222-scaled.jpg 1707w, https:\/\/www.friedenkoeln.de\/wp-content\/uploads\/2020\/05\/DSC_0222-2000x3000.jpg 2000w, https:\/\/www.friedenkoeln.de\/wp-content\/uploads\/2020\/05\/DSC_0222-100x150.jpg 100w, https:\/\/www.friedenkoeln.de\/wp-content\/uploads\/2020\/05\/DSC_0222-768x1152.jpg 768w, https:\/\/www.friedenkoeln.de\/wp-content\/uploads\/2020\/05\/DSC_0222-1024x1536.jpg 1024w, https:\/\/www.friedenkoeln.de\/wp-content\/uploads\/2020\/05\/DSC_0222-1365x2048.jpg 1365w\" sizes=\"auto, (max-width: 330px) 100vw, 330px\" \/><p id=\"caption-attachment-15006\" class=\"wp-caption-text\">Eva Aras, Vorsitzende des St\u00e4dtepartnerschaftsvereins K\u00f6ln-Wolgograd e. V. am 9.5.2020 auf dem Heumarkt in K\u00f6ln. Foto: Stefanie Intveen<\/p><\/div>\n<p>Unser Verein macht das seit 31 Jahren. Wir unterst\u00fctzen Projekte, besonders das Hilfsprojekt f\u00fcr ehemalige Zwangsarbeiter*innen in Wolgograd, das wir seit 18 Jahren f\u00f6rdern; wir organisieren<\/p>\n<p>regelm\u00e4\u00dfige Reisen nach Wolgograd. Und jedes Mal sind wir \u00fcberw\u00e4ltigt von der Welle der Sympathie, der wir dort begegnen: im ehemaligen Stalingrad, das von Deutschen dem Erdboden gleichgemacht wurde, sind alle so herzlich, offen und gastfreundlich uns gegen\u00fcber, dass wir uns daf\u00fcr fast sch\u00e4men. Deutschland hat trotz seiner ablehnenden Haltung Russland gegen\u00fcber in der russischen Bev\u00f6lkerung eine hohe Anerkennung und Wertsch\u00e4tzung. Das begegnet uns immer wieder. Man liebt die deutsche Kultur. So wird in der Ruhmeshalle in dem gro\u00dfen Denkmal \u201eMutter Heimat\u201c die Tr\u00e4umerei von Schumann gespielt.<\/p>\n<p>Der ehemalige Wolgograder Oberb\u00fcrgermeister Jurij Starovatykh, der vor 32 Jahren mit Norbert Burger die St\u00e4dtepartnerschaft K\u00f6ln-Wolgograd gegr\u00fcndet hat, nennt immer den Begriff \u201eVolksdiplomatie\u201c: die Gro\u00dfen machen oben ihre Politik und wir unten halten einfach den Kontakt zueinander, begegnen uns und stellen fest, wie viele Gemeinsamkeiten wir haben.<\/p>\n<p>So kann man die St\u00e4dtepartnerschaft zwischen K\u00f6ln und Wolgograd als einen Mosaikstein sehen, dass die Menschen sich ann\u00e4hern und in Frieden und Freundschaft miteinander leben.<\/p>\n<p>Dabei wollen wir aber nicht bleiben.<\/p>\n<p>Gott sei dank gibt es in unserer Republik immer wieder Stimmen, die an die Ostpolitik von Willi Brandt und Egon Bahr ankn\u00fcpfen und sich f\u00fcr einen Dialog mit Russland aussprechen. Seit einigen Jahren haben wir es uns zusammen mit anderen K\u00f6lner Gruppen zur Aufgabe gemacht, solche Stimmen zu st\u00e4rken. So haben wir Veranstaltungen mit Matthias Platzeck und Fritz Pleitgen durchgef\u00fchrt und eine mit Frau Krone-Schmalz geplant, die wegen Corona abgesagt werden musste.<\/p>\n<p>Wir hoffen, dass auf diese Weise unsere Stimmen weit nach oben reichen und vielleicht zu einer \u00c4nderung der konfrontativen Politik beitragen.<\/p>\n<div id=\"attachment_15009\" style=\"width: 2570px\" class=\"wp-caption aligncenter\"><img loading=\"lazy\" decoding=\"async\" aria-describedby=\"caption-attachment-15009\" class=\"size-full wp-image-15009\" src=\"https:\/\/www.friedenkoeln.de\/wp-content\/uploads\/2020\/05\/DSC_0240-scaled.jpg\" alt=\"Eine Gruppe Menschen steht in quadratisch auf dem Boden markierten K\u00e4stchen vereinzelt vor einer ebenerdigen B\u00fchne. Im Hintergrund Transparente mit russischer und deutscher Aufschrift &quot;Unsterbliches Regiment K\u00f6ln&quot;.\" width=\"2560\" height=\"1707\" srcset=\"https:\/\/www.friedenkoeln.de\/wp-content\/uploads\/2020\/05\/DSC_0240-scaled.jpg 2560w, https:\/\/www.friedenkoeln.de\/wp-content\/uploads\/2020\/05\/DSC_0240-150x100.jpg 150w, https:\/\/www.friedenkoeln.de\/wp-content\/uploads\/2020\/05\/DSC_0240-768x512.jpg 768w, https:\/\/www.friedenkoeln.de\/wp-content\/uploads\/2020\/05\/DSC_0240-1536x1024.jpg 1536w, https:\/\/www.friedenkoeln.de\/wp-content\/uploads\/2020\/05\/DSC_0240-2048x1365.jpg 2048w\" sizes=\"auto, (max-width: 2560px) 100vw, 2560px\" \/><p id=\"caption-attachment-15009\" class=\"wp-caption-text\">Gedenkfeier von &#8222;Erinnern f\u00fcr die Zukunft&#8220; am 9.5.2020 auf dem Heumarkt in K\u00f6ln unter Beachtung von Infektionsschutzauflagen. Foto: Stefanie Intveen<\/p><\/div>\n<hr \/>\n<p><em>Eva Aras ist Vorsitzende des St\u00e4dtepartnerschaftsvereins K\u00f6ln-Wolgograd e. V.<\/em><\/p>\n","protected":false},"excerpt":{"rendered":"<p>Eva Aras redete am 9. Mai 2020 zum 75-j\u00e4hrigen Kriegsende auf Einladung des Vereins \u201cErinnern f\u00fcr die Zukunft\u201d auf dem Heumarkt in K\u00f6ln. Liebe B\u00fcrgerinnen und B\u00fcrger, liebe Freunde, ich begr\u00fc\u00dfe Sie und freue&#46;&#46;&#46;<\/p>\n","protected":false},"author":110,"featured_media":0,"comment_status":"open","ping_status":"open","sticky":false,"template":"","format":"standard","meta":{"footnotes":""},"categories":[111],"tags":[133,45,61,27],"class_list":["post-14991","post","type-post","status-publish","format-standard","hentry","category-rede","tag-diplomatie","tag-geschichte","tag-kommunale-friedensarbeit","tag-kultur"],"_links":{"self":[{"href":"https:\/\/www.friedenkoeln.de\/index.php?rest_route=\/wp\/v2\/posts\/14991","targetHints":{"allow":["GET"]}}],"collection":[{"href":"https:\/\/www.friedenkoeln.de\/index.php?rest_route=\/wp\/v2\/posts"}],"about":[{"href":"https:\/\/www.friedenkoeln.de\/index.php?rest_route=\/wp\/v2\/types\/post"}],"author":[{"embeddable":true,"href":"https:\/\/www.friedenkoeln.de\/index.php?rest_route=\/wp\/v2\/users\/110"}],"replies":[{"embeddable":true,"href":"https:\/\/www.friedenkoeln.de\/index.php?rest_route=%2Fwp%2Fv2%2Fcomments&post=14991"}],"version-history":[{"count":8,"href":"https:\/\/www.friedenkoeln.de\/index.php?rest_route=\/wp\/v2\/posts\/14991\/revisions"}],"predecessor-version":[{"id":15010,"href":"https:\/\/www.friedenkoeln.de\/index.php?rest_route=\/wp\/v2\/posts\/14991\/revisions\/15010"}],"wp:attachment":[{"href":"https:\/\/www.friedenkoeln.de\/index.php?rest_route=%2Fwp%2Fv2%2Fmedia&parent=14991"}],"wp:term":[{"taxonomy":"category","embeddable":true,"href":"https:\/\/www.friedenkoeln.de\/index.php?rest_route=%2Fwp%2Fv2%2Fcategories&post=14991"},{"taxonomy":"post_tag","embeddable":true,"href":"https:\/\/www.friedenkoeln.de\/index.php?rest_route=%2Fwp%2Fv2%2Ftags&post=14991"}],"curies":[{"name":"wp","href":"https:\/\/api.w.org\/{rel}","templated":true}]}}