{"id":15000,"date":"2020-05-14T22:19:22","date_gmt":"2020-05-14T20:19:22","guid":{"rendered":"https:\/\/www.friedenkoeln.de\/?p=15000"},"modified":"2020-05-14T22:19:22","modified_gmt":"2020-05-14T20:19:22","slug":"harald-fuchs-an-deutschlandradio-wann-senden-sie-rolf-muetzenichs-aussagen-ueber-atomwaffen","status":"publish","type":"post","link":"https:\/\/www.friedenkoeln.de\/?p=15000","title":{"rendered":"Harald Fuchs an Deutschlandradio: Wann senden Sie Rolf M\u00fctzenichs Aussagen \u00fcber Atomwaffen?"},"content":{"rendered":"<div class=\"page\" title=\"Page 1\">\n<div class=\"section\">\n<div class=\"layoutArea\">\n<div class=\"column\">\n<p><em>Ein H\u00f6rerbrief von Harald Fuchs an die Redaktion der Deutschlandradio-Nachrichten am 13.5.2020:<\/em><\/p>\n<hr \/>\n<p>Sehr geehrte Damen und Herren, liebe RedakteurInnen,<\/p>\n<p>In Ihren Nachrichtensendungen der letzten Tage erfuhr man, dass Rolf M\u00fctzenich (SPD) wie die \u00fcberwiegende Mehrheit der Deutschen den Abzug der amerikanischen Atomwaffen aus Deutschland und den Verzicht auf die &#8222;nukleare Teilhabe&#8220; Deutschlands fordert. Dies erfuhr man aber nur durch Zitate seiner Kritiker.<\/p>\n<p>Somit hat die Redaktion der Deutschlandradio-Nachrichten sehr eindeutig f\u00fcr die Fortsetzung die Beibehaltung der Drohung mit dem Einsatz dieser Massenvernichtungswaffen bezogen, ohne dass Herr M\u00fctzenich selbst zu Wort gekommen w\u00e4re und man etwas \u00fcber seine Begr\u00fcndungen erfahren h\u00e4tte.<br \/>\nIch erwarte von Ihnen keine einseitige Parteinahme, sondern umfassende und faire Information, die mir eine differenzierte Meinungsbildung gestattet.<\/p>\n<p>Durch Ihre Art der Berichterstattung sehe ich mich in einer existentiellen Frage einseitig informiert und somit manipuliert. Bei Atomwaffen geht es um Sein oder Nichtsein des h\u00f6heren Lebens auf diesem Planeten.<br \/>\nAuch in der Stichwortsuche &#8222;Atomwaffen&#8220; konnte ich auf Ihrer homepage kein Originalzitat von Rolf M\u00fctzenich finden.<\/p>\n<p>\u00c4hnlich sieht es beim Thema &#8222;Bewaffnete Drohnen f\u00fcr die Bundeswehr&#8220; aus.<\/p>\n<p>Wann senden Sie zu guter Sendezeit ein Interview mit Rolf M\u00fctzenich zu diesen wichtigen Themen?<\/p>\n<p>Mit freundlichen Gr\u00fc\u00dfen<br \/>\nHarald Fuchs<\/p>\n<div id=\"attachment_12865\" style=\"width: 620px\" class=\"wp-caption aligncenter\"><img loading=\"lazy\" decoding=\"async\" aria-describedby=\"caption-attachment-12865\" class=\"wp-image-12865 \" src=\"https:\/\/www.friedenkoeln.de\/wp-content\/uploads\/2018\/10\/DSC_0276.jpg\" alt=\"Zwei \u00e4ltere Herren sitzen vor einem Bauzaun mit rot-wei\u00dfem Absperrband. Dahinter eine Wiese und B\u00fcsche. Sie haben ein gro\u00dfes Transparent &quot;B\u00fcchel ist \u00fcberall. atomwaffenfrei jetzt!&quot; \u00fcber die Beine gelegt.\" width=\"610\" height=\"384\" srcset=\"https:\/\/www.friedenkoeln.de\/wp-content\/uploads\/2018\/10\/DSC_0276.jpg 4258w, https:\/\/www.friedenkoeln.de\/wp-content\/uploads\/2018\/10\/DSC_0276-150x94.jpg 150w, https:\/\/www.friedenkoeln.de\/wp-content\/uploads\/2018\/10\/DSC_0276-768x483.jpg 768w, https:\/\/www.friedenkoeln.de\/wp-content\/uploads\/2018\/10\/DSC_0276-80x50.jpg 80w\" sizes=\"auto, (max-width: 610px) 100vw, 610px\" \/><p id=\"caption-attachment-12865\" class=\"wp-caption-text\">Harald Fuchs (rechts) bei der Blockade der Haupteinfahrt des Bundeswehrflughafens und Atombombenlagers B\u00fcchel \/ Eifel am 26. Mai 2017. Foto: Stefanie Intveen<\/p><\/div>\n<hr \/>\n<p><em>Harald Fuchs war bis 2018 Sprecher der DFG-VK Gruppe K\u00f6ln.<\/em><\/p>\n<\/div>\n<\/div>\n<\/div>\n<\/div>\n","protected":false},"excerpt":{"rendered":"<p>Ein H\u00f6rerbrief von Harald Fuchs an die Redaktion der Deutschlandradio-Nachrichten am 13.5.2020: Sehr geehrte Damen und Herren, liebe RedakteurInnen, In Ihren Nachrichtensendungen der letzten Tage erfuhr man, dass Rolf M\u00fctzenich (SPD) wie die \u00fcberwiegende&#46;&#46;&#46;<\/p>\n","protected":false},"author":110,"featured_media":0,"comment_status":"open","ping_status":"open","sticky":false,"template":"","format":"standard","meta":{"footnotes":""},"categories":[141],"tags":[33,39,81],"class_list":["post-15000","post","type-post","status-publish","format-standard","hentry","category-brief","tag-atomwaffen","tag-kampfdrohnen","tag-medien"],"_links":{"self":[{"href":"https:\/\/www.friedenkoeln.de\/index.php?rest_route=\/wp\/v2\/posts\/15000","targetHints":{"allow":["GET"]}}],"collection":[{"href":"https:\/\/www.friedenkoeln.de\/index.php?rest_route=\/wp\/v2\/posts"}],"about":[{"href":"https:\/\/www.friedenkoeln.de\/index.php?rest_route=\/wp\/v2\/types\/post"}],"author":[{"embeddable":true,"href":"https:\/\/www.friedenkoeln.de\/index.php?rest_route=\/wp\/v2\/users\/110"}],"replies":[{"embeddable":true,"href":"https:\/\/www.friedenkoeln.de\/index.php?rest_route=%2Fwp%2Fv2%2Fcomments&post=15000"}],"version-history":[{"count":2,"href":"https:\/\/www.friedenkoeln.de\/index.php?rest_route=\/wp\/v2\/posts\/15000\/revisions"}],"predecessor-version":[{"id":15002,"href":"https:\/\/www.friedenkoeln.de\/index.php?rest_route=\/wp\/v2\/posts\/15000\/revisions\/15002"}],"wp:attachment":[{"href":"https:\/\/www.friedenkoeln.de\/index.php?rest_route=%2Fwp%2Fv2%2Fmedia&parent=15000"}],"wp:term":[{"taxonomy":"category","embeddable":true,"href":"https:\/\/www.friedenkoeln.de\/index.php?rest_route=%2Fwp%2Fv2%2Fcategories&post=15000"},{"taxonomy":"post_tag","embeddable":true,"href":"https:\/\/www.friedenkoeln.de\/index.php?rest_route=%2Fwp%2Fv2%2Ftags&post=15000"}],"curies":[{"name":"wp","href":"https:\/\/api.w.org\/{rel}","templated":true}]}}