{"id":15014,"date":"2020-05-15T19:09:05","date_gmt":"2020-05-15T17:09:05","guid":{"rendered":"https:\/\/www.friedenkoeln.de\/?p=15014"},"modified":"2020-05-16T08:44:00","modified_gmt":"2020-05-16T06:44:00","slug":"mahnwache-am-19-5-2020-rheinmetall-entruesten-keine-munitionslieferungen-an-die-kriegsherren-in-syrien-libyen-jemen","status":"publish","type":"post","link":"https:\/\/www.friedenkoeln.de\/?p=15014","title":{"rendered":"Mahnwache am 19.5.2020: Rheinmetall entr\u00fcsten \u2013 Keine Munitionslieferungen an die Kriegsherren in Syrien, Libyen, Jemen!"},"content":{"rendered":"<p><em>Die Kampagne \u201eAktion Aufschrei &#8211; Stoppt den Waffenhandel!\u201c l\u00e4dt nach D\u00fcsseldorf ein (Pressemitteilung vom 14.5.2020):<\/em><\/p>\n<hr \/>\n<h4><img loading=\"lazy\" decoding=\"async\" class=\"size-full wp-image-11760 alignleft\" src=\"https:\/\/www.friedenkoeln.de\/wp-content\/uploads\/2018\/02\/LOGO-Aufschrei-Waffenhandel_MAIL.jpg\" alt=\"\" width=\"282\" height=\"78\" \/><\/h4>\n<h4>Einladung zur Mahnwache und Protestaktion am 19. Mai 2020, ab 9.00 Uhr vor der Rheinmetallzentrale in D\u00fcsseldorf, Rheinmetall Platz 1<\/h4>\n<h4>Rheinmetall entr\u00fcsten \u2013 Keine Munitionslieferungen an die Kriegsherren in Syrien, Libyen und dem Jemen<\/h4>\n<p>Munition ist der unverzichtbare Bestandteil jedes Krieges. Rheinmetall verdient sehr gut daran, Munition in alle Welt zu verkaufen, auch an aktuell kriegf\u00fchrende L\u00e4nder.<\/p>\n<p>Seit Ende April hat die t\u00fcrkische Luftwaffe eine Luftbr\u00fccke f\u00fcr dringliche Munitionslieferungen aus S\u00fcdafrika aufgebaut. Lieferant der Munition ist das deutsch-s\u00fcdafrikanische Joint Venture \u201eRheinmetall Denel Munition\u201c (RDM), das mehrheitlich der Rheinmetall AG in D\u00fcsseldorf geh\u00f6rt.<\/p>\n<p>Sechs Transportflugzeuge vom Typ A400M erreichten Kapstadt zwischen dem 30. April und dem 4. Mai. Das erste Flugzeug nutzte die T\u00fcrkei f\u00fcr eine \u00f6ffentlichkeitswirksame Aktion, bei der u.a. medizinische Hilfsg\u00fcter nach S\u00fcdafrika geliefert wurden. Doch der eigentliche Grund war alles andere als humanit\u00e4r. Die T\u00fcrkei hat in S\u00fcdafrika Munition oder explosive Stoffe f\u00fcr Munition bestellt.<\/p>\n<p>Wird diese Munition f\u00fcr die beiden Kriege gebraucht, die die T\u00fcrkei derzeit im Norden Syriens und in Libyen f\u00fchrt? Und was machte den Transport so eilig, dass er mitten in der Corona-Krise und als teure Luftfracht erfolgen musste?<\/p>\n<p>F\u00fcr RDM war dieser Auftrag ein wichtiger L\u00fcckenf\u00fcller im Auftragsbuch. Seit Mai 2019 bekam die Firma keine s\u00fcdafrikanischen Ausfuhrgenehmigungen mehr f\u00fcr die Vereinigten Arabischen Emirate und Saudi-Arabien, die wichtigsten Akteure des Krieges im Jemen. Am 11. Mai hat die s\u00fcdafrikanische Regierung die Regelungen der Endverbleibserkl\u00e4rungen f\u00fcr R\u00fcstungsexporte nun so ge\u00e4ndert, dass k\u00fcnftig wieder neue Ausfuhrgenehmigung f\u00fcr die Vereinigten Arabischen Emirate und Saudi-Arabien erteilt werden k\u00f6nnen.<\/p>\n<blockquote><p>Rheinmetall nutzt durch seine internationalen Joint-Venture und Tochterunternehmen jede M\u00f6glichkeit die sich bietet, um weiterhin die Kriege dieser Welt zu munitionieren. Menschenrechtliche Sorgfaltspflichten, die das Unternehmen einzuhalten h\u00e4tte, egal wo es seinen Sitz hat, spielen f\u00fcr dieses keine Rolle,<\/p><\/blockquote>\n<p>kritisiert Martin Singe von pax christi Bonn.<\/p>\n<blockquote><p>Keine Munition f\u00fcr die Kriegsherren! Keine Erfolgspr\u00e4mien f\u00fcr die Manager und keine Dividenden f\u00fcr die Aktion\u00e4re! Das Gesch\u00e4ft mit dem Krieg muss beendet werden!<\/p><\/blockquote>\n<p>Das fordern wir anl\u00e4sslich der Rheinmetall-Hauptversammlung in D\u00fcsseldorf am Dienstag, den 19.5.2020.<\/p>\n<p>Die ab 9.00 Uhr vor der Konzernzentrale geplante Mahnwache gibt den Opfern eine Stimme und den T\u00e4tern Name und Gesicht, denn die Gewinne der Aktion\u00e4re von Rheinmetall sind mit Blut getr\u00e4nkt!<\/p>\n<p>Die Demonstrierenden werden deshalb eine \u201eBlutaktie&#8220; im Gro\u00dfformat und einen \u201eR\u00fcstungsthron\u201c vorstellen sowie das \u201eGoldene Kalb&#8220; des \u201eDividenden-Gottes&#8220; in einer Stra\u00dfentheater-Szene verehren. In kurzen Redebeitr\u00e4gen werden Kritik an der R\u00fcstungsexportpraxis des Konzerns vorgetragen und politische Forderungen und Alternativen vorgestellt.<\/p>\n<hr \/>\n<p><em>Kontakt f\u00fcr die Medien<\/em><br \/>\n<em>Martin Singe, pax christi Bonn, 0177 5864147<\/em><br \/>\n<em>Armin Lauven, pax christi Bonn, 0157 51646480<\/em><br \/>\n<em>Heinz D. Kappei, &#8222;Legt den Leo an die Kette\u201c, 0173 5609060<\/em><br \/>\n<em>Joachim Schramm, DGF-VK, 0157 73729115<\/em><\/p>\n<p><em>Tr\u00e4gerorganisationen der Kampagne: Aktionsgemeinschaft Dienst f\u00fcr den Frieden e.V. (AGDF) \u2022 aktion hoffnung Rottenburg-Stuttgart e.V. \u2022 Bisch\u00f6fliches Hilfswerk MISEREOR \u2022 Brot f\u00fcr die Welt &#8211; Evangelisches Werk f\u00fcr Diakonie und Entwicklung \u00a0\u2022 Bund der Deutschen Katholischen Jugend (BDKJ) \u2022\u00a0 Deutsche Friedensgesellschaft \u2013 Vereinigte KriegsdienstgegnerInnen (DFG-VK) \u2022 Deutsche Sektion der Internationalen \u00c4rzte f\u00fcr die Verh\u00fctung des Atomkrieges e. V. (IPPNW) Deutschland \u2022 NaturFreunde Deutschlands \u2022 Internationale katholische Friedensbewegung pax christi &#8211; Deutsche Sektion \u2022 JuristInnen gegen atomare, biologische und chemische Waffen (IALANA) Deutsche Sektion \u2022 Ohne R\u00fcstung Leben (ORL) \u2022 Provinzleitung der Deutschen Franziskaner und Kommission Gerechtigkeit \u2013 Frieden \u2013 Bewahrung der Sch\u00f6pfung \u2022 R\u00fcstungsInformationsB\u00fcro (RIB e.V.) \u2022 terre des hommes \u2013 Hilfe f\u00fcr Kinder in Not \u2022 Werkstatt f\u00fcr Gewaltfreie Aktion, Baden (WfG)<\/em><\/p>\n<p><em>Viele weitere Organisationen und Friedensinitiativen arbeiten im Aktionsb\u00fcndnis der Kampagne \u201e<a href=\"http:\/\/www.aufschrei-waffenhandel.de\">Aktion Aufschrei &#8211; Stoppt den Waffenhandel!<\/a>\u201c mit.<\/em><\/p>\n<div id=\"attachment_15017\" style=\"width: 1077px\" class=\"wp-caption aligncenter\"><img loading=\"lazy\" decoding=\"async\" aria-describedby=\"caption-attachment-15017\" class=\"size-full wp-image-15017\" src=\"https:\/\/www.friedenkoeln.de\/wp-content\/uploads\/2020\/05\/Bildschirmfoto_Erzbistum-K\u00f6ln_Franz-Josef-Jung-im-K\u00f6lner-Dom_20200117.jpeg\" alt=\"Die erste Reihe im Kirchenschiff zeigt Herren in dunklen Uniformm\u00e4nteln und Oberb\u00fcrgermeisterin Reker, die zum Altar schauen. Nur ein Mann im dunklen Zivilanzug schaut nach rechts, direkt ins Objektiv der Kamera.\" width=\"1067\" height=\"659\" srcset=\"https:\/\/www.friedenkoeln.de\/wp-content\/uploads\/2020\/05\/Bildschirmfoto_Erzbistum-K\u00f6ln_Franz-Josef-Jung-im-K\u00f6lner-Dom_20200117.jpeg 1067w, https:\/\/www.friedenkoeln.de\/wp-content\/uploads\/2020\/05\/Bildschirmfoto_Erzbistum-K\u00f6ln_Franz-Josef-Jung-im-K\u00f6lner-Dom_20200117-150x93.jpeg 150w, https:\/\/www.friedenkoeln.de\/wp-content\/uploads\/2020\/05\/Bildschirmfoto_Erzbistum-K\u00f6ln_Franz-Josef-Jung-im-K\u00f6lner-Dom_20200117-768x474.jpeg 768w, https:\/\/www.friedenkoeln.de\/wp-content\/uploads\/2020\/05\/Bildschirmfoto_Erzbistum-K\u00f6ln_Franz-Josef-Jung-im-K\u00f6lner-Dom_20200117-80x50.jpeg 80w\" sizes=\"auto, (max-width: 1067px) 100vw, 1067px\" \/><p id=\"caption-attachment-15017\" class=\"wp-caption-text\">Bildschirmfoto des Berichts des Erzbistum K\u00f6ln \u00fcber den Soldatengottesdienst am 17.1.2020: &#8222;(&#8230;) nahm Bundesminister a. D. Dr. Franz-Josef Jung (&#8230;) teil.&#8220; Foto: Erzbistum K\u00f6ln\/Boecker (www.erzbistum-koeln.de). Dr. Jung ist Aufsichtsratsmitglied bei Rheinmetall.<\/p><\/div>\n<hr \/>\n<p><em>Von K\u00f6ln aus f\u00e4hrt Benno Fuchs mit dem DFG-VK-Bulli zur Mahnwache. Interessent*innen melden sich bitte telefonisch bei ihm unter \u202d0176 85041413\u202c.<\/em><\/p>\n","protected":false},"excerpt":{"rendered":"<p>Die Kampagne \u201eAktion Aufschrei &#8211; Stoppt den Waffenhandel!\u201c l\u00e4dt nach D\u00fcsseldorf ein (Pressemitteilung vom 14.5.2020): Einladung zur Mahnwache und Protestaktion am 19. Mai 2020, ab 9.00 Uhr vor der Rheinmetallzentrale in D\u00fcsseldorf, Rheinmetall Platz&#46;&#46;&#46;<\/p>\n","protected":false},"author":110,"featured_media":0,"comment_status":"open","ping_status":"open","sticky":false,"template":"","format":"standard","meta":{"footnotes":""},"categories":[116,87],"tags":[99,37,130],"class_list":["post-15014","post","type-post","status-publish","format-standard","hentry","category-aufruf","category-pressemitteilung","tag-menschenrechte","tag-ruestungsexporte","tag-ruestungsindustrie"],"_links":{"self":[{"href":"https:\/\/www.friedenkoeln.de\/index.php?rest_route=\/wp\/v2\/posts\/15014","targetHints":{"allow":["GET"]}}],"collection":[{"href":"https:\/\/www.friedenkoeln.de\/index.php?rest_route=\/wp\/v2\/posts"}],"about":[{"href":"https:\/\/www.friedenkoeln.de\/index.php?rest_route=\/wp\/v2\/types\/post"}],"author":[{"embeddable":true,"href":"https:\/\/www.friedenkoeln.de\/index.php?rest_route=\/wp\/v2\/users\/110"}],"replies":[{"embeddable":true,"href":"https:\/\/www.friedenkoeln.de\/index.php?rest_route=%2Fwp%2Fv2%2Fcomments&post=15014"}],"version-history":[{"count":7,"href":"https:\/\/www.friedenkoeln.de\/index.php?rest_route=\/wp\/v2\/posts\/15014\/revisions"}],"predecessor-version":[{"id":15022,"href":"https:\/\/www.friedenkoeln.de\/index.php?rest_route=\/wp\/v2\/posts\/15014\/revisions\/15022"}],"wp:attachment":[{"href":"https:\/\/www.friedenkoeln.de\/index.php?rest_route=%2Fwp%2Fv2%2Fmedia&parent=15014"}],"wp:term":[{"taxonomy":"category","embeddable":true,"href":"https:\/\/www.friedenkoeln.de\/index.php?rest_route=%2Fwp%2Fv2%2Fcategories&post=15014"},{"taxonomy":"post_tag","embeddable":true,"href":"https:\/\/www.friedenkoeln.de\/index.php?rest_route=%2Fwp%2Fv2%2Ftags&post=15014"}],"curies":[{"name":"wp","href":"https:\/\/api.w.org\/{rel}","templated":true}]}}