{"id":15027,"date":"2020-05-27T23:15:05","date_gmt":"2020-05-27T21:15:05","guid":{"rendered":"https:\/\/www.friedenkoeln.de\/?p=15027"},"modified":"2020-05-27T23:18:46","modified_gmt":"2020-05-27T21:18:46","slug":"dfg-vk-gruppe-koeln-trifft-sich-am-donnerstag-wieder-im-friedensbildungswerk-koeln","status":"publish","type":"post","link":"https:\/\/www.friedenkoeln.de\/?p=15027","title":{"rendered":"DFG-VK Gruppe  K\u00f6ln trifft sich am Donnerstag wieder im Friedensbildungswerk K\u00f6ln"},"content":{"rendered":"<p><img loading=\"lazy\" decoding=\"async\" class=\" wp-image-10631 alignright\" src=\"https:\/\/www.friedenkoeln.de\/wp-content\/uploads\/2017\/04\/Friedensbildungswerk-Logo-blau.png\" alt=\"\" width=\"159\" height=\"237\" \/>Wegen der Lockerungen der Infektionsschutzvorschriften k\u00f6nnen wir uns zu unserem monatlichen Gruppentreffen am 28.5.2020, 19:30 Uhr, wieder im Friedensbildungswerk K\u00f6ln, Gro\u00dfer Saal, Obenmarspforten 7-11, versammeln. Der evangelische Pfarrer und Friedenstheologe <strong>Dr. Matthias Engelke<\/strong> wird uns \u00fcber die in K\u00f6ln mit befreundeten Friedensorganisationen in Planung befindlichen Aktionen zur Abschaffung aller Atomwaffen informieren. Gemeinsam werden wir beraten, wie wir uns gegenseitig unterst\u00fctzen und zusammenarbeiten k\u00f6nnen.<\/p>\n<p>Da die Anzahl der Personen im Gro\u00dfen Saal des FBK beschr\u00e4nkt ist, bitten wir unbedingt um vorherige Anmeldung (kontakt@friedenkoeln.de oder stefanie.intveen@web.de)! Eine Zuschaltung \u00fcber Telefon oder Videotelefonie ist leider noch nicht m\u00f6glich. Wir arbeiten aber daran, beim n\u00e4chsten Treffen auch das bereitzustellen.<\/p>\n<div id=\"attachment_15029\" style=\"width: 2570px\" class=\"wp-caption aligncenter\"><img loading=\"lazy\" decoding=\"async\" aria-describedby=\"caption-attachment-15029\" class=\"size-full wp-image-15029\" src=\"https:\/\/www.friedenkoeln.de\/wp-content\/uploads\/2020\/05\/20190508_211815-scaled.jpg\" alt=\"Drei M\u00e4nner und drei Frauen unterschiedlichen Alters strahlen mit Sektgl\u00e4sern in den H\u00e4nden in die Kamera. Im Hintergrund eine an der Wand aufgeh\u00e4ngte Regenbogenflagge mit der Aufschrift &quot;pace&quot; , die allerdings nur teilweise zu sehen ist.\" width=\"2560\" height=\"1440\" srcset=\"https:\/\/www.friedenkoeln.de\/wp-content\/uploads\/2020\/05\/20190508_211815-scaled.jpg 2560w, https:\/\/www.friedenkoeln.de\/wp-content\/uploads\/2020\/05\/20190508_211815-150x84.jpg 150w, https:\/\/www.friedenkoeln.de\/wp-content\/uploads\/2020\/05\/20190508_211815-768x432.jpg 768w, https:\/\/www.friedenkoeln.de\/wp-content\/uploads\/2020\/05\/20190508_211815-2048x1152.jpg 2048w\" sizes=\"auto, (max-width: 2560px) 100vw, 2560px\" \/><p id=\"caption-attachment-15029\" class=\"wp-caption-text\">Improvisierte Feier am 8. Mai 2019 im Friedensbildungswerk K\u00f6ln nach Bekanntgabe dessen, dass &#8222;B\u00fcchel ist \u00fcberall &#8211; atomwaffenfrei jetzt!&#8220; den Aachener Friedenspreis 2019 erh\u00e4lt. Foto: Marion K\u00fcpker<\/p><\/div>\n","protected":false},"excerpt":{"rendered":"<p>Wegen der Lockerungen der Infektionsschutzvorschriften k\u00f6nnen wir uns zu unserem monatlichen Gruppentreffen am 28.5.2020, 19:30 Uhr, wieder im Friedensbildungswerk K\u00f6ln, Gro\u00dfer Saal, Obenmarspforten 7-11, versammeln. Der evangelische Pfarrer und Friedenstheologe Dr. Matthias Engelke wird&#46;&#46;&#46;<\/p>\n","protected":false},"author":110,"featured_media":0,"comment_status":"open","ping_status":"open","sticky":false,"template":"","format":"standard","meta":{"footnotes":""},"categories":[102],"tags":[112,3],"class_list":["post-15027","post","type-post","status-publish","format-standard","hentry","category-in-eigener-sache","tag-atomwaffenverbotsvertrag","tag-pazifismus"],"_links":{"self":[{"href":"https:\/\/www.friedenkoeln.de\/index.php?rest_route=\/wp\/v2\/posts\/15027","targetHints":{"allow":["GET"]}}],"collection":[{"href":"https:\/\/www.friedenkoeln.de\/index.php?rest_route=\/wp\/v2\/posts"}],"about":[{"href":"https:\/\/www.friedenkoeln.de\/index.php?rest_route=\/wp\/v2\/types\/post"}],"author":[{"embeddable":true,"href":"https:\/\/www.friedenkoeln.de\/index.php?rest_route=\/wp\/v2\/users\/110"}],"replies":[{"embeddable":true,"href":"https:\/\/www.friedenkoeln.de\/index.php?rest_route=%2Fwp%2Fv2%2Fcomments&post=15027"}],"version-history":[{"count":4,"href":"https:\/\/www.friedenkoeln.de\/index.php?rest_route=\/wp\/v2\/posts\/15027\/revisions"}],"predecessor-version":[{"id":15033,"href":"https:\/\/www.friedenkoeln.de\/index.php?rest_route=\/wp\/v2\/posts\/15027\/revisions\/15033"}],"wp:attachment":[{"href":"https:\/\/www.friedenkoeln.de\/index.php?rest_route=%2Fwp%2Fv2%2Fmedia&parent=15027"}],"wp:term":[{"taxonomy":"category","embeddable":true,"href":"https:\/\/www.friedenkoeln.de\/index.php?rest_route=%2Fwp%2Fv2%2Fcategories&post=15027"},{"taxonomy":"post_tag","embeddable":true,"href":"https:\/\/www.friedenkoeln.de\/index.php?rest_route=%2Fwp%2Fv2%2Ftags&post=15027"}],"curies":[{"name":"wp","href":"https:\/\/api.w.org\/{rel}","templated":true}]}}