{"id":15071,"date":"2020-06-07T20:26:17","date_gmt":"2020-06-07T18:26:17","guid":{"rendered":"https:\/\/www.friedenkoeln.de\/?p=15071"},"modified":"2020-06-07T20:29:43","modified_gmt":"2020-06-07T18:29:43","slug":"mitreisende-willkommen-gerichtsverhandlungen-zum-zivilen-ungehorsam-gegen-atomwaffen-am-19-und-24-juni-2020-in-cochem","status":"publish","type":"post","link":"https:\/\/www.friedenkoeln.de\/?p=15071","title":{"rendered":"Mitreisende willkommen: Gerichtsverhandlung zum Zivilen Ungehorsam gegen Atomwaffen am 19. Juni 2020 in Cochem"},"content":{"rendered":"<p>Unser Gruppenmitglied Ariane Dettloff hat am 30.4.2019 im Rahmen der Aktion &#8222;B\u00fcchel17&#8220; an einem Go-In auf das Bundeswehr-Gel\u00e4nde des Atombomben-Standorts und Flugplatzes B\u00fcchel (Eifel) teilgenommen. Der Zweck dieser Aktion besteht aus der F\u00f6rderung einer \u00f6ffentlichen Diskussion \u00fcber die &#8222;Nukleare Teilhabe&#8220; Deutschlands und der Herbeif\u00fchrung von Gerichtsverfahren, in deren Verlauf die Rechtsprechung dazu gebracht werden soll festzustellen, dass die Stationierung der US-Atombomben in Deutschland illegal ist.<\/p>\n<p>Auch von K\u00f6ln aus unterst\u00fctzen und begleiten wir die Gruppe B\u00fcchel17. Der n\u00e4chste Termin ist:<\/p>\n<p><strong>19.6.2020, 7:30 Uhr, Mahnwache\u00a0vor dem Amtsgericht Cochem, Raven\u00e9stra\u00dfe 39, 56812 Cochem<br \/>\n8:30 Uhr Gerichtsverhandlung (Fortsetzung der Verhandlung vom 3.6.2020, f\u00fcnf Angeklagte der &#8222;Picknick-Gruppe&#8220; von B\u00fcchel17)<\/strong><\/p>\n<p>Hinweis: das Amtsgericht hat den Verhandlungstermin am 24.6.2020 abgesagt; ein neuer Termin liegt noch nicht fest.<\/p>\n<div id=\"attachment_13800\" style=\"width: 2570px\" class=\"wp-caption aligncenter\"><img loading=\"lazy\" decoding=\"async\" aria-describedby=\"caption-attachment-13800\" class=\"size-full wp-image-13800\" src=\"https:\/\/www.friedenkoeln.de\/wp-content\/uploads\/2019\/05\/33880411438_2ac87c51b4_o.jpg\" alt=\"Eine Gruppe h\u00e4lt auf einer Fahrpiste Transparente &quot;Frieden schaffen ohne Waffen&quot; und &quot;B\u00fcchel ist \u00fcberall - Atomwaffenfrei jetzt!&quot;. Im Vordergrund sind konventioneller und NATO-Stacheldraht zu sehen.\" width=\"2560\" height=\"1707\" srcset=\"https:\/\/www.friedenkoeln.de\/wp-content\/uploads\/2019\/05\/33880411438_2ac87c51b4_o.jpg 2560w, https:\/\/www.friedenkoeln.de\/wp-content\/uploads\/2019\/05\/33880411438_2ac87c51b4_o-150x100.jpg 150w, https:\/\/www.friedenkoeln.de\/wp-content\/uploads\/2019\/05\/33880411438_2ac87c51b4_o-768x512.jpg 768w\" sizes=\"auto, (max-width: 2560px) 100vw, 2560px\" \/><p id=\"caption-attachment-13800\" class=\"wp-caption-text\">&#8222;Frieden schaffen ohne Waffen&#8220; &#8211; Teilnehmer*innen von B\u00fcchel17 auf dem Milit\u00e4rflugplatz B\u00fcchel am 30.4.2019. Foto: B\u00fcchel17<\/p><\/div>\n<p>Wir fahren jeweils bereits am Vortag zu einem Quartier in der N\u00e4he von Cochem. Wer Interesse an einer Unterst\u00fctzung hat, melde sich bitte bei kontakt@friedenkoeln.de.<\/p>\n<p>\u00dcber Spenden zur Deckung der Kosten der Prozessgruppe freuen wir uns:<\/p>\n<p>Empf\u00e4nger: Uwe Lutz-Scholten, Diemelsee<br \/>\nStichwort: B\u00fcchel17<br \/>\nIBAN DE64 5235 0005 0000 7696 87 \/ BIC HELADEF1KOR<\/p>\n","protected":false},"excerpt":{"rendered":"<p>Unser Gruppenmitglied Ariane Dettloff hat am 30.4.2019 im Rahmen der Aktion &#8222;B\u00fcchel17&#8220; an einem Go-In auf das Bundeswehr-Gel\u00e4nde des Atombomben-Standorts und Flugplatzes B\u00fcchel (Eifel) teilgenommen. Der Zweck dieser Aktion besteht aus der F\u00f6rderung einer&#46;&#46;&#46;<\/p>\n","protected":false},"author":110,"featured_media":0,"comment_status":"open","ping_status":"open","sticky":false,"template":"","format":"standard","meta":{"footnotes":""},"categories":[116],"tags":[33,80,91],"class_list":["post-15071","post","type-post","status-publish","format-standard","hentry","category-aufruf","tag-atomwaffen","tag-rechtsprechung","tag-voelkerrecht"],"_links":{"self":[{"href":"https:\/\/www.friedenkoeln.de\/index.php?rest_route=\/wp\/v2\/posts\/15071","targetHints":{"allow":["GET"]}}],"collection":[{"href":"https:\/\/www.friedenkoeln.de\/index.php?rest_route=\/wp\/v2\/posts"}],"about":[{"href":"https:\/\/www.friedenkoeln.de\/index.php?rest_route=\/wp\/v2\/types\/post"}],"author":[{"embeddable":true,"href":"https:\/\/www.friedenkoeln.de\/index.php?rest_route=\/wp\/v2\/users\/110"}],"replies":[{"embeddable":true,"href":"https:\/\/www.friedenkoeln.de\/index.php?rest_route=%2Fwp%2Fv2%2Fcomments&post=15071"}],"version-history":[{"count":5,"href":"https:\/\/www.friedenkoeln.de\/index.php?rest_route=\/wp\/v2\/posts\/15071\/revisions"}],"predecessor-version":[{"id":15077,"href":"https:\/\/www.friedenkoeln.de\/index.php?rest_route=\/wp\/v2\/posts\/15071\/revisions\/15077"}],"wp:attachment":[{"href":"https:\/\/www.friedenkoeln.de\/index.php?rest_route=%2Fwp%2Fv2%2Fmedia&parent=15071"}],"wp:term":[{"taxonomy":"category","embeddable":true,"href":"https:\/\/www.friedenkoeln.de\/index.php?rest_route=%2Fwp%2Fv2%2Fcategories&post=15071"},{"taxonomy":"post_tag","embeddable":true,"href":"https:\/\/www.friedenkoeln.de\/index.php?rest_route=%2Fwp%2Fv2%2Ftags&post=15071"}],"curies":[{"name":"wp","href":"https:\/\/api.w.org\/{rel}","templated":true}]}}