{"id":15113,"date":"2020-06-22T07:00:06","date_gmt":"2020-06-22T05:00:06","guid":{"rendered":"https:\/\/www.friedenkoeln.de\/?p=15113"},"modified":"2020-06-22T08:54:56","modified_gmt":"2020-06-22T06:54:56","slug":"mdb-kathrin-vogler-zu-atomwaffengegnerinnen-viele-menschen-sind-mit-dem-herzen-bei-euch","status":"publish","type":"post","link":"https:\/\/www.friedenkoeln.de\/?p=15113","title":{"rendered":"MdB Kathrin Vogler zu Atomwaffengegner*innen: &#8222;Viele Menschen sind mit dem Herzen bei euch&#8220;"},"content":{"rendered":"<p>Die Bundestagsabgeordnete der Partei Die Linke, Kathrin Vogler, hat den <a href=\"https:\/\/www.friedenkoeln.de\/?p=15107\">f\u00fcnf Atomwaffengegner*innen<\/a> der Gruppe B\u00fcchel17, die am 19.6.2020 wegen ihres &#8222;atomwaffenfreien Picknicks&#8220; auf dem Bundeswehr-Gel\u00e4nde in Cochem vor Gericht standen, f\u00fcr ihr<\/p>\n<blockquote><p>unerschrockenes Engagement gegen die uns alle bedrohende Gefahr, die von den US-amerikanischen Atomwaffen in B\u00fcchel ausgeht,<\/p><\/blockquote>\n<p>gedankt. In ihrem Gru\u00dfwort vom 15.6.2020 hei\u00dft es weiter:<\/p>\n<blockquote><p>Eure Zivilcourage ist Vorbild f\u00fcr die Mehrheit in diesem Land, die den Abzug der Atomwaffen fordert. Euer Engagement ist besonders wichtig in einer Zeit, in der die USA alle Abr\u00fcstungsvertr\u00e4ge infrage stellen, ihre Atombomben, auch die in B\u00fcchel, modernisieren und in der die deutsche Regierung plant, Milliardensummen f\u00fcr die Anschaffung neuer Atombomber zu verpulvern statt in die Modernisierung unseres Gesundheitssystems zu investieren.<\/p><\/blockquote>\n<p>Viele Menschen seien mit dem Herzen bei den Aktivist*nnen, schreibt Kathrin Vogler, die seit Jahrzehnten in der Friedensbewegung aktiv ist, darunter mehrere Jahre als Bundessprecherin der DFG-VK.<\/p>\n<div id=\"attachment_13723\" style=\"width: 5271px\" class=\"wp-caption alignnone\"><img loading=\"lazy\" decoding=\"async\" aria-describedby=\"caption-attachment-13723\" class=\"size-full wp-image-13723\" src=\"https:\/\/www.friedenkoeln.de\/wp-content\/uploads\/2019\/04\/7_20190420_hdh_0920_20190421_1081680461.jpg\" alt=\"Eine sportlich aussehende \u00e4ltere Dame mit sehr kurzgeschnittenen braunen Haaren und Brille, in grauem T-Shirt und rosa Jeans, spricht auf einer improvisierten B\u00fchne auf einem LKW in ein Mikro. Im Hintergrund ein t\u00fcrkisfarbenes Transparent &quot;Abr\u00fcsten statt Aufr\u00fcsten&quot; und blau-wei\u00dfe Ostermarsch-Plakate.\" width=\"5261\" height=\"3507\" srcset=\"https:\/\/www.friedenkoeln.de\/wp-content\/uploads\/2019\/04\/7_20190420_hdh_0920_20190421_1081680461.jpg 5261w, https:\/\/www.friedenkoeln.de\/wp-content\/uploads\/2019\/04\/7_20190420_hdh_0920_20190421_1081680461-150x100.jpg 150w, https:\/\/www.friedenkoeln.de\/wp-content\/uploads\/2019\/04\/7_20190420_hdh_0920_20190421_1081680461-768x512.jpg 768w\" sizes=\"auto, (max-width: 5261px) 100vw, 5261px\" \/><p id=\"caption-attachment-13723\" class=\"wp-caption-text\">Kathrin Vogler beim Ostermarsch-Auftakt am 20.4.2019 auf dem Breslauer Platz in K\u00f6ln. Foto: Hans-Dieter Hey, www.R-mediabase.eu<\/p><\/div>\n<p><em>[Tippfehler korrigiert &#8211; d. Red.]<\/em><\/p>\n<hr \/>\n<p><em><a href=\"https:\/\/www.friedenkoeln.de\/wp-content\/uploads\/2020\/06\/Kathrin-Vogler_Gru\u00dfwort-zum-Gerichtsprozess-w-Zivilem-Ungehorsam-gg-Atomwaffen_20200615.pdf\">Gru\u00dfwort als pdf zum Download<\/a><\/em><\/p>\n<p><em>Kathrin Vogler ist im Deutschen Bundestag Friedenspolitische Sprecherin der Fraktion DIE LINKE, Mitglied im Ausw\u00e4rtigen Ausschuss, Obfrau im Unterausschuss Zivile Krisenpr\u00e4vention und Stellvertretendes Mitglied im Verteidigungsausschuss. <\/em><\/p>\n<p><em>Wir bedanken uns f\u00fcr die Unterst\u00fctzung und die M\u00f6glichkeit der Ver\u00f6ffentlichung!<\/em><\/p>\n","protected":false},"excerpt":{"rendered":"<p>Die Bundestagsabgeordnete der Partei Die Linke, Kathrin Vogler, hat den f\u00fcnf Atomwaffengegner*innen der Gruppe B\u00fcchel17, die am 19.6.2020 wegen ihres &#8222;atomwaffenfreien Picknicks&#8220; auf dem Bundeswehr-Gel\u00e4nde in Cochem vor Gericht standen, f\u00fcr ihr unerschrockenes Engagement&#46;&#46;&#46;<\/p>\n","protected":false},"author":110,"featured_media":13723,"comment_status":"open","ping_status":"open","sticky":false,"template":"","format":"standard","meta":{"footnotes":""},"categories":[111],"tags":[33,49,64],"class_list":["post-15113","post","type-post","status-publish","format-standard","has-post-thumbnail","hentry","category-rede","tag-atomwaffen","tag-bundestag","tag-zivilcourage"],"_links":{"self":[{"href":"https:\/\/www.friedenkoeln.de\/index.php?rest_route=\/wp\/v2\/posts\/15113","targetHints":{"allow":["GET"]}}],"collection":[{"href":"https:\/\/www.friedenkoeln.de\/index.php?rest_route=\/wp\/v2\/posts"}],"about":[{"href":"https:\/\/www.friedenkoeln.de\/index.php?rest_route=\/wp\/v2\/types\/post"}],"author":[{"embeddable":true,"href":"https:\/\/www.friedenkoeln.de\/index.php?rest_route=\/wp\/v2\/users\/110"}],"replies":[{"embeddable":true,"href":"https:\/\/www.friedenkoeln.de\/index.php?rest_route=%2Fwp%2Fv2%2Fcomments&post=15113"}],"version-history":[{"count":7,"href":"https:\/\/www.friedenkoeln.de\/index.php?rest_route=\/wp\/v2\/posts\/15113\/revisions"}],"predecessor-version":[{"id":15121,"href":"https:\/\/www.friedenkoeln.de\/index.php?rest_route=\/wp\/v2\/posts\/15113\/revisions\/15121"}],"wp:featuredmedia":[{"embeddable":true,"href":"https:\/\/www.friedenkoeln.de\/index.php?rest_route=\/wp\/v2\/media\/13723"}],"wp:attachment":[{"href":"https:\/\/www.friedenkoeln.de\/index.php?rest_route=%2Fwp%2Fv2%2Fmedia&parent=15113"}],"wp:term":[{"taxonomy":"category","embeddable":true,"href":"https:\/\/www.friedenkoeln.de\/index.php?rest_route=%2Fwp%2Fv2%2Fcategories&post=15113"},{"taxonomy":"post_tag","embeddable":true,"href":"https:\/\/www.friedenkoeln.de\/index.php?rest_route=%2Fwp%2Fv2%2Ftags&post=15113"}],"curies":[{"name":"wp","href":"https:\/\/api.w.org\/{rel}","templated":true}]}}