{"id":15176,"date":"2020-07-06T22:10:27","date_gmt":"2020-07-06T20:10:27","guid":{"rendered":"https:\/\/www.friedenkoeln.de\/?p=15176"},"modified":"2020-07-06T22:12:42","modified_gmt":"2020-07-06T20:12:42","slug":"einladung-flaggentag-der-mayors-for-peace-in-koeln-am-8-juli-2020","status":"publish","type":"post","link":"https:\/\/www.friedenkoeln.de\/?p=15176","title":{"rendered":"Einladung: Flaggentag der &#8222;Mayors for Peace&#8220; in K\u00f6ln am 8. Juli 2020"},"content":{"rendered":"<p><em>Es folgt eine Einladung des Arbeitskreis Hiroshima \u2013 Nagasaki K\u00f6ln:<\/em><\/p>\n<hr \/>\n<h4 style=\"text-align: center;\">Flaggentag der B\u00fcrgermeister f\u00fcr den Frieden &#8211; Mayors for Peace &#8211;<br \/>\nK\u00f6ln setzt ein Zeichen f\u00fcr das Atomwaffenverbot<\/h4>\n<p>Rund 300 St\u00e4dte des weltweiten Netzwerks Mayors for Peace werden am 8.7.2020 gemeinsam ein sichtbares Zeichen gegen Atomwaffen setzen. Vor den Rath\u00e4usern wird die Mayors for Peace Flagge gehisst.\u00a0So auch in K\u00f6ln!<\/p>\n<p style=\"text-align: center;\"><strong>Am 8. Juli 2020, um 17.00 Uhr<\/strong><\/p>\n<p style=\"text-align: center;\"><strong>Historisches Rathaus K\u00f6ln, Alter Markt<\/strong><\/p>\n<p style=\"text-align: center;\">mit:<\/p>\n<p style=\"text-align: left;\"><strong>Andreas Hupke<\/strong>,\u00a0Bezirksb\u00fcrgermeister, Innenstadt<\/p>\n<p style=\"text-align: left;\"><strong>Pfarrer Dr. Matthias Engelke<\/strong>,\u00a0Friedenstheologe, Mitglied des Internationalen Vers\u00f6hnungsbund, Gesch\u00e4ftsf\u00fchrer F\u00f6rderkreis Darmst\u00e4dter Signal<\/p>\n<p style=\"text-align: left;\"><strong>Markus Fr\u00f6hlich<\/strong>,\u00a0Musik<\/p>\n<p style=\"text-align: center;\"><strong>Eine Kundgebung des Arbeitskreises Hiroshima-Nagasaki-K\u00f6ln.<\/strong><\/p>\n<p style=\"text-align: left;\">Mit der Aktion wird an ein Rechtsgutachten des Internationalen Gerichtshofs in Den Haag erinnert.\u00a0Der IGH stellte am 8.7.1996 fest, dass<\/p>\n<blockquote><p>eine v\u00f6lkerrechtliche Verpflichtung besteht, in redlicher Absicht Verhandlungen zu f\u00fchren und zum Abschluss zu bringen, die zu nuklearer Abr\u00fcstung in allen ihren Aspekten unter strikter und wirksamer internationaler Kontrolle f\u00fchren.<\/p><\/blockquote>\n<div id=\"attachment_11065\" style=\"width: 407px\" class=\"wp-caption alignright\"><img loading=\"lazy\" decoding=\"async\" aria-describedby=\"caption-attachment-11065\" class=\" wp-image-11065\" src=\"https:\/\/www.friedenkoeln.de\/wp-content\/uploads\/2017\/07\/20170708-_DSC4790.jpeg\" alt=\"Im Vordergrund stehen zwei Mitglieder der Friedensinitiative K\u00f6ln-M\u00fclheim in dunkelblauen Vereins-T-Shirts, der Bezirksb\u00fcrgermeister Norbert Fuchs und Harald Fuchs vom Hiroshima-Nagasaki-Arbeitskreis im K\u00f6lner Friedensforum. Im Hintergrund ist der untere Teil der Friedensfahne zu sehen: &quot;B\u00fcrgermeister f\u00fcr den Frieden&quot; in gr\u00fcner Schrift auf wei\u00dfem Grund.\" width=\"397\" height=\"242\" srcset=\"https:\/\/www.friedenkoeln.de\/wp-content\/uploads\/2017\/07\/20170708-_DSC4790.jpeg 1280w, https:\/\/www.friedenkoeln.de\/wp-content\/uploads\/2017\/07\/20170708-_DSC4790-768x468.jpeg 768w, https:\/\/www.friedenkoeln.de\/wp-content\/uploads\/2017\/07\/20170708-_DSC4790-1024x624.jpeg 1024w, https:\/\/www.friedenkoeln.de\/wp-content\/uploads\/2017\/07\/20170708-_DSC4790-80x50.jpeg 80w\" sizes=\"auto, (max-width: 397px) 100vw, 397px\" \/><p id=\"caption-attachment-11065\" class=\"wp-caption-text\">Bezirksb\u00fcrgermeister Norbert Fuchs spricht f\u00fcr die &#8222;B\u00fcrgermeister f\u00fcr den Frieden&#8220;. 8. Juli 2017 in K\u00f6ln-M\u00fclheim. Foto: Herbert Sauerwein.<\/p><\/div>\n<p>Das Netzwerk &#8222;B\u00fcrgermeister f\u00fcr den Frieden&#8220; geht auf eine Initiative des B\u00fcrgermeisters von Hiroshima im Jahr 1982 zur\u00fcck. Aus der \u00dcberlegung heraus, dass Stadt- und Gemeindeoberh\u00e4upter f\u00fcr die Sicherheit und das Leben ihrer B\u00fcrgerinnen und B\u00fcrger verantwortlich sind, setzen sich die Mitglieder f\u00fcr ein Ende der gegenseitigen Bedrohung mit atomaren Massenvernichtungswaffen ein. Sie fordern die weltweite nukleare Abr\u00fcstung und das Verbot von Atomwaffen. Heute geh\u00f6ren 7.907 St\u00e4dte und Gemeinden in 164 Staaten und Regionen, darunter 682 Kommunen in Deutschland dazu.<\/p>\n<p><strong>1984<\/strong> zur Zeit der &#8222;Nachr\u00fcstungsdebatte&#8220; erkl\u00e4rt sich die Stadt K\u00f6ln zur \u201catomwaffenfreien Zone\u201d.<\/p>\n<p><strong>1985<\/strong> tritt K\u00f6ln dem vom B\u00fcrgermeister von Hiroshima ins Leben gerufenen internationalen St\u00e4dteb\u00fcndnis MAYORS FOR PEACE bei.<\/p>\n<p><strong>2005<\/strong> unterschreibt der K\u00f6lner Oberb\u00fcrgermeister die Verpflichtung \u201eAtomwaffenfrei bis 2020\u201c der MAYORS FOR PEACE.<\/p>\n<p><strong>2016<\/strong> weht zum ersten Mal am 8. Juli die gr\u00fcne Friedensfahne der MAYORS FOR PEACE am K\u00f6lner Rathaus.<\/p>\n<p><strong>2017<\/strong> schreibt die K\u00f6lner Oberb\u00fcrgermeisterin Henriette Reker in einem Gru\u00dfwort an die Friedensradfahrer:<\/p>\n<blockquote><p>Als B\u00fcrgermeisterin f\u00fcr den Frieden setze ich mich daf\u00fcr ein, Atomwaffen weltweit abzuschaffen, insbesondere auch die Atombomben beim Jagdbombergeschwader 33 in B\u00fcchel.<\/p><\/blockquote>\n<p><strong>2019<\/strong> unterschreibt am 5. M\u00e4rz die K\u00f6lner Oberb\u00fcrgermeisterin Henriette Reker den\u00a0ICAN-St\u00e4dteappell zum Beitritt der Bundesrepublik Deutschland zum Atomwaffenverbotsvertrag:<span class=\"Apple-converted-space\">\u00a0<\/span><\/p>\n<blockquote><p>Unsere Stadt ist zutiefst besorgt \u00fcber die immense Bedrohung, die Atomwaffen f\u00fcr St\u00e4dte und Gemeinden auf der ganzen Welt darstellen. Wir sind fest \u00fcberzeugt, dass unsere Einwohner und Einwohnerinnen das Recht auf ein Leben frei von dieser Bedrohung haben. Jeder Einsatz von Atomwaffen, ob vors\u00e4tzlich oder versehentlich, w\u00fcrde katastrophale, weitreichende und langanhaltende Folgen f\u00fcr Mensch und Umwelt nach sich ziehen. Daher begr\u00fc\u00dfen wir den von den Vereinten Nationen 2017 verabschiedeten Vertrag zum Verbot von Atomwaffen und fordern die Bundesregierung zum Beitritt auf.<\/p><\/blockquote>\n<p>Mit freundlichen Gr\u00fc\u00dfen<\/p>\n<p>Ursula Forner f\u00fcr den Arbeitskreis Hiroshima &#8211; Nagasaki K\u00f6ln<br \/>\nF\u00fcr Nachfragen stehe ich gerne zur Verf\u00fcgung, Tel.: 0163-4462652<\/p>\n<p>Weitere Informationen:<\/p>\n<p>www.mayorsforpeace.de<br \/>\nwww.atomwaffenfrei.de<br \/>\nwww.koelnerfriedensforum.org\/<br \/>\nwww.friedenskooperative.de\/<br \/>\nwww.ippnw.de<br \/>\nwww.icanw.de<\/p>\n<hr \/>\n<p><em>Arbeitskreis Hiroshima \u2013 Nagasaki K\u00f6ln\u00a0<\/em><\/p>\n<p><em>c\/o Friedensbildungswerk K\u00f6ln<\/em>,\u00a0<em>Obenmarspforten 7 -11,50667 K\u00f6ln<\/em><br \/>\n<em>E-Mail: hiroshima-nagasaki-ak-koeln@mail.de<\/em><\/p>\n<div id=\"attachment_13226\" style=\"width: 1290px\" class=\"wp-caption aligncenter\"><img loading=\"lazy\" decoding=\"async\" aria-describedby=\"caption-attachment-13226\" class=\"size-full wp-image-13226\" src=\"https:\/\/www.friedenkoeln.de\/wp-content\/uploads\/2018\/12\/fullsizeoutput_cf2.jpeg\" alt=\"Ausschnitt eines mit vielen deutschen, japanischen und anderen Schriftz\u00fcgen beschriebenes wei\u00dfes Transparent. In der Mitte der gemalte Origami-Kranich.\" width=\"1280\" height=\"306\" srcset=\"https:\/\/www.friedenkoeln.de\/wp-content\/uploads\/2018\/12\/fullsizeoutput_cf2.jpeg 1280w, https:\/\/www.friedenkoeln.de\/wp-content\/uploads\/2018\/12\/fullsizeoutput_cf2-150x36.jpeg 150w, https:\/\/www.friedenkoeln.de\/wp-content\/uploads\/2018\/12\/fullsizeoutput_cf2-768x184.jpeg 768w\" sizes=\"auto, (max-width: 1280px) 100vw, 1280px\" \/><p id=\"caption-attachment-13226\" class=\"wp-caption-text\">Flaggentag Mayors for Peace K\u00f6ln 2017. Foto: Herbert Sauerwein. Bearbeitung: Stefanie Intveen<\/p><\/div>\n","protected":false},"excerpt":{"rendered":"<p>Es folgt eine Einladung des Arbeitskreis Hiroshima \u2013 Nagasaki K\u00f6ln: Flaggentag der B\u00fcrgermeister f\u00fcr den Frieden &#8211; Mayors for Peace &#8211; K\u00f6ln setzt ein Zeichen f\u00fcr das Atomwaffenverbot Rund 300 St\u00e4dte des weltweiten Netzwerks&#46;&#46;&#46;<\/p>\n","protected":false},"author":110,"featured_media":0,"comment_status":"open","ping_status":"open","sticky":false,"template":"","format":"standard","meta":{"footnotes":""},"categories":[104],"tags":[33,112,61,80,91],"class_list":["post-15176","post","type-post","status-publish","format-standard","hentry","category-ankuendigung","tag-atomwaffen","tag-atomwaffenverbotsvertrag","tag-kommunale-friedensarbeit","tag-rechtsprechung","tag-voelkerrecht"],"_links":{"self":[{"href":"https:\/\/www.friedenkoeln.de\/index.php?rest_route=\/wp\/v2\/posts\/15176","targetHints":{"allow":["GET"]}}],"collection":[{"href":"https:\/\/www.friedenkoeln.de\/index.php?rest_route=\/wp\/v2\/posts"}],"about":[{"href":"https:\/\/www.friedenkoeln.de\/index.php?rest_route=\/wp\/v2\/types\/post"}],"author":[{"embeddable":true,"href":"https:\/\/www.friedenkoeln.de\/index.php?rest_route=\/wp\/v2\/users\/110"}],"replies":[{"embeddable":true,"href":"https:\/\/www.friedenkoeln.de\/index.php?rest_route=%2Fwp%2Fv2%2Fcomments&post=15176"}],"version-history":[{"count":11,"href":"https:\/\/www.friedenkoeln.de\/index.php?rest_route=\/wp\/v2\/posts\/15176\/revisions"}],"predecessor-version":[{"id":15192,"href":"https:\/\/www.friedenkoeln.de\/index.php?rest_route=\/wp\/v2\/posts\/15176\/revisions\/15192"}],"wp:attachment":[{"href":"https:\/\/www.friedenkoeln.de\/index.php?rest_route=%2Fwp%2Fv2%2Fmedia&parent=15176"}],"wp:term":[{"taxonomy":"category","embeddable":true,"href":"https:\/\/www.friedenkoeln.de\/index.php?rest_route=%2Fwp%2Fv2%2Fcategories&post=15176"},{"taxonomy":"post_tag","embeddable":true,"href":"https:\/\/www.friedenkoeln.de\/index.php?rest_route=%2Fwp%2Fv2%2Ftags&post=15176"}],"curies":[{"name":"wp","href":"https:\/\/api.w.org\/{rel}","templated":true}]}}