{"id":15201,"date":"2020-07-08T11:14:57","date_gmt":"2020-07-08T09:14:57","guid":{"rendered":"https:\/\/www.friedenkoeln.de\/?p=15201"},"modified":"2020-07-08T11:14:57","modified_gmt":"2020-07-08T09:14:57","slug":"greenpeace-umfrage-grosse-mehrheit-fuer-unterzeichnung-des-atomwaffenverbotsvertrags","status":"publish","type":"post","link":"https:\/\/www.friedenkoeln.de\/?p=15201","title":{"rendered":"Greenpeace-Umfrage: Gro\u00dfe Mehrheit f\u00fcr Unterzeichnung des Atomwaffenverbotsvertrags"},"content":{"rendered":"<p><em>Wir ver\u00f6ffentlichen die Presseerkl\u00e4rung von Greenpeace vom 07. Juli 2020<\/em><\/p>\n<hr \/>\n<h4>Greenpeace Umfrage: Gro\u00dfe Mehrheit f\u00fcr Unterzeichnung des Atomwaffenverbotsvertrags<\/h4>\n<h4>Deutschland soll keine Kampfflugzeuge f\u00fcr Atomwaffen anschaffen<\/h4>\n<p><em>Hamburg, 7. 7. 2020<\/em> \u2013 Die Unterzeichnung des Atomwaffenverbotsvertrags durch die deutsche Bundesregierung bef\u00fcrworten 92 Prozent aller Bundesb\u00fcrgerinnen und Bundesb\u00fcrger. Das ist das Ergebnis einer repr\u00e4sentativen Umfrage, die das Meinungsforschungsinstitut Kantar anl\u00e4sslich des heutigen Jahrestages des UN-Atomwaffenverbotsvertrags im Auftrag von Greenpeace durchgef\u00fchrt hat (online hier act.gp\/2Dg82SM:). Dieser verbietet u.a. Produktion, Test, Erwerb, Stationierung und den Einsatz von Kernwaffen.<\/p>\n<blockquote><p>75 Jahre nach den Atombombenabw\u00fcrfen auf Hiroshima und Nagasaki hat die deutsche Bev\u00f6lkerung eine klare Haltung gegen Atomwaffen auf deutschem Boden. Es ist daher \u00fcberf\u00e4llig, den Atomwaffenverbotsvertrag zu unterzeichnen,<\/p><\/blockquote>\n<p>sagt Christoph von Lieven, Greenpeace-Sprecher f\u00fcr atomare Abr\u00fcstung.<\/p>\n<h4>Deutliche Mehrheit gegen Kauf von atomwaffentragf\u00e4higen Kampfjets<\/h4>\n<p>Auf die Frage<\/p>\n<blockquote><p>In Deutschland sollen die bisher genutzten Tornado-Kampfjets durch neue Kampfflugzeuge ersetzt werden. F\u00e4nden Sie es richtig oder falsch, wenn ein Teil dieser neuen Kampfflugzeuge zum Abwurf von Atombomben geeignet w\u00e4re?<\/p><\/blockquote>\n<p>finden sich partei\u00fcbergreifend gro\u00dfe Mehrheiten: Insgesamt lehnen 78 Prozent der Befragten den Kauf von Kampfflugzeugen als Atomwaffentr\u00e4ger ab. 74 Prozent der SPD-Anh\u00e4nger und -Anh\u00e4ngerinnen <img loading=\"lazy\" decoding=\"async\" class=\" wp-image-15203 alignright\" src=\"https:\/\/www.friedenkoeln.de\/wp-content\/uploads\/2020\/07\/Greenpeace-Umfrage_Atomwaffen_Deckblatt_2020-scaled.jpg\" alt=\"Deckblatt einer Publikation mit der Grafik einer zu Boden fliegenden raketenf\u00f6rmigen schwarzen Bombe und einem schwarzen Atompilz auf gelbem Grund.\" width=\"409\" height=\"579\" srcset=\"https:\/\/www.friedenkoeln.de\/wp-content\/uploads\/2020\/07\/Greenpeace-Umfrage_Atomwaffen_Deckblatt_2020-scaled.jpg 1809w, https:\/\/www.friedenkoeln.de\/wp-content\/uploads\/2020\/07\/Greenpeace-Umfrage_Atomwaffen_Deckblatt_2020-106x150.jpg 106w, https:\/\/www.friedenkoeln.de\/wp-content\/uploads\/2020\/07\/Greenpeace-Umfrage_Atomwaffen_Deckblatt_2020-1447x2048.jpg 1447w\" sizes=\"auto, (max-width: 409px) 100vw, 409px\" \/>sprechen sich dagegen aus, bei den Unionsanh\u00e4ngerinnen und -anh\u00e4ngern sind es 80 Prozent. 89 Prozent der Unterst\u00fctzer und Unterst\u00fctzerinnen von B\u00fcndnis 90\/Die Gr\u00fcnen sind gegen die Anschaffung, unter den Anh\u00e4ngerinnen und Anh\u00e4ngern von FDP sind es 65 Prozent. 89 Prozent der Unterst\u00fctzerinnen und Unterst\u00fctzer der Linken sind gegen die Anschaffung. Unter den Befragten, die sich politisch der AFD zuordnen, sprechen sich 74 Prozent gegen den Kauf aus. Das Meinungsforschungsinstitut Kantar hat f\u00fcr Greenpeace im Zeitraum vom 1. \u20132. Juli 2020 1008 Personen befragt.<\/p>\n<p>Verteidigungsministerin Annegret Kramp-Karrenbauer (CDU) k\u00fcndigte im April an, die \u00fcberalterte Tornado-Flotte durch Eurofighter und F-18-Kampfflugzeuge zu ersetzen. Im Bundestag hatte sich anl\u00e4sslich der Tornado-Nachfolge eine Diskussion um die erweiterte nukleare Teilhabe Deutschlands entwickelt. W\u00e4hrend die SPD-Spitze um den Fraktionsvorsitzenden Rolf M\u00fctzenich f\u00fcr den Abzug der US-amerikanischen Atombomben aus Deutschland pl\u00e4dierte, sprachen sich Mitglieder der Union inzwischen f\u00fcr den Beibehalt dieser aus.<\/p>\n<blockquote><p>Unter der Regierung von CDU und FDP hat der Bundestag bereits 2010 beschlossen, die US-amerikanischen Atombomben aus Deutschland abzuziehen. Das ist nie umgesetzt worden. Statt Milliarden von Steuergeldern f\u00fcr eine veraltete und gef\u00e4hrliche Abschreckungsdoktrin zu verschwenden, sollte die Union diesen Beschluss endlich in die Tat umsetzen. Dies w\u00e4re eine \u00f6konomisch wie sicherheitspolitisch zeitgem\u00e4\u00dfe Entscheidung,<\/p><\/blockquote>\n<p>so von Lieven.<\/p>\n<p>Greenpeace setzt sich ein f\u00fcr das friedliche L\u00f6sen von Konflikten, den Erhalt demokratischer Rechte, ein R\u00fcstungsexportverbot in Drittl\u00e4nder, Krisen- und Kriegsgebiete sowie weltweite atomare Abr\u00fcstung und Umweltschutz.<\/p>\n<hr \/>\n<p><em>Wir freuen uns dar\u00fcber, dass Greenpeace sich weiterhin nicht nur f\u00fcr &#8222;green&#8220;, sondern auch f\u00fcr &#8222;peace&#8220; einsetzt. Die K\u00f6lner Greenpeace-Gruppe setzt sich ebenfalls f\u00fcr Friedensthemen ein: zwei aktuelle von ihr produzierte B\u00fcrgerradiosendungen behandelten <a href=\"https:\/\/www.friedenkoeln.de\/?p=14556\">Uranmunition (Dezember 2019)<\/a> und <a href=\"https:\/\/www.friedenkoeln.de\/?p=14597\">Atomwaffen (Januar 2020)<\/a>.<\/em><\/p>\n","protected":false},"excerpt":{"rendered":"<p>Wir ver\u00f6ffentlichen die Presseerkl\u00e4rung von Greenpeace vom 07. Juli 2020 Greenpeace Umfrage: Gro\u00dfe Mehrheit f\u00fcr Unterzeichnung des Atomwaffenverbotsvertrags Deutschland soll keine Kampfflugzeuge f\u00fcr Atomwaffen anschaffen Hamburg, 7. 7. 2020 \u2013 Die Unterzeichnung des Atomwaffenverbotsvertrags&#46;&#46;&#46;<\/p>\n","protected":false},"author":110,"featured_media":15203,"comment_status":"open","ping_status":"open","sticky":false,"template":"","format":"standard","meta":{"footnotes":""},"categories":[87],"tags":[33,112,153,48],"class_list":["post-15201","post","type-post","status-publish","format-standard","has-post-thumbnail","hentry","category-pressemitteilung","tag-atomwaffen","tag-atomwaffenverbotsvertrag","tag-aufruestung","tag-bundeswehr"],"_links":{"self":[{"href":"https:\/\/www.friedenkoeln.de\/index.php?rest_route=\/wp\/v2\/posts\/15201","targetHints":{"allow":["GET"]}}],"collection":[{"href":"https:\/\/www.friedenkoeln.de\/index.php?rest_route=\/wp\/v2\/posts"}],"about":[{"href":"https:\/\/www.friedenkoeln.de\/index.php?rest_route=\/wp\/v2\/types\/post"}],"author":[{"embeddable":true,"href":"https:\/\/www.friedenkoeln.de\/index.php?rest_route=\/wp\/v2\/users\/110"}],"replies":[{"embeddable":true,"href":"https:\/\/www.friedenkoeln.de\/index.php?rest_route=%2Fwp%2Fv2%2Fcomments&post=15201"}],"version-history":[{"count":5,"href":"https:\/\/www.friedenkoeln.de\/index.php?rest_route=\/wp\/v2\/posts\/15201\/revisions"}],"predecessor-version":[{"id":15210,"href":"https:\/\/www.friedenkoeln.de\/index.php?rest_route=\/wp\/v2\/posts\/15201\/revisions\/15210"}],"wp:featuredmedia":[{"embeddable":true,"href":"https:\/\/www.friedenkoeln.de\/index.php?rest_route=\/wp\/v2\/media\/15203"}],"wp:attachment":[{"href":"https:\/\/www.friedenkoeln.de\/index.php?rest_route=%2Fwp%2Fv2%2Fmedia&parent=15201"}],"wp:term":[{"taxonomy":"category","embeddable":true,"href":"https:\/\/www.friedenkoeln.de\/index.php?rest_route=%2Fwp%2Fv2%2Fcategories&post=15201"},{"taxonomy":"post_tag","embeddable":true,"href":"https:\/\/www.friedenkoeln.de\/index.php?rest_route=%2Fwp%2Fv2%2Ftags&post=15201"}],"curies":[{"name":"wp","href":"https:\/\/api.w.org\/{rel}","templated":true}]}}