{"id":15239,"date":"2020-07-29T23:12:34","date_gmt":"2020-07-29T21:12:34","guid":{"rendered":"https:\/\/www.friedenkoeln.de\/?p=15239"},"modified":"2020-07-29T23:12:48","modified_gmt":"2020-07-29T21:12:48","slug":"mitmachen-kundgebung-zum-75-jahrestag-des-atombombenabwurfs-auf-hiroshima-und-nagasaki-auf-dem-roncalliplatz-koeln","status":"publish","type":"post","link":"https:\/\/www.friedenkoeln.de\/?p=15239","title":{"rendered":"Mitmachen: Kundgebung zum 75. Jahrestag des Atombombenabwurfs auf Hiroshima und Nagasaki auf dem Roncalliplatz K\u00f6ln"},"content":{"rendered":"<div class=\"post-meta clearfix\"><em>Wir laden herzlich zur Kundgebung am 6.8.2020 ein. Bitte beachtet auch die Filmvorf\u00fchrung &#8222;The Man Who Saved the World&#8220; am Vortag (s. Flyer)!<\/em><\/div>\n<div class=\"entry-content clearfix\">\n<hr \/>\n<h4><strong>Nie wieder Hiroshima und Nagasaki!\u00a0<\/strong><strong>Atomwaffen abschaffen!<\/strong><\/h4>\n<p><a href=\"http:\/\/koelnerfriedensforum.org\/wp-content\/mediathek\/2020\/07\/Nie-wieder-Hiroshima-Aktivit\u00e4ten-2020.pdf\">Flyer als pdf mit allen Terminen (Link zum K\u00f6lner Friedensforum)<\/a><\/p>\n<p style=\"text-align: center;\"><strong>Kundgebung am 6. August 2020, 17.00 Uhr, Roncalliplatz, am K\u00f6lner Dom<\/strong><\/p>\n<p>Mit:<\/p>\n<ul>\n<li><strong>Andreas Zumach<\/strong>, Journalist und Publizist<\/li>\n<li><strong>Henriette Reker<\/strong>, Oberb\u00fcrgermeisterin Stadt K\u00f6ln<\/li>\n<li><strong>Heribert Graab<\/strong>, SJ, Pax Christi<\/li>\n<li><strong>Kathi M\u00fcller<\/strong>, DFG-VK, Teilnehmerin an UN-Delegation 2019<\/li>\n<li>Pfarrer <strong>Hans M\u00f6rtter<\/strong>, Luther Kirche, S\u00fcdstadt<\/li>\n<li><strong>Kai Fiedler<\/strong>, Greenpeace \u2013 K\u00f6ln<\/li>\n<li><strong>Rolf M\u00fctzenich<\/strong>, MdB, schriftl. Gru\u00dfwort<\/li>\n<li><strong>Klaus der Geiger<\/strong>, Musik<\/li>\n<li><strong>Anne Schulz<\/strong> , Moderation<\/li>\n<\/ul>\n<blockquote><p>Frieden bedeutet heute die H\u00f6herentwicklung von der einfachen Koexistenz zur Zusammenarbeit und zum Sch\u00f6pfertum der Staaten und V\u00f6lker.<\/p><\/blockquote>\n<p>(Aus der Rede Michail Gorbatschows bei der Verleihung des Friedensnobelpreises am 5. Juni 1991 in Oslo).<\/p>\n<p>Vor 75 Jahren, am 6. und 9. August 1945 wurden durch die Abw\u00fcrfe der Atombomben auf\u00a0die japanischen St\u00e4dte Hiroshima und Nagasaki mehr als 100 000 Menschen vernichtet,\u00a0Tausende starben wenig sp\u00e4ter an den Folgen der radioaktiven Verseuchung.<\/p>\n<p>Mit dem Einsatz der Atombomben sind atomare Abr\u00fcstung und globale Zusammenarbeit f\u00fcr den Erhalt des Friedens zu einer unbedingten Notwendigkeit f\u00fcr alle Menschen geworden. Denn die Logik atomarer \u201eAbschreckung\u201c gr\u00fcndet auf der M\u00f6glichkeit eines Atomkriegs und negiert die M\u00f6glichkeit eines produktiven, solidarischen Zusammenlebens der Menschen \u00fcber nationale Grenzen hinweg.<\/p>\n<p>Mit den Abw\u00fcrfen j\u00e4hren sich auch 75 Jahre Aufkl\u00e4rung und Engagement f\u00fcr eine atomwaffenfreie Welt: Mittlerweile sind \u00fcber 7.000 St\u00e4dte in 162 L\u00e4ndern den \u201eMayors for Peace\u201c, den B\u00fcrgermeistern f\u00fcr den Frieden, beigetreten \u2013 dazu geh\u00f6rt auch die Stadt K\u00f6ln. Die Internationale Kampagne zur Abschaffung von Atomwaffen (ICAN) hat 2017 den Friedensnobelpreis f\u00fcr das Engagement f\u00fcr einen globalen Atomwaffenverbotsvertrag bekommen. Eben diesen Vertrag der Vereinten Nationen haben mittlerweile 38\u00a0L\u00e4nder ratifiziert, 12 weitere fehlen, damit der Vertrag in Kraft treten kann. Deutschland geh\u00f6rt bisher nicht zu den Unterzeichnern.<\/p>\n<p>Gerade von Deutschland k\u00f6nnte ein wichtiger Impuls f\u00fcr atomare Abr\u00fcstung und Entspannungspolitik ausgehen: Die Lagerung der US-Atomwaffen in B\u00fcchel, 150 Kilometer von K\u00f6ln entfernt, wird von der gro\u00dfen Mehrheit der Bev\u00f6lkerung abgelehnt und ist mittlerweile auch in der Gro\u00dfen Koalition offen umstritten. Der Abzug der US-Atomwaffen aus Deutschland ist von zentraler Bedeutung, um dem fahrl\u00e4ssigen und brandgef\u00e4hrlichen atomaren S\u00e4belrasseln des US-Pr\u00e4sidenten in den Arm zu fallen und Voraussetzungen f\u00fcr eine neue \u00c4ra der Entspannungspolitik und internationaler R\u00fcstungskontrolle und Abr\u00fcstung zu schaffen.<\/p>\n<p>Die L\u00f6sung der zivilisatorischen Zukunftsfragen, der Erhalt der nat\u00fcrlichen Lebensgrundlagen, die Verwirklichung von Ern\u00e4hrung und Gesundheit, die St\u00e4rkung von Demokratie und sozialer Gerechtigkeit erfordern Abr\u00fcstung und Sozialaufbau, globale Zusammenarbeit statt nationaler Machtpolitik.<\/p>\n<h4>Wir rufen daher am 75. Jahrestag der Atombombenabw\u00fcrfe zu einer Kundgebung gegen Atomwaffen und f\u00fcr das Leben auf.<\/h4>\n<h4>Die Atomwaffen aus B\u00fcchel m\u00fcssen abgezogen werden. Die BRD muss dem Atomwaffenverbotsvertrag der Vereinten Nationen beitreten!<\/h4>\n<p><img loading=\"lazy\" decoding=\"async\" class=\"size-full wp-image-15242 aligncenter\" src=\"https:\/\/www.friedenkoeln.de\/wp-content\/uploads\/2020\/07\/Nie-wieder-Hiroshima-Aktivit\u00e4ten-2020_Flyer_Seite-1-scaled.jpg\" alt=\"Ank\u00fcndigungstext auf dem Hintergrund einer Atombombenexplosionswolke\" width=\"1810\" height=\"2560\" srcset=\"https:\/\/www.friedenkoeln.de\/wp-content\/uploads\/2020\/07\/Nie-wieder-Hiroshima-Aktivit\u00e4ten-2020_Flyer_Seite-1-scaled.jpg 1810w, https:\/\/www.friedenkoeln.de\/wp-content\/uploads\/2020\/07\/Nie-wieder-Hiroshima-Aktivit\u00e4ten-2020_Flyer_Seite-1-106x150.jpg 106w, https:\/\/www.friedenkoeln.de\/wp-content\/uploads\/2020\/07\/Nie-wieder-Hiroshima-Aktivit\u00e4ten-2020_Flyer_Seite-1-1448x2048.jpg 1448w\" sizes=\"auto, (max-width: 1810px) 100vw, 1810px\" \/><\/p>\n<hr \/>\n<p><em>K\u00f6lner Friedensforum zusammen mit zahlreichen weiteren K\u00f6lner Organisationen (s. <a href=\"http:\/\/koelnerfriedensforum.org\/wp-content\/mediathek\/2020\/07\/Nie-wieder-Hiroshima-Aktivit\u00e4ten-2020.pdf\">Flyer<\/a>).<\/em><\/p>\n<\/div>\n","protected":false},"excerpt":{"rendered":"<p>Wir laden herzlich zur Kundgebung am 6.8.2020 ein. Bitte beachtet auch die Filmvorf\u00fchrung &#8222;The Man Who Saved the World&#8220; am Vortag (s. Flyer)! Nie wieder Hiroshima und Nagasaki!\u00a0Atomwaffen abschaffen! Flyer als pdf mit allen&#46;&#46;&#46;<\/p>\n","protected":false},"author":110,"featured_media":15242,"comment_status":"open","ping_status":"open","sticky":false,"template":"","format":"standard","meta":{"footnotes":""},"categories":[104,158],"tags":[33,45,91],"class_list":["post-15239","post","type-post","status-publish","format-standard","has-post-thumbnail","hentry","category-ankuendigung","category-flyer","tag-atomwaffen","tag-geschichte","tag-voelkerrecht"],"_links":{"self":[{"href":"https:\/\/www.friedenkoeln.de\/index.php?rest_route=\/wp\/v2\/posts\/15239","targetHints":{"allow":["GET"]}}],"collection":[{"href":"https:\/\/www.friedenkoeln.de\/index.php?rest_route=\/wp\/v2\/posts"}],"about":[{"href":"https:\/\/www.friedenkoeln.de\/index.php?rest_route=\/wp\/v2\/types\/post"}],"author":[{"embeddable":true,"href":"https:\/\/www.friedenkoeln.de\/index.php?rest_route=\/wp\/v2\/users\/110"}],"replies":[{"embeddable":true,"href":"https:\/\/www.friedenkoeln.de\/index.php?rest_route=%2Fwp%2Fv2%2Fcomments&post=15239"}],"version-history":[{"count":6,"href":"https:\/\/www.friedenkoeln.de\/index.php?rest_route=\/wp\/v2\/posts\/15239\/revisions"}],"predecessor-version":[{"id":15246,"href":"https:\/\/www.friedenkoeln.de\/index.php?rest_route=\/wp\/v2\/posts\/15239\/revisions\/15246"}],"wp:featuredmedia":[{"embeddable":true,"href":"https:\/\/www.friedenkoeln.de\/index.php?rest_route=\/wp\/v2\/media\/15242"}],"wp:attachment":[{"href":"https:\/\/www.friedenkoeln.de\/index.php?rest_route=%2Fwp%2Fv2%2Fmedia&parent=15239"}],"wp:term":[{"taxonomy":"category","embeddable":true,"href":"https:\/\/www.friedenkoeln.de\/index.php?rest_route=%2Fwp%2Fv2%2Fcategories&post=15239"},{"taxonomy":"post_tag","embeddable":true,"href":"https:\/\/www.friedenkoeln.de\/index.php?rest_route=%2Fwp%2Fv2%2Ftags&post=15239"}],"curies":[{"name":"wp","href":"https:\/\/api.w.org\/{rel}","templated":true}]}}