{"id":15467,"date":"2020-10-10T22:55:33","date_gmt":"2020-10-10T20:55:33","guid":{"rendered":"https:\/\/www.friedenkoeln.de\/?p=15467"},"modified":"2020-11-18T12:37:21","modified_gmt":"2020-11-18T10:37:21","slug":"jetzt-anmelden-atomkrieg-aus-versehen-diskussion-mit-rolf-muetzenich-und-karl-hans-blaesius-in-koeln","status":"publish","type":"post","link":"https:\/\/www.friedenkoeln.de\/?p=15467","title":{"rendered":"Jetzt anmelden: Atomkrieg &#8222;aus Versehen&#8220;? Diskussion mit Rolf M\u00fctzenich und Karl Hans Bl\u00e4sius in K\u00f6ln"},"content":{"rendered":"<div class=\"tx-makkurse__kurs--show__left\">\n<p><em>NACHTRAG: Die Veranstaltung wurde auf den 21.1.2021, 19:00 Uhr, verschoben und wird online stattfinden!\u00a0<\/em><\/p>\n<p><em>Wir laden herzlich ein &#8211; bitte Anmeldung nicht vergessen!<\/em><\/p>\n<hr \/>\n<h4 style=\"text-align: center;\">Atomkrieg &#8222;aus Versehen&#8220;? Fr\u00fchwarnsysteme und K\u00fcnstliche Intelligenz<\/h4>\n<p style=\"text-align: center;\">Eine\u00a0Experten-Diskussion mit<\/p>\n<h4 style=\"text-align: center;\">Dr. Rolf M\u00fctzenich, Vorsitzender der SPD-Bundestagsfraktion,<\/h4>\n<p style=\"text-align: center;\">und<\/p>\n<\/div>\n<h4 style=\"text-align: center;\">Prof. Dr. Karl Hans Bl\u00e4sius, Hochschule Trier<\/h4>\n<h4 style=\"text-align: center;\">Moderation: Christiane Lammers<\/h4>\n<div style=\"text-align: center;\">am Donnerstag, 12. November 2020, um 19:00 &#8211; 21:00<\/div>\n<div>\n<p style=\"text-align: center;\">in der Evangelischen Immanuel-Kirche, Paul-Humburg-Stra\u00dfe 11, 50737 K\u00f6ln-Longerich<\/p>\n<p style=\"text-align: center;\"><strong>Anmeldung erforderlich: anmeldung@melanchthon-akademie.de<\/strong><\/p>\n<\/div>\n<div class=\"tx-makkurse__kurs--show__left\">\n<div>Die Gefahr eines Atomkrieges aus Versehen ist gro\u00df, warnt der Informatiker Prof. Dr. Karl Hans Bl\u00e4sius aus Trier. Fr\u00fchwarn- und Entscheidungssysteme der Atomwaffenstaaten sollen m\u00f6gliche Angriffe melden und bewerten. Wie beeinflusst das politische Umfeld die Bewertung von Alarmmeldungen? Was hat der Klimawandel mit dem Atomkriegsrisiko zu tun? Kann K\u00fcnstliche Intelligenz das Risiko von Falschmeldungen verringern?<\/div>\n<div><\/div>\n<div>Tragen die rund zwanzig auf dem Bundeswehr-Flugplatz B\u00fcchel (Eifel) stationierten US-Atombomben zur Sicherheit Deutschlands bei? Der SPD-Fraktionsvorsitzende im Deutschen Bundestag Dr. Rol<span style=\"font-size: medium;\">f M\u00fctzenich glaubt das nicht. Er h\u00e4lt das Eskalationsrisiko f\u00fcr &#8222;un\u00fcberschaubar&#8220; und erkl\u00e4rt, die USA s\u00e4hen in den Atomwaffen nicht mehr nur ein Mittel der Abschreckung, sondern ein Mittel der Kriegf\u00fchrung. Dient die &#8222;Nukleare Teilhabe&#8220; Deutschlands an den US-Atombomben der Sicherheit in Europa, oder ist sie selbst ein Sicherheitsrisiko?<\/span><\/div>\n<\/div>\n<p data-veranstalter=\"3\"><img loading=\"lazy\" decoding=\"async\" class=\" wp-image-15478 aligncenter\" src=\"https:\/\/www.friedenkoeln.de\/wp-content\/uploads\/2020\/10\/Atomkrieg-aus-Versehen-Plakat-final-scaled.jpg\" alt=\"Plakat zur Veranstaltung &quot;Atomkrieg aus Versehen? Fr\u00fchwarnsysteme und K\u00fcnstliche Intelligenz&quot; am 12.11.2020 mit Rolf M\u00fctzenich, Karl Hans Bl\u00e4sius und Christiane Lammers (Moderation).\" width=\"535\" height=\"757\" srcset=\"https:\/\/www.friedenkoeln.de\/wp-content\/uploads\/2020\/10\/Atomkrieg-aus-Versehen-Plakat-final-scaled.jpg 1810w, https:\/\/www.friedenkoeln.de\/wp-content\/uploads\/2020\/10\/Atomkrieg-aus-Versehen-Plakat-final-106x150.jpg 106w, https:\/\/www.friedenkoeln.de\/wp-content\/uploads\/2020\/10\/Atomkrieg-aus-Versehen-Plakat-final-1448x2048.jpg 1448w\" sizes=\"auto, (max-width: 535px) 100vw, 535px\" \/><\/p>\n<div>Veranstalter:<\/div>\n<p>DFG-VK Gruppe K\u00f6ln, Internationaler Vers\u00f6hnungsbund Regionalgruppe K\u00f6ln, Friedensbildungswerk K\u00f6ln, Melanchthon-Akademie K\u00f6ln, Katholisches Bildungswerk K\u00f6ln, K\u00f6lner Friedensforum, pax christi Gruppe K\u00f6ln<\/p>\n<hr \/>\n<p><a href=\"https:\/\/www.friedenkoeln.de\/wp-content\/uploads\/2020\/10\/Atomkrieg-aus-Versehen-Flyer-final.pdf\"><em>Flyer zum Download<\/em><\/a><\/p>\n<p><a href=\"https:\/\/www.friedenkoeln.de\/wp-content\/uploads\/2020\/10\/Atomkreig-aus-Versehen-Plakat-final.pdf\"><em>Plakat zum Download<\/em><\/a><\/p>\n","protected":false},"excerpt":{"rendered":"<p>NACHTRAG: Die Veranstaltung wurde auf den 21.1.2021, 19:00 Uhr, verschoben und wird online stattfinden!\u00a0 Wir laden herzlich ein &#8211; bitte Anmeldung nicht vergessen! Atomkrieg &#8222;aus Versehen&#8220;? Fr\u00fchwarnsysteme und K\u00fcnstliche Intelligenz Eine\u00a0Experten-Diskussion mit Dr. Rolf&#46;&#46;&#46;<\/p>\n","protected":false},"author":110,"featured_media":15478,"comment_status":"open","ping_status":"open","sticky":false,"template":"","format":"standard","meta":{"footnotes":""},"categories":[104],"tags":[120,33,63,191],"class_list":["post-15467","post","type-post","status-publish","format-standard","has-post-thumbnail","hentry","category-ankuendigung","tag-abschreckung","tag-atomwaffen","tag-informatik","tag-kuenstliche-intelligenz"],"_links":{"self":[{"href":"https:\/\/www.friedenkoeln.de\/index.php?rest_route=\/wp\/v2\/posts\/15467","targetHints":{"allow":["GET"]}}],"collection":[{"href":"https:\/\/www.friedenkoeln.de\/index.php?rest_route=\/wp\/v2\/posts"}],"about":[{"href":"https:\/\/www.friedenkoeln.de\/index.php?rest_route=\/wp\/v2\/types\/post"}],"author":[{"embeddable":true,"href":"https:\/\/www.friedenkoeln.de\/index.php?rest_route=\/wp\/v2\/users\/110"}],"replies":[{"embeddable":true,"href":"https:\/\/www.friedenkoeln.de\/index.php?rest_route=%2Fwp%2Fv2%2Fcomments&post=15467"}],"version-history":[{"count":12,"href":"https:\/\/www.friedenkoeln.de\/index.php?rest_route=\/wp\/v2\/posts\/15467\/revisions"}],"predecessor-version":[{"id":15585,"href":"https:\/\/www.friedenkoeln.de\/index.php?rest_route=\/wp\/v2\/posts\/15467\/revisions\/15585"}],"wp:featuredmedia":[{"embeddable":true,"href":"https:\/\/www.friedenkoeln.de\/index.php?rest_route=\/wp\/v2\/media\/15478"}],"wp:attachment":[{"href":"https:\/\/www.friedenkoeln.de\/index.php?rest_route=%2Fwp%2Fv2%2Fmedia&parent=15467"}],"wp:term":[{"taxonomy":"category","embeddable":true,"href":"https:\/\/www.friedenkoeln.de\/index.php?rest_route=%2Fwp%2Fv2%2Fcategories&post=15467"},{"taxonomy":"post_tag","embeddable":true,"href":"https:\/\/www.friedenkoeln.de\/index.php?rest_route=%2Fwp%2Fv2%2Ftags&post=15467"}],"curies":[{"name":"wp","href":"https:\/\/api.w.org\/{rel}","templated":true}]}}