{"id":15469,"date":"2020-10-23T15:19:25","date_gmt":"2020-10-23T13:19:25","guid":{"rendered":"https:\/\/www.friedenkoeln.de\/?p=15469"},"modified":"2020-10-23T15:48:15","modified_gmt":"2020-10-23T13:48:15","slug":"jetzt-unterzeichnen-sicherheit-neu-denken-deutschland-stellt-bis-2040-auf-zivile-sicherheitspolitik-um","status":"publish","type":"post","link":"https:\/\/www.friedenkoeln.de\/?p=15469","title":{"rendered":"Jetzt unterzeichnen: &#8222;Sicherheit neu denken&#8220; &#8211; Deutschland stellt bis 2040 auf zivile Sicherheitspolitik um"},"content":{"rendered":"<div title=\"Page 1\"><em>Wir haben den folgenden <a href=\"https:\/\/www.sicherheitneudenken.de\/html\/content\/ich_unterzeichne.html\">Aufruf<\/a> der Initiative &#8222;Sicherheit neu denken&#8220; unterzeichnet, die Schritte zur Umstellung der Au\u00dfen- und Sicherheitspolitik auf gewaltfreie Mittel in Deutschland bis zum Jahr 2040 beschreibt. Gruppen und Einzelpersonen k\u00f6nnen sich uns anschlie\u00dfen!\u00a0<\/em><\/div>\n<div title=\"Page 1\">\n<hr \/>\n<\/div>\n<div title=\"Page 1\">\n<h4 title=\"Page 1\">Sicherheit neu denken<\/h4>\n<p>Das Konzept Zivile Sicherheitspolitik beschreibt das Ziel einer zivilen Au\u00dfen- und Sicherheitspolitik ohne Milit\u00e4r. Es skizziert Schritte und Etappen dorthin und zeigt in f\u00fcnf Politikfeldern den m\u00f6glichen Weg zu einer Gesellschaft, die auf Gewaltpr\u00e4vention und Kooperation setzt:<\/p>\n<ul>\n<li>\u00d6kologisch, sozial und wirtschaftlich gerechte Au\u00dfenbeziehungen,<\/li>\n<li>F\u00f6rderung nachhaltiger Entwicklung der EU-Anrainerstaaten,<\/li>\n<li>Investitionen in Krisenpr\u00e4vention sowie eine starke UNO und OSZE,<\/li>\n<li>Entwicklung einer starken, resilienten Demokratie, die Krisen zivil bew\u00e4ltigt,<\/li>\n<li>Konversion von Bundeswehr und R\u00fcstungsindustrie.<\/li>\n<\/ul>\n<p>Wir bef\u00fcrworten einen Paradigmen-Wechsel:<\/p>\n<ul>\n<li>weg von der jetzigen Regierungspolitik, die \u201eVerantwortung\u201c als milit\u00e4rische St\u00e4rke und Intervention missversteht,<\/li>\n<li>hin zu einer Sicherheitspolitik, die nicht mehr auf Gewalt und Krieg beruht,<br \/>\nsondern auf Kooperation und auf dem Wohlergehen aller Menschen und der Natur.<\/li>\n<\/ul>\n<p>Unser Ziel:<\/p>\n<p>Deutschland stellt bis zum Jahr 2040 schrittweise um auf eine zivile Sicherheitspolitik.<\/p>\n<p>Dies unterst\u00fctze ich mit meiner Unterschrift.<\/p>\n<p>Initiative \u201eSicherheit neu denken\u201c<br \/>\nKoordinator Ralf Becker, Mittelstr. 9, 34474 Diemelstadt-Wethen, 01525-4559664, ralf.becker@ekiba.de<\/p>\n<div id=\"attachment_15499\" style=\"width: 610px\" class=\"wp-caption aligncenter\"><img loading=\"lazy\" decoding=\"async\" aria-describedby=\"caption-attachment-15499\" class=\"size-full wp-image-15499\" src=\"https:\/\/www.friedenkoeln.de\/wp-content\/uploads\/2020\/10\/zivile_sicherheitspoliitk.jpg\" alt=\"Ein angedeutetes, auf f\u00fcnf S\u00e4ulen stehendes Haus in blaugrauer Farbe, auf dessen Giebel &quot;Zivile Sicherheitspolitik&quot; steht und vor dem viele bunte skizzierte Menschenfiguren versammelt sind.\" width=\"600\" height=\"450\" srcset=\"https:\/\/www.friedenkoeln.de\/wp-content\/uploads\/2020\/10\/zivile_sicherheitspoliitk.jpg 600w, https:\/\/www.friedenkoeln.de\/wp-content\/uploads\/2020\/10\/zivile_sicherheitspoliitk-150x113.jpg 150w\" sizes=\"auto, (max-width: 600px) 100vw, 600px\" \/><p id=\"caption-attachment-15499\" class=\"wp-caption-text\">&#8222;Zivile Sicherheitspolitik&#8220; &#8211; Logo des von der Badischen Landeskirche entwickelten Szenarios &#8222;Sicherheit neu denken&#8220;. Quelle: https:\/\/www.sicherheitneudenken.de<\/p><\/div>\n<\/div>\n","protected":false},"excerpt":{"rendered":"<p>Wir haben den folgenden Aufruf der Initiative &#8222;Sicherheit neu denken&#8220; unterzeichnet, die Schritte zur Umstellung der Au\u00dfen- und Sicherheitspolitik auf gewaltfreie Mittel in Deutschland bis zum Jahr 2040 beschreibt. Gruppen und Einzelpersonen k\u00f6nnen sich&#46;&#46;&#46;<\/p>\n","protected":false},"author":110,"featured_media":15499,"comment_status":"open","ping_status":"open","sticky":false,"template":"","format":"standard","meta":{"footnotes":""},"categories":[116],"tags":[40,36,144,73,76],"class_list":["post-15469","post","type-post","status-publish","format-standard","has-post-thumbnail","hentry","category-aufruf","tag-demokratie","tag-oekologie-und-frieden","tag-sicherheitspolitik","tag-vereinte-nationen","tag-wirtschaft"],"_links":{"self":[{"href":"https:\/\/www.friedenkoeln.de\/index.php?rest_route=\/wp\/v2\/posts\/15469","targetHints":{"allow":["GET"]}}],"collection":[{"href":"https:\/\/www.friedenkoeln.de\/index.php?rest_route=\/wp\/v2\/posts"}],"about":[{"href":"https:\/\/www.friedenkoeln.de\/index.php?rest_route=\/wp\/v2\/types\/post"}],"author":[{"embeddable":true,"href":"https:\/\/www.friedenkoeln.de\/index.php?rest_route=\/wp\/v2\/users\/110"}],"replies":[{"embeddable":true,"href":"https:\/\/www.friedenkoeln.de\/index.php?rest_route=%2Fwp%2Fv2%2Fcomments&post=15469"}],"version-history":[{"count":7,"href":"https:\/\/www.friedenkoeln.de\/index.php?rest_route=\/wp\/v2\/posts\/15469\/revisions"}],"predecessor-version":[{"id":15503,"href":"https:\/\/www.friedenkoeln.de\/index.php?rest_route=\/wp\/v2\/posts\/15469\/revisions\/15503"}],"wp:featuredmedia":[{"embeddable":true,"href":"https:\/\/www.friedenkoeln.de\/index.php?rest_route=\/wp\/v2\/media\/15499"}],"wp:attachment":[{"href":"https:\/\/www.friedenkoeln.de\/index.php?rest_route=%2Fwp%2Fv2%2Fmedia&parent=15469"}],"wp:term":[{"taxonomy":"category","embeddable":true,"href":"https:\/\/www.friedenkoeln.de\/index.php?rest_route=%2Fwp%2Fv2%2Fcategories&post=15469"},{"taxonomy":"post_tag","embeddable":true,"href":"https:\/\/www.friedenkoeln.de\/index.php?rest_route=%2Fwp%2Fv2%2Ftags&post=15469"}],"curies":[{"name":"wp","href":"https:\/\/api.w.org\/{rel}","templated":true}]}}