{"id":15576,"date":"2020-11-18T10:52:40","date_gmt":"2020-11-18T08:52:40","guid":{"rendered":"https:\/\/www.friedenkoeln.de\/?p=15576"},"modified":"2020-11-18T10:52:40","modified_gmt":"2020-11-18T08:52:40","slug":"einladung-zur-fachtagung-sicherheit-neu-denken-friedenskonzept-kritisch-betrachtet","status":"publish","type":"post","link":"https:\/\/www.friedenkoeln.de\/?p=15576","title":{"rendered":"Einladung zur Fachtagung &#8222;Sicherheit neu denken &#8211; Friedenskonzept kritisch betrachtet&#8220;"},"content":{"rendered":"<div class=\"ce_text block\">\n<p><em>Der <a href=\"https:\/\/nrw.dfg-vk.de\/wir-in-nrw\/alois-stoff-bildungswerk\/nachrichtenleser\/fachtagung-sicherheit-neu-denken\">Landesverband NRW der DFG-VK l\u00e4dt online zum Mitdenken ein<\/a>:<\/em><\/p>\n<hr \/>\n<h4>Fachtagung &#8222;Sicherheit neu denken &#8211; Friedenskonzept kritisch betrachtet&#8220;<\/h4>\n<p>am<strong>\u00a0Sonntag, den 22. November, 14:00 &#8211; 17:00 Uhr online <\/strong>auf YouTube<\/p>\n<p>Der <a href=\"https:\/\/youtu.be\/SNAYBX1W3wY\">Zugang ist auch ohne Anmeldung bei YouTube<\/a> m\u00f6glich. Deine\u00a0Fragen und Anmerkungen kannst Du dem Moderator per Chat (mit Anmeldung bei YouTube) oder per E-Mail an <a href=\"mailto:Tagung22Nov@web.de\" target=\"_blank\" rel=\"noopener noreferrer\">Tagung22Nov@web.de<\/a>\u00a0schicken.<\/p>\n<p>Mit:<\/p>\n<p><strong>Christiane Lammers, <\/strong>Politikwissenschaftlerin und aktiv in der AG Friedenslogik der Plattform Zivile Konfliktbearbeitung, und<\/p>\n<p><strong>Ralf Becker, <\/strong>Koordinator der Initiative &#8222;Sicherheit neu denken&#8220; und Mitglied des Sprecher*innenrats der Plattform Zivile Konfliktbearbeitung.<strong><br \/>\n<\/strong><\/p>\n<p>Angesichts zunehmender Militarisierung und neuer Kriege in der Welt ver\u00f6ffentlichte 2018 eine Arbeitsgruppe, die von der badischen Landeskirche damit beauftragt worden war, ein Szenario zum Ausstieg aus der milit\u00e4rischen Sicherheitspolitik: \u201eSicherheit neu denken\u201c. Wie zuvor Szenarien f\u00fcr den Ausstieg aus der Atomkraft oder aus der Kohleverstromung zur St\u00e4rkung der entsprechenden Bewegungen gef\u00fchrt haben, soll mit diesem Szenario die Friedensbewegung unterst\u00fctzt werden in ihrem Kampf gegen Krieg und R\u00fcstung.\u00a0Das Szenario beschreibt konkrete Schritte zum Umsteuern der Sicherheitspolitik Deutschlands, zeigt M\u00f6glichkeiten auf und benennt aber auch zu erwartende Widerst\u00e4nde:<\/p>\n<\/div>\n<div class=\"ce_text block\">\n<p><img loading=\"lazy\" decoding=\"async\" class=\"size-full wp-image-15580 alignright\" src=\"https:\/\/www.friedenkoeln.de\/wp-content\/uploads\/2020\/11\/FT-Sicherheit-Videotitel.jpg\" alt=\"Grafik zur Fachtagung &quot;Sicherheit neu denken&quot; am 22.11.2020. Ein pinker Kopf mit abstrakt gestaltetem nachdenklichen Auge und Zahnr\u00e4dern im Bereich des Hinterkopfs, die in die Au\u00dfenwelt reichen, und einem schemenhaften Stahlhelm, der von den Zahnr\u00e4dchen vom Kopf weggedr\u00fcckt zu werden scheint. Der Hintergrund ist blau mit lila-farbener T\u00f6nung.\" width=\"454\" height=\"240\" srcset=\"https:\/\/www.friedenkoeln.de\/wp-content\/uploads\/2020\/11\/FT-Sicherheit-Videotitel.jpg 454w, https:\/\/www.friedenkoeln.de\/wp-content\/uploads\/2020\/11\/FT-Sicherheit-Videotitel-150x79.jpg 150w\" sizes=\"auto, (max-width: 454px) 100vw, 454px\" \/>In dem Szenario wird ein stufenweiser Prozess dargestellt, wie unter Einbeziehung breiter zivilgesellschaftlicher Kr\u00e4fte zun\u00e4chst die Idee des Ausstiegs aus der milit\u00e4rischen Sicherheitspolitik verbreitet wird, dann \u00fcber entsprechende Kampagnen Beschl\u00fcsse des Bundestages erreicht werden. Am Anfang steht dabei die Beendigung der B\u00fcrgschaften f\u00fcr R\u00fcstungsexporte, dann gibt der Bundestag Studien \u00fcber die Umsetzbarkeit des Szenarios in Auftrag, die dann einen Beschluss des Bundestages zum Umstieg in eine zivile Sicherheitspolitik erm\u00f6glichen. Deutschland setzt sich im weiteren ein f\u00fcr \u00f6kologisch, sozial und wirtschaftlich gerechtere Au\u00dfenbeziehungen, st\u00e4rkt die internationale Sicherheitsarchitektur (OSZE, UNO) und betreibt die Konversion von Bundeswehr und R\u00fcstungsindustrie. Es wird ein Wirtschafts- und Sicherheitsabkommen mit Russland geschlossen, ein erweitertes THW \u00fcbernimmt die noch f\u00fcr Katastrophenf\u00e4lle nutzbare Technik der Bundeswehr.<\/p>\n<p>Das Szenario stellt sich die Aufgabe, im Rahmen der gegebenen gesellschaftlichen Verh\u00e4ltnisse in einem Prozess der B\u00fcrgerbeteiligung Sichtweisen zu ver\u00e4ndern und politische Entscheidungstr\u00e4ger zu einem Umdenken zu bewegen. Um dies zu erreichen, werden realistische Schritte aufgezeigt und ein praktikabler Zeitrahmen entwickelt.<\/p>\n<p>Innerhalb der Friedensbewegung, der Kirchen und auf \u00f6ffentlichen Veranstaltungen ist das Szenario inzwischen viel diskutiert worden. Dabei wurde neben viel Lob auch durchaus Kritik ge\u00e4u\u00dfert. Unter anderem wird hinterfragt, inwiefern das Szenario an einem Sicherheitsbegriff festh\u00e4lt, der mit der Abgrenzung des eigenen Bereichs gegen eine \u00e4u\u00dfere Bedrohung verbunden ist.<\/p>\n<p>Ausgangspunkt des in der Friedens- und Konfliktforschung entwickelten handlungsorientierten Konzepts der Friedenslogik ist die Gewalt, die im Rahmen komplexer Konfliktsituationen angewandt bzw. mit der gedroht wird. Der Konfliktanalyse, der Bearbeitung des Konflikts unter Beteiligung Aller und dem Einbezug der<br \/>\neigenen Rolle wird eine besondere Bedeutung zugemessen. Direkt und indirekt werden sicherheitslogische Handungsdynamiken problematisiert.<\/p>\n<p>Die Tagung dient der Kontrastierung der beiden Konzepte, um herauszufinden, ob Sicherheit auch friedenslogisch neu gedacht werden kann und was dies praktisch bedeutet. Wie &#8222;Sicherheit neu denken&#8220; also die Friedensbewegung beleben kann, wollen wir bei unserer Tagung diskutieren.<\/p>\n<p>Programm:<\/p>\n<p>14:00 Begr\u00fc\u00dfung<br \/>\n<strong>Joachim Schramm, Landesgesch\u00e4ftsf\u00fchrer der DFG-VK NRW<\/strong><\/p>\n<p>14:15 \u201eSicherheit neu denken\u201c ein Ausweg aus der milit\u00e4rischen Sicherheitspolitik<br \/>\n<strong>Ralf Becker<\/strong> (Koordinator der Initiative\u201eSicherheit neu denken\u201c)<br \/>\nanschl. Antworten auf Nachfragen<\/p>\n<p>15:00 Friedenslogik oder Sicherheitslogik \u2013 Kritische Betrachtung von\u201eSicherheit neu denken\u201c<br \/>\n<strong>Christiane Lammers<\/strong> (AG Friedenslogik der Plattform Zivile Konfliktbearbeitung)<br \/>\nanschl. Antworten auf Nachfragen<\/p>\n<p>15:45 Pause<\/p>\n<p>15:55 Wie kann\u201eSicherheit neu denken\u201c die Friedensbewegung beleben?<br \/>\nDiskussion mit Ralf Becker (Koordinator der Initiative &#8222;Sicherheit neu denken&#8220;), Christiane Lammers (AG<br \/>\nFriedenslogik der Plattform Zivile Konfliktbearbeitung), Joachim Schramm (DFG-VK NRW) und dem Publikum<br \/>\nModeration: <strong>Michael S\u00fcnner<\/strong> (<a href=\"https:\/\/nrw.dfg-vk.de\/wir-in-nrw\/alois-stoff-bildungswerk\"><strong>Alois Stoff-Bildungswerk der DFG-VK NRW<\/strong><\/a>)<\/p>\n<p>17:00 Ende<\/p>\n<\/div>\n","protected":false},"excerpt":{"rendered":"<p>Der Landesverband NRW der DFG-VK l\u00e4dt online zum Mitdenken ein: Fachtagung &#8222;Sicherheit neu denken &#8211; Friedenskonzept kritisch betrachtet&#8220; am\u00a0Sonntag, den 22. November, 14:00 &#8211; 17:00 Uhr online auf YouTube Der Zugang ist auch ohne&#46;&#46;&#46;<\/p>\n","protected":false},"author":110,"featured_media":15580,"comment_status":"open","ping_status":"open","sticky":false,"template":"","format":"standard","meta":{"footnotes":""},"categories":[104],"tags":[95,144],"class_list":["post-15576","post","type-post","status-publish","format-standard","has-post-thumbnail","hentry","category-ankuendigung","tag-friedenslogik","tag-sicherheitspolitik"],"_links":{"self":[{"href":"https:\/\/www.friedenkoeln.de\/index.php?rest_route=\/wp\/v2\/posts\/15576","targetHints":{"allow":["GET"]}}],"collection":[{"href":"https:\/\/www.friedenkoeln.de\/index.php?rest_route=\/wp\/v2\/posts"}],"about":[{"href":"https:\/\/www.friedenkoeln.de\/index.php?rest_route=\/wp\/v2\/types\/post"}],"author":[{"embeddable":true,"href":"https:\/\/www.friedenkoeln.de\/index.php?rest_route=\/wp\/v2\/users\/110"}],"replies":[{"embeddable":true,"href":"https:\/\/www.friedenkoeln.de\/index.php?rest_route=%2Fwp%2Fv2%2Fcomments&post=15576"}],"version-history":[{"count":4,"href":"https:\/\/www.friedenkoeln.de\/index.php?rest_route=\/wp\/v2\/posts\/15576\/revisions"}],"predecessor-version":[{"id":15581,"href":"https:\/\/www.friedenkoeln.de\/index.php?rest_route=\/wp\/v2\/posts\/15576\/revisions\/15581"}],"wp:featuredmedia":[{"embeddable":true,"href":"https:\/\/www.friedenkoeln.de\/index.php?rest_route=\/wp\/v2\/media\/15580"}],"wp:attachment":[{"href":"https:\/\/www.friedenkoeln.de\/index.php?rest_route=%2Fwp%2Fv2%2Fmedia&parent=15576"}],"wp:term":[{"taxonomy":"category","embeddable":true,"href":"https:\/\/www.friedenkoeln.de\/index.php?rest_route=%2Fwp%2Fv2%2Fcategories&post=15576"},{"taxonomy":"post_tag","embeddable":true,"href":"https:\/\/www.friedenkoeln.de\/index.php?rest_route=%2Fwp%2Fv2%2Ftags&post=15576"}],"curies":[{"name":"wp","href":"https:\/\/api.w.org\/{rel}","templated":true}]}}