{"id":15602,"date":"2020-11-30T23:16:21","date_gmt":"2020-11-30T21:16:21","guid":{"rendered":"https:\/\/www.friedenkoeln.de\/?p=15602"},"modified":"2020-12-04T18:05:35","modified_gmt":"2020-12-04T16:05:35","slug":"kundgebung-fuer-abruestung-in-koeln-mit-anja-weber-joachim-schramm-fff-peter-donatus-und-robert-griess","status":"publish","type":"post","link":"https:\/\/www.friedenkoeln.de\/?p=15602","title":{"rendered":"Kundgebung f\u00fcr Abr\u00fcstung in K\u00f6ln mit Anja Weber, Joachim Schramm, FFF, Peter Donatus und Robert Griess"},"content":{"rendered":"<p><strong>LIVESTREAM ab 5.12.2020, 14:00 Uhr: https:\/\/youtu.be\/7Mw2eQkfTYY<\/strong><strong>\u00a0<\/strong><\/p>\n<hr \/>\n<p>Kundgebung am Samstag, den<b> 5. Dezember<\/b> in K\u00f6ln, um 14:00 Uhr auf dem Roncalli-Platz neben dem Dom:<\/p>\n<h4>&#8222;Solidarit\u00e4t und Kooperation statt Konfrontation \u2013<br \/>\nIn ein besseres Leben investieren statt in den Tod&#8220;<\/h4>\n<p>Wir freuen uns als Redner*innen unter anderem auf:<\/p>\n<ul>\n<li><b><\/b><b>Anja Weber,<\/b> Vorsitzende des Deutschen Gewerkschaftsbund (DGB) NRW<\/li>\n<\/ul>\n<ul>\n<li><b><\/b><b>Joachim Schramm,<\/b> Gesch\u00e4ftsf\u00fchrer der DFG-VK NRW<\/li>\n<\/ul>\n<ul>\n<li><b><\/b><b>Fridays for Future<\/b><\/li>\n<\/ul>\n<ul>\n<li><b><\/b><b>Peter Donatus,<\/b> Pay Day Africa<\/li>\n<\/ul>\n<ul>\n<li><b><\/b><b>Robert Griess,<\/b> Kabarettist<\/li>\n<\/ul>\n<p>Den musikalischen Takt geben: <b>Gerd Schinkel, <\/b>das <b>&#8222;Autumn Leaves Quartett&#8220; <\/b>sowie <b>&#8222;OMZ and Friends&#8220;.<\/b><\/p>\n<p><b>Den K\u00f6lner Aufruf sowie seine Unterst\u00fctzer*innen <\/b>findet ihr auf der Seite des <a href=\"https:\/\/koeln-bonn.dgb.de\/-\/v39\">DGB K\u00f6ln-Bonn<\/a>.<\/p>\n<p><b>Die Kundgebung wird unter Wahrung der Corona-Hygiene-Ma\u00dfnahmen stattfinden und wird auch im Livestream \u00fcbertragen<\/b>. Aktuelle Infos werden laufend auf einer Facebook-Seite kommuniziert, die f\u00fcr alle zug\u00e4nglich ist: <a href=\"https:\/\/kurzelinks.de\/friedenkoeln\">https:\/\/kurzelinks.de\/friedenkoeln<\/a><\/p>\n<p>Zur Mobilisierung f\u00fcr diese Aktivit\u00e4ten m\u00f6chten wir Euch auch auf unsere Aktion <b>&#8222;Stimmen f\u00fcr Frieden und Abr\u00fcstung&#8220; <\/b>hinweisen, das sind jeweils rund <b>zweimin\u00fctige Video-Clips<\/b> mit Mitstreiterinnen und Mitstreitern aus den sozialen K\u00e4mpfen:\u00a0<strong>Hans M\u00f6rtter<\/strong>, Pfarrer der Lutherkirche, mit <strong>Kalle Gerigk<\/strong>, von &#8222;Recht auf Stadt&#8220;, mit <strong>Beate Hane-Knoll<\/strong>, vom B\u00fcndnis f\u00fcr mehr Personal im Gesundheitswesen K\u00f6ln und <strong>Pauline Br\u00fcnger<\/strong>, von Fridays For Future K\u00f6ln:<br \/>\n<a href=\"https:\/\/r-mediabase.eu\/koeln-abruesten-statt-aufruesten-countdown-eins\/\">https:\/\/r-mediabase.eu\/koeln-abruesten-statt-aufruesten-countdown-eins\/<\/a><\/p>\n<p>Nicht vergessen: <a href=\"https:\/\/abruesten.jetzt\/aufruf\/\">Bundesweiten Aufruf zur Abr\u00fcstung unterschreiben!<\/a><\/p>\n<p><img loading=\"lazy\" decoding=\"async\" class=\"alignnone size-full wp-image-15593\" src=\"https:\/\/www.friedenkoeln.de\/wp-content\/uploads\/2020\/11\/125147671_3838077432877814_4902389968700186577_o.jpg\" alt=\"Blau und T\u00fcrkis gehaltene Grafik zum Aktionstag f\u00fcr Abr\u00fcstung am 5.12.2020 in K\u00f6ln auf rotem Hintergrund\" width=\"1000\" height=\"500\" srcset=\"https:\/\/www.friedenkoeln.de\/wp-content\/uploads\/2020\/11\/125147671_3838077432877814_4902389968700186577_o.jpg 1000w, https:\/\/www.friedenkoeln.de\/wp-content\/uploads\/2020\/11\/125147671_3838077432877814_4902389968700186577_o-150x75.jpg 150w, https:\/\/www.friedenkoeln.de\/wp-content\/uploads\/2020\/11\/125147671_3838077432877814_4902389968700186577_o-768x384.jpg 768w\" sizes=\"auto, (max-width: 1000px) 100vw, 1000px\" \/><\/p>\n","protected":false},"excerpt":{"rendered":"<p>LIVESTREAM ab 5.12.2020, 14:00 Uhr: https:\/\/youtu.be\/7Mw2eQkfTYY\u00a0 Kundgebung am Samstag, den 5. Dezember in K\u00f6ln, um 14:00 Uhr auf dem Roncalli-Platz neben dem Dom: &#8222;Solidarit\u00e4t und Kooperation statt Konfrontation \u2013 In ein besseres Leben investieren&#46;&#46;&#46;<\/p>\n","protected":false},"author":110,"featured_media":15593,"comment_status":"open","ping_status":"open","sticky":false,"template":"","format":"standard","meta":{"footnotes":""},"categories":[104,116],"tags":[42,147,27,29],"class_list":["post-15602","post","type-post","status-publish","format-standard","has-post-thumbnail","hentry","category-ankuendigung","category-aufruf","tag-abruestung","tag-gesundheitswesen","tag-kultur","tag-solidaritat"],"_links":{"self":[{"href":"https:\/\/www.friedenkoeln.de\/index.php?rest_route=\/wp\/v2\/posts\/15602","targetHints":{"allow":["GET"]}}],"collection":[{"href":"https:\/\/www.friedenkoeln.de\/index.php?rest_route=\/wp\/v2\/posts"}],"about":[{"href":"https:\/\/www.friedenkoeln.de\/index.php?rest_route=\/wp\/v2\/types\/post"}],"author":[{"embeddable":true,"href":"https:\/\/www.friedenkoeln.de\/index.php?rest_route=\/wp\/v2\/users\/110"}],"replies":[{"embeddable":true,"href":"https:\/\/www.friedenkoeln.de\/index.php?rest_route=%2Fwp%2Fv2%2Fcomments&post=15602"}],"version-history":[{"count":6,"href":"https:\/\/www.friedenkoeln.de\/index.php?rest_route=\/wp\/v2\/posts\/15602\/revisions"}],"predecessor-version":[{"id":15615,"href":"https:\/\/www.friedenkoeln.de\/index.php?rest_route=\/wp\/v2\/posts\/15602\/revisions\/15615"}],"wp:featuredmedia":[{"embeddable":true,"href":"https:\/\/www.friedenkoeln.de\/index.php?rest_route=\/wp\/v2\/media\/15593"}],"wp:attachment":[{"href":"https:\/\/www.friedenkoeln.de\/index.php?rest_route=%2Fwp%2Fv2%2Fmedia&parent=15602"}],"wp:term":[{"taxonomy":"category","embeddable":true,"href":"https:\/\/www.friedenkoeln.de\/index.php?rest_route=%2Fwp%2Fv2%2Fcategories&post=15602"},{"taxonomy":"post_tag","embeddable":true,"href":"https:\/\/www.friedenkoeln.de\/index.php?rest_route=%2Fwp%2Fv2%2Ftags&post=15602"}],"curies":[{"name":"wp","href":"https:\/\/api.w.org\/{rel}","templated":true}]}}