{"id":15633,"date":"2020-12-11T17:52:45","date_gmt":"2020-12-11T15:52:45","guid":{"rendered":"https:\/\/www.friedenkoeln.de\/?p=15633"},"modified":"2020-12-11T17:58:58","modified_gmt":"2020-12-11T15:58:58","slug":"was-bedeuten-jai-jagat-2020-und-ekta-parishad-kurt-luckhardt-erklaert-es-beim-naechsten-gruppentreffen","status":"publish","type":"post","link":"https:\/\/www.friedenkoeln.de\/?p=15633","title":{"rendered":"Was bedeuten &#8222;Jai Jagat 2020&#8220; und &#8222;Ekta Parishad&#8220;? &#8211; Kurt Luckhardt erkl\u00e4rt es beim n\u00e4chsten Gruppentreffen"},"content":{"rendered":"<p><em>Bei unserem n\u00e4chsten &#8211; virtuellen &#8211; Gruppentreffen am 17.12.2020 wird es spannend: unser Mitglied Kurt Luckhardt berichtet von seinen Erfahrungen aus einer Friedensbewegung mit indischem Hintergrund. Hier ist seine Ank\u00fcndigung:\u00a0<\/em><\/p>\n<hr \/>\n<p>Man kann &#8222;Jai Jagat&#8220; 2020 (&#8222;Wohlergehen f\u00fcr alle&#8220;) nicht von der Bewegung &#8222;Ekta Parishad&#8220; (&#8222;Gro\u00dfes Forum&#8220;) trennen. 2014 kam Rajagopal [einem indischen Aktivisten der Gewaltlosigkeit in der Nachfolge Gandhis] die Idee, als eine weltweite Bewegung nach Genf, der Stadt des Friedens (wie er sie benannt hat), zu gehen.<\/p>\n<p>Aufgrund seiner Erfahrung aus der Landlosenbewegung in Indien 2007 und 2012 hat er erkannt, dass viele Probleme nicht mehr national l\u00f6sbar sind. Wie wir aus der j\u00fcngsten Geschichte am Fall Griechenland erkennen k\u00f6nnen, sind viele Nationen nicht mehr in der Lage national zu handeln.<\/p>\n<p>Rajagopal gr\u00fcndet &#8222;Jai Jagat&#8220; 2020 auf vier S\u00e4ulen:<\/p>\n<ol>\n<li>Gewaltfreiheit im Gandhischen Sinn<\/li>\n<li>Befreiung von Armut<\/li>\n<li>Gerechtigkeit<\/li>\n<li>Nachhaltigkeit<\/li>\n<\/ol>\n<p>Diese vier S\u00e4ulen erf\u00fcllen \u00fcberwiegend die 17 Ziele f\u00fcr eine nachhaltige Entwicklung, die &#8222;SDGs&#8220; (&#8222;Sustainable Development Goals&#8220;), die die Vereinten Nationen 2015 beschlossen haben und bis 2030 erreichen wollen.<\/p>\n<p>Das macht es einfach, auf allen Ebenen vom Dorf bis zur Welt diese vier Ziele zu erf\u00fcllen und auch einzuklagen, bzw. mit Vorschl\u00e4gen zur Erreichung beizutragen.<\/p>\n<p>Der Vortrag wird kurz die Historie anrei\u00dfen,\u00a0die aktuelle Situation beschreiben und\u00a0einen sehr kurzen Ausblick geben: wie geht es weiter.<\/p>\n<div id=\"attachment_15653\" style=\"width: 1610px\" class=\"wp-caption aligncenter\"><img loading=\"lazy\" decoding=\"async\" aria-describedby=\"caption-attachment-15653\" class=\"size-full wp-image-15653\" src=\"https:\/\/www.friedenkoeln.de\/wp-content\/uploads\/2020\/12\/WhatsApp-Image-2019-10-02-at-20.23.12.jpeg\" alt=\"Eine Reihe Menschen zeigt Buchstabenplakate und winkt zum Fotografen, der von weit oben fotografiert.\" width=\"1600\" height=\"637\" srcset=\"https:\/\/www.friedenkoeln.de\/wp-content\/uploads\/2020\/12\/WhatsApp-Image-2019-10-02-at-20.23.12.jpeg 1600w, https:\/\/www.friedenkoeln.de\/wp-content\/uploads\/2020\/12\/WhatsApp-Image-2019-10-02-at-20.23.12-150x60.jpeg 150w, https:\/\/www.friedenkoeln.de\/wp-content\/uploads\/2020\/12\/WhatsApp-Image-2019-10-02-at-20.23.12-768x306.jpeg 768w, https:\/\/www.friedenkoeln.de\/wp-content\/uploads\/2020\/12\/WhatsApp-Image-2019-10-02-at-20.23.12-1536x612.jpeg 1536w\" sizes=\"auto, (max-width: 1600px) 100vw, 1600px\" \/><p id=\"caption-attachment-15653\" class=\"wp-caption-text\">Start von &#8222;Jai Jagat 2020&#8220; am 2.10.2019 auf dem Roncalliplatz K\u00f6ln. Foto: privat.<\/p><\/div>\n<hr \/>\n<p><em>Kurt Luckhardt, Mitglied der Freunde von &#8222;Ekta Parishad&#8220; in K\u00f6ln, hat den urspr\u00fcnglichen Marsch durch Deutschland bis Genf geplant und ist im europ\u00e4ischen Koordinationsteam einer von zwei Sprechern f\u00fcr Deutschland.<\/em><\/p>\n<p><em>Wie immer freuen wir uns bei unseren Gruppentreffen \u00fcber G\u00e4ste. Bitte melde Dich unbedingt bei kontakt@friedenkoeln.de an! Wegen der anhaltenden Infektionsschutzregeln treffen wir uns nur virtuell (Zoom). Mach es Dir gem\u00fctlich, nimm vielleicht ein paar Weihnachtspl\u00e4tzchen und ein Getr\u00e4nk mit und genie\u00dfe mit uns einen interessanten Abend.<\/em><\/p>\n","protected":false},"excerpt":{"rendered":"<p>Bei unserem n\u00e4chsten &#8211; virtuellen &#8211; Gruppentreffen am 17.12.2020 wird es spannend: unser Mitglied Kurt Luckhardt berichtet von seinen Erfahrungen aus einer Friedensbewegung mit indischem Hintergrund. Hier ist seine Ank\u00fcndigung:\u00a0 Man kann &#8222;Jai Jagat&#8220;&#46;&#46;&#46;<\/p>\n","protected":false},"author":110,"featured_media":15653,"comment_status":"open","ping_status":"open","sticky":false,"template":"","format":"standard","meta":{"footnotes":""},"categories":[104],"tags":[142,170,149],"class_list":["post-15633","post","type-post","status-publish","format-standard","has-post-thumbnail","hentry","category-ankuendigung","tag-gerechtigkeit","tag-gewaltfreiheit","tag-nachhaltigkeit"],"_links":{"self":[{"href":"https:\/\/www.friedenkoeln.de\/index.php?rest_route=\/wp\/v2\/posts\/15633","targetHints":{"allow":["GET"]}}],"collection":[{"href":"https:\/\/www.friedenkoeln.de\/index.php?rest_route=\/wp\/v2\/posts"}],"about":[{"href":"https:\/\/www.friedenkoeln.de\/index.php?rest_route=\/wp\/v2\/types\/post"}],"author":[{"embeddable":true,"href":"https:\/\/www.friedenkoeln.de\/index.php?rest_route=\/wp\/v2\/users\/110"}],"replies":[{"embeddable":true,"href":"https:\/\/www.friedenkoeln.de\/index.php?rest_route=%2Fwp%2Fv2%2Fcomments&post=15633"}],"version-history":[{"count":5,"href":"https:\/\/www.friedenkoeln.de\/index.php?rest_route=\/wp\/v2\/posts\/15633\/revisions"}],"predecessor-version":[{"id":15656,"href":"https:\/\/www.friedenkoeln.de\/index.php?rest_route=\/wp\/v2\/posts\/15633\/revisions\/15656"}],"wp:featuredmedia":[{"embeddable":true,"href":"https:\/\/www.friedenkoeln.de\/index.php?rest_route=\/wp\/v2\/media\/15653"}],"wp:attachment":[{"href":"https:\/\/www.friedenkoeln.de\/index.php?rest_route=%2Fwp%2Fv2%2Fmedia&parent=15633"}],"wp:term":[{"taxonomy":"category","embeddable":true,"href":"https:\/\/www.friedenkoeln.de\/index.php?rest_route=%2Fwp%2Fv2%2Fcategories&post=15633"},{"taxonomy":"post_tag","embeddable":true,"href":"https:\/\/www.friedenkoeln.de\/index.php?rest_route=%2Fwp%2Fv2%2Ftags&post=15633"}],"curies":[{"name":"wp","href":"https:\/\/api.w.org\/{rel}","templated":true}]}}