{"id":15657,"date":"2020-12-13T07:00:15","date_gmt":"2020-12-13T05:00:15","guid":{"rendered":"https:\/\/www.friedenkoeln.de\/?p=15657"},"modified":"2020-12-11T20:20:08","modified_gmt":"2020-12-11T18:20:08","slug":"appell-an-die-spd-nein-zu-bewaffneten-drohnen-dammbruch-verhindern","status":"publish","type":"post","link":"https:\/\/www.friedenkoeln.de\/?p=15657","title":{"rendered":"Appell an die SPD: Nein zu bewaffneten Drohnen: Dammbruch verhindern!"},"content":{"rendered":"<div><em>Wir unterst\u00fctzen als DFG-VK Gruppe K\u00f6ln den folgenden Appell:<\/em><\/div>\n<hr \/>\n<h4><span class=\"\">Wir bitten Sie als Abgeordnete der Sozialdemokratischen Partei Deutschlands der Bewaffnung von Drohnen nicht zuzustimmen.\u00a0<\/span><\/h4>\n<div class=\"\">\n<p><span class=\"\">Andernfalls w\u00fcrde dies einem Dammbruch gleichkommen. Die Beschaffung der n\u00e4chsten Kampfdrohne f\u00fcr die Bundeswehr, die in Entwicklung befindliche \u201eEurodrohne\u201c, ist dann noch schwerer zu verhindern. Weitere Pl\u00e4ne, die \u201eEurodrohne\u201c dann wiederum zum Bestandteil des gigantischen Kampfflugzeug-Systems der n\u00e4chsten Generation FCAS mit K\u00fcnstlicher Intelligenz und bewaffneten Drohnenschw\u00e4rmen machen zu wollen, steht dann noch weniger entgegen &#8211; der Automatisierung von Waffeneins\u00e4tzen w\u00fcrde der Weg geebnet. Ihre Entscheidung stellt Weichen f\u00fcr die Zukunft, deren Folgen nicht absehbar sind.<\/span><\/p>\n<p><strong>Wir appellieren an Sie: Stimmen Sie gegen das Vorhaben des Verteidigungsministeriums, Drohnen zu bewaffnen.<\/strong><\/p>\n<p>Michael M\u00fcller (Bundesvorsitzender NaturFreunde Deutschlands),<br \/>\nL\u00fchr Henken (Bundesausschuss Friedensratschlag),<br \/>\nJutta Kausch-Henken (Friedenskoordination Berlin),<br \/>\nReiner Braun (Arbeitsausschuss Abr\u00fcsten statt Aufr\u00fcsten),<br \/>\nProf. Dr. Peter Brandt (Entspannungspolitik Jetzt! &#8211; INEP),<br \/>\nUwe Hiksch (Bundesvorstand NaturFreunde Deutschlands),<br \/>\nChristine Hoffmann (pax christi-Generalsekret\u00e4rin),<br \/>\nKristine Karch (No to War &#8211; no to NATO),<br \/>\nLaura von Wimmersperg (Friedenskoordination Berlin)<\/p>\n<hr \/>\n<p><em>NaturFreunde Deutschlands<\/em><br \/>\n<em>Uwe Hiksch, Warschauer Str. 58a\/59a, 10243 Berlin<\/em><\/p>\n<\/div>\n","protected":false},"excerpt":{"rendered":"<p>Wir unterst\u00fctzen als DFG-VK Gruppe K\u00f6ln den folgenden Appell: Wir bitten Sie als Abgeordnete der Sozialdemokratischen Partei Deutschlands der Bewaffnung von Drohnen nicht zuzustimmen.\u00a0 Andernfalls w\u00fcrde dies einem Dammbruch gleichkommen. Die Beschaffung der n\u00e4chsten&#46;&#46;&#46;<\/p>\n","protected":false},"author":110,"featured_media":0,"comment_status":"open","ping_status":"open","sticky":false,"template":"","format":"standard","meta":{"footnotes":""},"categories":[2,116],"tags":[48,44,195,191],"class_list":["post-15657","post","type-post","status-publish","format-standard","hentry","category-aktionen","category-aufruf","tag-bundeswehr","tag-drohnen","tag-fcas","tag-kuenstliche-intelligenz"],"_links":{"self":[{"href":"https:\/\/www.friedenkoeln.de\/index.php?rest_route=\/wp\/v2\/posts\/15657","targetHints":{"allow":["GET"]}}],"collection":[{"href":"https:\/\/www.friedenkoeln.de\/index.php?rest_route=\/wp\/v2\/posts"}],"about":[{"href":"https:\/\/www.friedenkoeln.de\/index.php?rest_route=\/wp\/v2\/types\/post"}],"author":[{"embeddable":true,"href":"https:\/\/www.friedenkoeln.de\/index.php?rest_route=\/wp\/v2\/users\/110"}],"replies":[{"embeddable":true,"href":"https:\/\/www.friedenkoeln.de\/index.php?rest_route=%2Fwp%2Fv2%2Fcomments&post=15657"}],"version-history":[{"count":3,"href":"https:\/\/www.friedenkoeln.de\/index.php?rest_route=\/wp\/v2\/posts\/15657\/revisions"}],"predecessor-version":[{"id":15668,"href":"https:\/\/www.friedenkoeln.de\/index.php?rest_route=\/wp\/v2\/posts\/15657\/revisions\/15668"}],"wp:attachment":[{"href":"https:\/\/www.friedenkoeln.de\/index.php?rest_route=%2Fwp%2Fv2%2Fmedia&parent=15657"}],"wp:term":[{"taxonomy":"category","embeddable":true,"href":"https:\/\/www.friedenkoeln.de\/index.php?rest_route=%2Fwp%2Fv2%2Fcategories&post=15657"},{"taxonomy":"post_tag","embeddable":true,"href":"https:\/\/www.friedenkoeln.de\/index.php?rest_route=%2Fwp%2Fv2%2Ftags&post=15657"}],"curies":[{"name":"wp","href":"https:\/\/api.w.org\/{rel}","templated":true}]}}