{"id":15661,"date":"2020-12-12T13:42:04","date_gmt":"2020-12-12T11:42:04","guid":{"rendered":"https:\/\/www.friedenkoeln.de\/?p=15661"},"modified":"2020-12-12T13:42:04","modified_gmt":"2020-12-12T11:42:04","slug":"us-veteranin-in-der-drohnen-debatte-macht-nicht-dieselben-fehler-wie-wir-bewaffnete-drohnen-gefaehrden-deutsche-soldatinnen","status":"publish","type":"post","link":"https:\/\/www.friedenkoeln.de\/?p=15661","title":{"rendered":"US-Veteran*in in der Drohnen-Debatte: \u201eMacht nicht dieselben Fehler wie wir! Bewaffnete Drohnen gef\u00e4hrden deutsche Soldat*innen!&#8220;"},"content":{"rendered":"<p>Wir ver\u00f6ffentlichen eine Pressemitteilung von Attac Deutschland:<\/p>\n<hr \/>\n<p><em>Frankfurt am Main, 11. Dezember 2020<\/em><br class=\"\" \/><b class=\"\"><\/b><\/p>\n<h4>Drohnen-Debatte: \u201eMacht nicht dieselben Fehler wie wir!\u201c<\/h4>\n<h4>US-Veteraninnen warnen: Bewaffnung von Drohnen ist nicht nur &#8222;unn\u00f6tig und unethisch, sondern setzt auch deutsche Soldat*innen einer gr\u00f6\u00dferen Gefahr aus&#8220;.<span class=\"Apple-converted-space\">\u00a0<\/span><\/h4>\n<div id=\"attachment_15671\" style=\"width: 314px\" class=\"wp-caption alignright\"><img loading=\"lazy\" decoding=\"async\" aria-describedby=\"caption-attachment-15671\" class=\" wp-image-15671\" src=\"https:\/\/www.friedenkoeln.de\/wp-content\/uploads\/2020\/12\/Portraitfoto_Lisa_Ling_-_frei.jpeg\" alt=\"Eine helle Frau mit petrolfarbener Strickm\u00fctze, Sonnenbrille, Goldkettchen mit Kreuz und gr\u00fcnlichem T-Shirt strahlt in die Kamera. Auf dem T-Shirt der Aufdruck &quot;Because I am a veteran&quot;.\" width=\"304\" height=\"268\" srcset=\"https:\/\/www.friedenkoeln.de\/wp-content\/uploads\/2020\/12\/Portraitfoto_Lisa_Ling_-_frei.jpeg 480w, https:\/\/www.friedenkoeln.de\/wp-content\/uploads\/2020\/12\/Portraitfoto_Lisa_Ling_-_frei-150x132.jpeg 150w\" sizes=\"auto, (max-width: 304px) 100vw, 304px\" \/><p id=\"caption-attachment-15671\" class=\"wp-caption-text\">Lisa Ling, Veteranin der US-Armee im Drohnenkrieg. Foto: privat. (Quelle: attac)<\/p><\/div>\n<p>Das globalisierungskritische Netzwerk Attac fordert die Bundesregierung auf, alle Drohnen- Bewaffnungspl\u00e4ne des Verteidigungsministeriums zu stoppen und sich endlich ausf\u00fchrlich mit der ethischen Dimensionen des Einsatzes von bewaffneten Drohnen zu befassen.<span class=\"Apple-converted-space\">\u00a0<\/span><\/p>\n<p>Mitglieder der SPD-Bundestagsfraktion wurden vergangene Woche erstmals mit Zeugenaussagen von zwei kritischen Veteran*innen des US-Drohnenprogramms in Afghanistan konfrontiert: Lisa Ling und Cian Westmoreland warnten die Parlamentarier*innen eindringlich, dass eine Drohne durch Bewaffnung von einem defensiven \u00dcberwachungswerkzeug zu einem Ger\u00e4t des Terrors werde. Der Bundestag m\u00fcsse<\/p>\n<blockquote><p>jetzt die ethische Entscheidung treffen, zu diesem Zeitpunkt Drohnen nicht zu bewaffnen,<\/p><\/blockquote>\n<p>appellierten sie an die Abgeordneten. Lisa Ling ist in Deutschland bereits aus dem von Attac unterst\u00fctzten preisgekr\u00f6nten Dokumentarfilm &#8222;<a href=\"http:\/\/nationalbird-derfilm.de\">National Bird<\/a>&#8220; bekannt.<span class=\"Apple-converted-space\">\u00a0<\/span><\/p>\n<div id=\"attachment_15674\" style=\"width: 339px\" class=\"wp-caption alignright\"><img loading=\"lazy\" decoding=\"async\" aria-describedby=\"caption-attachment-15674\" class=\" wp-image-15674\" src=\"https:\/\/www.friedenkoeln.de\/wp-content\/uploads\/2020\/12\/Portraitfoto_Cian_Westmoreland_-_frei.jpeg\" alt=\"Eine junger Mann mit kurzrasierten Haaren in heller Tarnfleckuniform sitzt in einem mit Technik vollgestopften Fahrzeug und schaut sehr ernst in die Kamera. \" width=\"329\" height=\"247\" srcset=\"https:\/\/www.friedenkoeln.de\/wp-content\/uploads\/2020\/12\/Portraitfoto_Cian_Westmoreland_-_frei.jpeg 604w, https:\/\/www.friedenkoeln.de\/wp-content\/uploads\/2020\/12\/Portraitfoto_Cian_Westmoreland_-_frei-150x113.jpeg 150w\" sizes=\"auto, (max-width: 329px) 100vw, 329px\" \/><p id=\"caption-attachment-15674\" class=\"wp-caption-text\">Cian Westmoreland als US-Soldat. Foto: Privat. Quelle: attac<\/p><\/div>\n<p>Das nicht \u00f6ffentliche Online-Gespr\u00e4ch mit den beiden Veteran*innen hatte die Attac-Aktivistin Elsa Rassbach in Kooperation mit der von ihr mitbegr\u00fcndeten <a href=\"https:\/\/drohnen-kampagne.de\">Drohnen-Kampagne<\/a> organisiert. Anlass der Veranstaltung war die aktuelle Debatte in der SPD zum Thema (<a href=\"https:\/\/www.friedenskooperative.de\/aktuelles\/widerstand-gegen-kampfdrohnen-aus-der-spd\">\u00dcbersicht<\/a>). Karl-Heinz Brunner, Mitglied im Verteidigungsausschuss und Berichterstatter der SPD- Fraktion f\u00fcr die Bereiche Luftwaffe und R\u00fcstungskontrolle, leitete die Einladung an alle Mitglieder seiner Fraktion weiter, von<span class=\"Apple-converted-space\">\u00a0denen sich mehrere an dem Gespr\u00e4ch beteiligten. Die in einem Bericht zusammengefassten <a href=\"https:\/\/www.attac.de\/fileadmin\/user_upload\/bundesebene\/Pressegruppe\/Uebersetzung_Argumente_gegen_Bewaffnung_von_Drohnen_Lisa_Ling_Cian_Westmoreland.pdf\">Aussagen der beiden Veteran*innen<\/a> waren zudem am Montag Gegenstand der Diskussion in der Fraktionssitzung der SPD.\u00a0<\/span><\/p>\n<p>In ihrem Bericht betonen die beiden<span class=\"Apple-converted-space\">\u00a0Veteran*innen, dass die Bewaffnung von Drohnen f\u00fcr den Schutz deutscher Soldat*innen nicht notwendig ist.\u00a0<\/span><\/p>\n<blockquote><p>Die Raketen auf einer\u00a0bodengest\u00fctzten Plattform anzubringen, nicht auf einer bewaffneten Drohne, w\u00e4re hinsichtlich des Schutzes der eigenen Soldat*innen effektiver. Das Ziel k\u00f6nnte dabei immer noch von einer unbewaffneten \u00dcberwachungsdrohne markiert werden. Das ruft nicht den Hass und den Vergeltungswunsch hervor wie eine bewaffnete Drohne, die \u00fcber Tage \u00fcber den K\u00f6pfen schwebt,<\/p><\/blockquote>\n<p>schreiben sie.<\/p>\n<div id=\"attachment_15672\" style=\"width: 202px\" class=\"wp-caption alignright\"><img loading=\"lazy\" decoding=\"async\" aria-describedby=\"caption-attachment-15672\" class=\" wp-image-15672\" src=\"https:\/\/www.friedenkoeln.de\/wp-content\/uploads\/2020\/12\/Foto_Elsa_Rassbach.jpg\" alt=\"Eine h\u00fcbsche \u00e4ltere Dame in dunklem Kleid sitzt auf einem Sofa mit dunklem Hintergrund und schaut freundlich, die Schl\u00e4ge leicht auf die Hand gest\u00fctzt, in die Kamera.\" width=\"192\" height=\"256\" srcset=\"https:\/\/www.friedenkoeln.de\/wp-content\/uploads\/2020\/12\/Foto_Elsa_Rassbach.jpg 2736w, https:\/\/www.friedenkoeln.de\/wp-content\/uploads\/2020\/12\/Foto_Elsa_Rassbach-113x150.jpg 113w\" sizes=\"auto, (max-width: 192px) 100vw, 192px\" \/><p id=\"caption-attachment-15672\" class=\"wp-caption-text\">Filmproduzentin und Friedensaktivistin Elsa Rassbach. Foto: Privat<\/p><\/div>\n<p>Die Erfahrung der USA zeigt denn auch, dass der Einsatz bewaffneter Drohnen die US-Soldat*innen nicht vor unmittelbaren Gefahren wie Selbstmordattentaten sch\u00fctzt, weswegen die USA &#8222;zum Selbstschutz&#8220; auch &#8222;Verd\u00e4chtige&#8220; umbringen.<\/p>\n<p>Voraussichtlich am 16. Dezember sollen der Verteidigungs- und Haushaltsausschuss entscheiden, ob Bundeswehr-Drohnen bewaffnet werden d\u00fcrfen. Elsa Rassbach appelliert an die Abgeordneten:<\/p>\n<blockquote><p>Die st\u00e4ndig lauernden Killerdrohnen bedeuten eine permanente Bedrohung, die h\u00f6r- und sichtbar ist. F\u00fcr Kinder, die drau\u00dfen spielen wollen. F\u00fcr Eltern, die ihre Kinder von der Schule abholen und f\u00fcr Hochzeitsfeiern. Ist dies das bedrohliche und h\u00e4ssliche Gesicht, das Deutschland den \u00e4rmeren Bev\u00f6lkerungen dieser Welt pr\u00e4sentieren m\u00f6chte?<\/p><\/blockquote>\n<hr \/>\n<p><a href=\"https:\/\/www.attac.de\/fileadmin\/user_upload\/bundesebene\/Pressegruppe\/201211_PM_Drohnen_Aussagen_US-Veteranen.pdf\"><em>Hinweise f\u00fcr Medienvertreter*innen (Interviewm\u00f6glichkeiten, Hintergrunddokumente, Fotos) sind in der pdf-Version verlinkt.<\/em><\/a><\/p>\n<p><em>Attac Deutschland, www.attac.de<\/em><br \/>\n<em>Frauke Distelrath, Pressesprecherin,\u00a0Tel. 069 900 281-42, Mob. 0151 6141 0268, presse@attac.de<\/em><\/p>\n","protected":false},"excerpt":{"rendered":"<p>Wir ver\u00f6ffentlichen eine Pressemitteilung von Attac Deutschland: Frankfurt am Main, 11. Dezember 2020 Drohnen-Debatte: \u201eMacht nicht dieselben Fehler wie wir!\u201c US-Veteraninnen warnen: Bewaffnung von Drohnen ist nicht nur &#8222;unn\u00f6tig und unethisch, sondern setzt auch&#46;&#46;&#46;<\/p>\n","protected":false},"author":110,"featured_media":0,"comment_status":"open","ping_status":"open","sticky":false,"template":"","format":"standard","meta":{"footnotes":""},"categories":[87],"tags":[153,44,174,47,187],"class_list":["post-15661","post","type-post","status-publish","format-standard","hentry","category-pressemitteilung","tag-aufruestung","tag-drohnen","tag-drohnenkrieg","tag-krieg-gegen-terror","tag-terror"],"_links":{"self":[{"href":"https:\/\/www.friedenkoeln.de\/index.php?rest_route=\/wp\/v2\/posts\/15661","targetHints":{"allow":["GET"]}}],"collection":[{"href":"https:\/\/www.friedenkoeln.de\/index.php?rest_route=\/wp\/v2\/posts"}],"about":[{"href":"https:\/\/www.friedenkoeln.de\/index.php?rest_route=\/wp\/v2\/types\/post"}],"author":[{"embeddable":true,"href":"https:\/\/www.friedenkoeln.de\/index.php?rest_route=\/wp\/v2\/users\/110"}],"replies":[{"embeddable":true,"href":"https:\/\/www.friedenkoeln.de\/index.php?rest_route=%2Fwp%2Fv2%2Fcomments&post=15661"}],"version-history":[{"count":10,"href":"https:\/\/www.friedenkoeln.de\/index.php?rest_route=\/wp\/v2\/posts\/15661\/revisions"}],"predecessor-version":[{"id":15675,"href":"https:\/\/www.friedenkoeln.de\/index.php?rest_route=\/wp\/v2\/posts\/15661\/revisions\/15675"}],"wp:attachment":[{"href":"https:\/\/www.friedenkoeln.de\/index.php?rest_route=%2Fwp%2Fv2%2Fmedia&parent=15661"}],"wp:term":[{"taxonomy":"category","embeddable":true,"href":"https:\/\/www.friedenkoeln.de\/index.php?rest_route=%2Fwp%2Fv2%2Fcategories&post=15661"},{"taxonomy":"post_tag","embeddable":true,"href":"https:\/\/www.friedenkoeln.de\/index.php?rest_route=%2Fwp%2Fv2%2Ftags&post=15661"}],"curies":[{"name":"wp","href":"https:\/\/api.w.org\/{rel}","templated":true}]}}