{"id":15676,"date":"2020-12-13T22:29:04","date_gmt":"2020-12-13T20:29:04","guid":{"rendered":"https:\/\/www.friedenkoeln.de\/?p=15676"},"modified":"2020-12-18T20:29:46","modified_gmt":"2020-12-18T18:29:46","slug":"gerichtsverhandlung-in-cochem-am-21-dezember-2020-kampf-gegen-atomwaffen-vor-gericht-steter-tropfen-hoehlt-den-stein","status":"publish","type":"post","link":"https:\/\/www.friedenkoeln.de\/?p=15676","title":{"rendered":"ABGESAGT: Gerichtsverhandlung in Cochem am 21. Dezember 2020 &#8211; Kampf gegen Atomwaffen vor Gericht: \u201eSteter Tropfen h\u00f6hlt den Stein\u201c"},"content":{"rendered":"<p><em>Das Amtsgericht Cochem hat den Verhandlungstermin abgesagt. Ein neuer Termin liegt noch nicht fest. Danke allen, die schon geplant hatten, Ariane in Cochem zu unterst\u00fctzen oder \u00fcber ihre Verhandlung zu berichten! [18.12.2020 &#8211; d. Red.]<\/em><\/p>\n<p><em>Es folgt die Presseeinladung und -mitteilung der Gruppe &#8222;B\u00fcchel17&#8220; &#8211; es geht um die Gerichtsverhandlung unseres K\u00f6lner Gruppenmitglieds Ariane:<\/em><\/p>\n<hr \/>\n<h4>Kampf gegen Atomwaffen vor Gericht: \u201eSteter Tropfen h\u00f6hlt den Stein\u201c<\/h4>\n<p><strong>21. Dezember 2020, 8:30 Uhr,\u00a0Amtsgericht Cochem, Raven\u00e9stra\u00dfe 39, 56812 Cochem<br \/>\nMahnwache ab 7:30 Uhr vor dem Gerichtsgeb\u00e4ude<\/strong><\/p>\n<p><i>Cochem\/K\u00f6ln, 14.12.2020. <\/i>Am 21. Dezember 2020 steht die K\u00f6lner Atomwaffengegnerin und Journalistin Ariane Dettloff (76 J.) erneut wegen \u201eHausfriedensbruch\u201c auf dem Bundeswehr-Flugplatz B\u00fcchel (Eifel) vor dem Amtsgericht Cochem. Am 30. April 2019 hatte sie mit sechzehn weiteren Friedensaktivist*innen in zwei Gruppen (\u201eB\u00fcchel17\u201c) das Atomwaffenstationierungsgel\u00e4nde betreten. Dabei hatte sie einen mit NATO-Draht gesicherten doppelten Absperrzaun \u00fcberwunden. Die Gruppe unterbrach mit einem Sit-In auf dem Milit\u00e4rgel\u00e4nde den \u00dcbungsbetrieb der Bundeswehr mit B61-Atombomben der USA.<span class=\"Apple-converted-space\">\u00a0<\/span><\/p>\n<blockquote><p>In diesen Zeiten der Pandemie,<\/p><\/blockquote>\n<p>sagt die Angeklagte,<\/p>\n<blockquote><p>wo \u00fcberall der Schutz des Lebens angeblich h\u00f6chste Priorit\u00e4t hat, wird also ein atomarer Holocaust vorbereitet. Wie sollen wir uns davor sch\u00fctzen, wenn sogar ein partei\u00fcbergreifender Bundestagsbeschluss zum Abzug der Atomwaffen aus B\u00fcchel sang- und klanglos verpufft, wie es seit 2010 geschieht? Und das trotz des immer wieder in allen Umfragen best\u00e4tigten deutlichen Mehrheitsvotums der Bev\u00f6lkerung. Stattdessen sollen die Atombomben hier aufger\u00fcstet werden, so dass sie erkl\u00e4rterma\u00dfen \u201ebesser einsetzbar\u201c sind!<\/p><\/blockquote>\n<p>Schon 2018 hatte sie mit sechs anderen die Tornado-Startbahn in B\u00fcchel friedlich besetzt. Die folgende Verurteilung wegen \u201eHausfriedensbruch\u201c akzeptierte sie nicht und reichte am 24. August 2020 Verfassungsbeschwerde ein. Das Bundesverfassungsgericht lehnte es aber aus formalen Gr\u00fcnden ab, die Beschwerde zu begutachten.<span class=\"Apple-converted-space\">\u00a0<\/span><\/p>\n<p>Jetzt macht die Journalistin sich erneut auf den Weg durch die juristischen Instanzen.<\/p>\n<blockquote><p>Steter Tropfen h\u00f6hlt den Stein,<\/p><\/blockquote>\n<p>habe die Richterin Strau\u00df im Landgericht Koblenz im Berufungsprozess einer Mitt\u00e4terin erkl\u00e4rt.<\/p>\n<blockquote><p>Wir alle,<\/p><\/blockquote>\n<p>so Dettloff,<\/p>\n<blockquote><p>sind solche Tropfen, und wir m\u00fcssen wohl noch mehr werden, bis dieser Stein des Ansto\u00dfes endlich nachgibt.<\/p><\/blockquote>\n<p>Einen gro\u00dfen Erfolg hat die Internationale Kampagne f\u00fcr die Abschaffung der Atomwaffen (ICAN), deren Mitglied auch Ariane Dettloff ist, errungen: am 22. Januar 2021 tritt der Atomwaffenverbotsvertrag der Vereinten Nationen in Kraft.<span class=\"Apple-converted-space\">\u00a0<\/span><\/p>\n<p>&#8212;&#8212;&#8212;&#8212;&#8212;&#8212;&#8212;&#8212;&#8212;&#8212;&#8212;&#8212;&#8212;&#8212;&#8212;&#8212;&#8212;&#8212;&#8212;-<\/p>\n<div id=\"attachment_13800\" style=\"width: 2570px\" class=\"wp-caption aligncenter\"><img loading=\"lazy\" decoding=\"async\" aria-describedby=\"caption-attachment-13800\" class=\"size-full wp-image-13800\" src=\"https:\/\/www.friedenkoeln.de\/wp-content\/uploads\/2019\/05\/33880411438_2ac87c51b4_o.jpg\" alt=\"Eine Gruppe h\u00e4lt auf einer Fahrpiste Transparente &quot;Frieden schaffen ohne Waffen&quot; und &quot;B\u00fcchel ist \u00fcberall - Atomwaffenfrei jetzt!&quot;. Im Vordergrund sind konventioneller und NATO-Stacheldraht zu sehen.\" width=\"2560\" height=\"1707\" srcset=\"https:\/\/www.friedenkoeln.de\/wp-content\/uploads\/2019\/05\/33880411438_2ac87c51b4_o.jpg 2560w, https:\/\/www.friedenkoeln.de\/wp-content\/uploads\/2019\/05\/33880411438_2ac87c51b4_o-150x100.jpg 150w, https:\/\/www.friedenkoeln.de\/wp-content\/uploads\/2019\/05\/33880411438_2ac87c51b4_o-768x512.jpg 768w\" sizes=\"auto, (max-width: 2560px) 100vw, 2560px\" \/><p id=\"caption-attachment-13800\" class=\"wp-caption-text\">&#8222;Frieden schaffen ohne Waffen&#8220; &#8211; Teilnehmer*innen von B\u00fcchel17 auf dem Milit\u00e4rflugplatz B\u00fcchel am 30.4.2019. Foto: B\u00fcchel17<\/p><\/div>\n<p><i><span style=\"text-decoration: underline;\">Pressekontakt:<\/span><br \/>\nStefanie Intveen, 0151 560 949 20, stefanie.intveen@web.de.<br \/>\nAriane Dettloff, 0221 315783 oder 0176 53766189, ariane.dettloff@ina-koeln.org<\/i><\/p>\n<p><span style=\"text-decoration: underline;\"><em>Hintergrundinfos zu B\u00fcchel17<\/em><\/span><br \/>\n<em>Texte aus dem Gerichtssaal: https:\/\/www.friedenkoeln.de\/?page_id=15143<\/em><br \/>\n<em>Pressemitteilungen: https:\/\/www.friedenkoln.de\/?page_id=15140<\/em><\/p>\n<p><span style=\"text-decoration: underline;\"><em>Fotos<\/em><\/span><br \/>\n<em>Pressefotos der Go-In-Aktion am 30.4.2019: https:\/\/flic.kr\/s\/aHsmCTZ3f8\u00a0 (Album \u201eB\u00fcchel17\u201c auf Flickr; bitte Nachweis wie jeweils bei den Fotos angegeben ber\u00fccksichtigen)<\/em><\/p>\n","protected":false},"excerpt":{"rendered":"<p>Das Amtsgericht Cochem hat den Verhandlungstermin abgesagt. Ein neuer Termin liegt noch nicht fest. Danke allen, die schon geplant hatten, Ariane in Cochem zu unterst\u00fctzen oder \u00fcber ihre Verhandlung zu berichten! [18.12.2020 &#8211; d.&#46;&#46;&#46;<\/p>\n","protected":false},"author":110,"featured_media":13800,"comment_status":"open","ping_status":"open","sticky":false,"template":"","format":"standard","meta":{"footnotes":""},"categories":[104,87],"tags":[33,112,49,80],"class_list":["post-15676","post","type-post","status-publish","format-standard","has-post-thumbnail","hentry","category-ankuendigung","category-pressemitteilung","tag-atomwaffen","tag-atomwaffenverbotsvertrag","tag-bundestag","tag-rechtsprechung"],"_links":{"self":[{"href":"https:\/\/www.friedenkoeln.de\/index.php?rest_route=\/wp\/v2\/posts\/15676","targetHints":{"allow":["GET"]}}],"collection":[{"href":"https:\/\/www.friedenkoeln.de\/index.php?rest_route=\/wp\/v2\/posts"}],"about":[{"href":"https:\/\/www.friedenkoeln.de\/index.php?rest_route=\/wp\/v2\/types\/post"}],"author":[{"embeddable":true,"href":"https:\/\/www.friedenkoeln.de\/index.php?rest_route=\/wp\/v2\/users\/110"}],"replies":[{"embeddable":true,"href":"https:\/\/www.friedenkoeln.de\/index.php?rest_route=%2Fwp%2Fv2%2Fcomments&post=15676"}],"version-history":[{"count":6,"href":"https:\/\/www.friedenkoeln.de\/index.php?rest_route=\/wp\/v2\/posts\/15676\/revisions"}],"predecessor-version":[{"id":15730,"href":"https:\/\/www.friedenkoeln.de\/index.php?rest_route=\/wp\/v2\/posts\/15676\/revisions\/15730"}],"wp:featuredmedia":[{"embeddable":true,"href":"https:\/\/www.friedenkoeln.de\/index.php?rest_route=\/wp\/v2\/media\/13800"}],"wp:attachment":[{"href":"https:\/\/www.friedenkoeln.de\/index.php?rest_route=%2Fwp%2Fv2%2Fmedia&parent=15676"}],"wp:term":[{"taxonomy":"category","embeddable":true,"href":"https:\/\/www.friedenkoeln.de\/index.php?rest_route=%2Fwp%2Fv2%2Fcategories&post=15676"},{"taxonomy":"post_tag","embeddable":true,"href":"https:\/\/www.friedenkoeln.de\/index.php?rest_route=%2Fwp%2Fv2%2Ftags&post=15676"}],"curies":[{"name":"wp","href":"https:\/\/api.w.org\/{rel}","templated":true}]}}