{"id":15681,"date":"2020-12-14T17:04:26","date_gmt":"2020-12-14T15:04:26","guid":{"rendered":"https:\/\/www.friedenkoeln.de\/?p=15681"},"modified":"2020-12-15T11:22:23","modified_gmt":"2020-12-15T09:22:23","slug":"drohnendebatte-leserinnen-kommentieren-artikel-im-koelner-stadtanzeiger-der-fuer-bewaffnung-der-bundeswehr-drohnen-wirbt","status":"publish","type":"post","link":"https:\/\/www.friedenkoeln.de\/?p=15681","title":{"rendered":"Zur #Drohnendebatte: Leser*innen kommentieren Artikel im K\u00f6lner Stadtanzeiger, der f\u00fcr Bewaffnung der Bundeswehr-Drohnen wirbt"},"content":{"rendered":"<p><em>Wir ver\u00f6ffentlichen in den folgenden Beitr\u00e4gen Leserbriefe zu dem am 11.12.2020 im K\u00f6lner Stadtanzeiger erschienener Artikel von Matthias Koch &#8222;Alarm, die Drohnen kommen&#8220;. Der Artikel kritisiert im Zusammenhang mit dem\u00a0Drohnenkrieg in Berg-Karabach die SPD-Bundestagsabgeordneten, die sich gegen die Bewaffnung der Bundeswehr-Drohnen oder f\u00fcr eine Verschiebung der Entscheidung ausgesprochen haben. Der Artikel stellt die durchschlagenden Angriffsf\u00e4higkeiten von Kampfdrohnen in einem Krieg zwischen zwei Armeen dar. Die hier und in den n\u00e4chsten Beitr\u00e4gen folgenden Leser*innenbriefe wurden bis heute (14.12.2020) nicht ver\u00f6ffentlicht. Am morgigen Dienstag wird m\u00f6glicherweise die SPD-Bundestagsfraktion dar\u00fcber entscheiden, ob sie die im Koalitionsvertrag vereinbarte breite gesellschaftliche Debatte dar\u00fcber als ausreichend ansieht und der Bewaffnung zustimmt.\u00a0<\/em><\/p>\n<hr \/>\n<p><a href=\"https:\/\/www.friedenkoeln.de\/?p=15692\">Florian D. Pfaff: \u201cLeider f\u00e4llt keine bessere Steuergeldverwendung ein als das T\u00f6ten zu optimieren\u201d<\/a><\/p>\n<p><a href=\"https:\/\/www.friedenkoeln.de\/?p=15694\">Harald Fuchs: \u201cEine Drohne ist schnell bewaffnet. Ein traumatisiertes Drohnenopfer zu behandeln, dauert Monate\u201d<\/a><\/p>\n<p><a href=\"https:\/\/www.friedenkoeln.de\/?p=15697\">Rolf Fritz M\u00fcller: \u201cPazifistisch ist die SPD-Ablehnung der Drohne nun wirklich nicht\u201d<\/a><\/p>\n<p><a href=\"https:\/\/www.friedenkoeln.de\/?p=15702\">Stefanie Intveen: Drohnenkrieg in Berg-Karabach kein Argument zur Bewaffnung von Bundeswehr-Drohnen<\/a><\/p>\n<p><a href=\"https:\/\/www.friedenkoeln.de\/?p=15712\">Elvira H\u00f6gemann zur #Drohnendebatte: \u201cSchon jetzt ist eine R\u00fcstungsspirale in Gang\u201d<\/a><\/p>\n<p><a href=\"https:\/\/www.friedenkoeln.de\/?p=15717\">Ariane Dettloff zur #Drohnendebatte: \u201cBester Schutz deutscher Soldat*innen w\u00e4re zu Hause zu bleiben.\u201d<\/a><\/p>\n<hr \/>\n<p><em>(letzte Aktualisierung am 15.12.2020, 10:22)<\/em><\/p>\n","protected":false},"excerpt":{"rendered":"<p>Wir ver\u00f6ffentlichen in den folgenden Beitr\u00e4gen Leserbriefe zu dem am 11.12.2020 im K\u00f6lner Stadtanzeiger erschienener Artikel von Matthias Koch &#8222;Alarm, die Drohnen kommen&#8220;. Der Artikel kritisiert im Zusammenhang mit dem\u00a0Drohnenkrieg in Berg-Karabach die SPD-Bundestagsabgeordneten,&#46;&#46;&#46;<\/p>\n","protected":false},"author":110,"featured_media":0,"comment_status":"open","ping_status":"open","sticky":false,"template":"","format":"standard","meta":{"footnotes":""},"categories":[2,107],"tags":[49,48,44,174],"class_list":["post-15681","post","type-post","status-publish","format-standard","hentry","category-aktionen","category-kommentar","tag-bundestag","tag-bundeswehr","tag-drohnen","tag-drohnenkrieg"],"_links":{"self":[{"href":"https:\/\/www.friedenkoeln.de\/index.php?rest_route=\/wp\/v2\/posts\/15681","targetHints":{"allow":["GET"]}}],"collection":[{"href":"https:\/\/www.friedenkoeln.de\/index.php?rest_route=\/wp\/v2\/posts"}],"about":[{"href":"https:\/\/www.friedenkoeln.de\/index.php?rest_route=\/wp\/v2\/types\/post"}],"author":[{"embeddable":true,"href":"https:\/\/www.friedenkoeln.de\/index.php?rest_route=\/wp\/v2\/users\/110"}],"replies":[{"embeddable":true,"href":"https:\/\/www.friedenkoeln.de\/index.php?rest_route=%2Fwp%2Fv2%2Fcomments&post=15681"}],"version-history":[{"count":16,"href":"https:\/\/www.friedenkoeln.de\/index.php?rest_route=\/wp\/v2\/posts\/15681\/revisions"}],"predecessor-version":[{"id":15722,"href":"https:\/\/www.friedenkoeln.de\/index.php?rest_route=\/wp\/v2\/posts\/15681\/revisions\/15722"}],"wp:attachment":[{"href":"https:\/\/www.friedenkoeln.de\/index.php?rest_route=%2Fwp%2Fv2%2Fmedia&parent=15681"}],"wp:term":[{"taxonomy":"category","embeddable":true,"href":"https:\/\/www.friedenkoeln.de\/index.php?rest_route=%2Fwp%2Fv2%2Fcategories&post=15681"},{"taxonomy":"post_tag","embeddable":true,"href":"https:\/\/www.friedenkoeln.de\/index.php?rest_route=%2Fwp%2Fv2%2Ftags&post=15681"}],"curies":[{"name":"wp","href":"https:\/\/api.w.org\/{rel}","templated":true}]}}