{"id":15692,"date":"2020-12-14T17:11:39","date_gmt":"2020-12-14T15:11:39","guid":{"rendered":"https:\/\/www.friedenkoeln.de\/?p=15692"},"modified":"2020-12-14T17:11:39","modified_gmt":"2020-12-14T15:11:39","slug":"florian-d-pfaff-leider-faellt-keine-bessere-steuergeldverwendung-ein-als-das-toeten-zu-optimieren","status":"publish","type":"post","link":"https:\/\/www.friedenkoeln.de\/?p=15692","title":{"rendered":"Florian D. Pfaff: &#8222;Leider f\u00e4llt keine bessere Steuergeldverwendung ein als das T\u00f6ten zu optimieren&#8220;"},"content":{"rendered":"<p><em>Wir ver\u00f6ffentlichen einen unver\u00f6ffentlichten Leserbrief zu dem am 11.12.2020 im K\u00f6lner Stadtanzeiger erschienener Artikel von Matthias Koch &#8222;Alarm, die Drohnen kommen&#8220; \u00fcber den Drohnenkrieg in Berg-Karabach. #Drohnendebatte<\/em><\/p>\n<hr \/>\n<p><em>Von Florian D. Pfaff, Rott am Inn.<\/em> Leider<b> f\u00e4llt <\/b><b>sogar in diesen Tagen denen, die sich bereits an der T\u00f6tung von 1.000.000 Menschen (2003, im Irak) beteiligten und versuchten, dies wegzul\u00fcgen, offenbar keine bessere Verwendung von unseren Steuergeldern ein, als weiteres T\u00f6ten zu optimieren.<\/b> Und das, obwohl das Geld, in das Gesundheitswesen investiert, tats\u00e4chlich Menschen sch\u00fctzen w\u00fcrde bzw. gesch\u00fctzt h\u00e4tte. <b>W\u00fcrde sich Deutschland nicht an Angriffskriegen beteiligen, br\u00e4uchte die Bundeswehr keine Kampfdrohnen.<\/b> Weder zur Abschreckung noch f\u00fcr vermeintlich &#8222;n\u00fctzliche&#8220; Interventionen, die uns nur Terror bescheren. Gegen solch perverses Denken, sogar angesichts der momentanen Lage, wird wohl erst die Pest ausbrechen m\u00fcssen, bevor sich menschlicheres Denken durchsetzt.<\/p>\n","protected":false},"excerpt":{"rendered":"<p>Wir ver\u00f6ffentlichen einen unver\u00f6ffentlichten Leserbrief zu dem am 11.12.2020 im K\u00f6lner Stadtanzeiger erschienener Artikel von Matthias Koch &#8222;Alarm, die Drohnen kommen&#8220; \u00fcber den Drohnenkrieg in Berg-Karabach. #Drohnendebatte Von Florian D. Pfaff, Rott am Inn.&#46;&#46;&#46;<\/p>\n","protected":false},"author":110,"featured_media":0,"comment_status":"open","ping_status":"open","sticky":false,"template":"","format":"standard","meta":{"footnotes":""},"categories":[107],"tags":[161,48,44,174],"class_list":["post-15692","post","type-post","status-publish","format-standard","hentry","category-kommentar","tag-angriffskrieg","tag-bundeswehr","tag-drohnen","tag-drohnenkrieg"],"_links":{"self":[{"href":"https:\/\/www.friedenkoeln.de\/index.php?rest_route=\/wp\/v2\/posts\/15692","targetHints":{"allow":["GET"]}}],"collection":[{"href":"https:\/\/www.friedenkoeln.de\/index.php?rest_route=\/wp\/v2\/posts"}],"about":[{"href":"https:\/\/www.friedenkoeln.de\/index.php?rest_route=\/wp\/v2\/types\/post"}],"author":[{"embeddable":true,"href":"https:\/\/www.friedenkoeln.de\/index.php?rest_route=\/wp\/v2\/users\/110"}],"replies":[{"embeddable":true,"href":"https:\/\/www.friedenkoeln.de\/index.php?rest_route=%2Fwp%2Fv2%2Fcomments&post=15692"}],"version-history":[{"count":1,"href":"https:\/\/www.friedenkoeln.de\/index.php?rest_route=\/wp\/v2\/posts\/15692\/revisions"}],"predecessor-version":[{"id":15693,"href":"https:\/\/www.friedenkoeln.de\/index.php?rest_route=\/wp\/v2\/posts\/15692\/revisions\/15693"}],"wp:attachment":[{"href":"https:\/\/www.friedenkoeln.de\/index.php?rest_route=%2Fwp%2Fv2%2Fmedia&parent=15692"}],"wp:term":[{"taxonomy":"category","embeddable":true,"href":"https:\/\/www.friedenkoeln.de\/index.php?rest_route=%2Fwp%2Fv2%2Fcategories&post=15692"},{"taxonomy":"post_tag","embeddable":true,"href":"https:\/\/www.friedenkoeln.de\/index.php?rest_route=%2Fwp%2Fv2%2Ftags&post=15692"}],"curies":[{"name":"wp","href":"https:\/\/api.w.org\/{rel}","templated":true}]}}