{"id":15694,"date":"2020-12-14T17:21:14","date_gmt":"2020-12-14T15:21:14","guid":{"rendered":"https:\/\/www.friedenkoeln.de\/?p=15694"},"modified":"2021-01-06T22:30:51","modified_gmt":"2021-01-06T21:30:51","slug":"harald-fuchs-eine-drohne-ist-schnell-bewaffnet-ein-traumatisiertes-drohnenopfer-zu-behandeln-dauert-monate","status":"publish","type":"post","link":"https:\/\/www.friedenkoeln.de\/?p=15694","title":{"rendered":"Harald Fuchs: &#8222;Eine Drohne ist schnell bewaffnet. Ein traumatisiertes Drohnenopfer zu behandeln, dauert Monate&#8220;"},"content":{"rendered":"<p><em>Wir ver\u00f6ffentlichen einen Leserbrief zu dem am 11.12.2020 im K\u00f6lner Stadtanzeiger erschienener Artikel von Matthias Koch &#8222;Alarm, die Drohnen kommen&#8220; \u00fcber den Drohnenkrieg in Berg-Karabach. #Drohnendebatte<\/em><\/p>\n<hr \/>\n<p><em>Von Harald Fuchs, Psychotherapeut in K\u00f6ln.<\/em> Man mu\u00df wohl kein Prophet sein, um vorherzusehen, dass es Ihrem Autor Matthias Koch dereinst so gehen wird wie dem Zauberlehrling in Goethes ber\u00fchmten Gedicht:<\/p>\n<blockquote><p>Herr, die Not ist gro\u00df!<\/p>\n<p>Die ich rief, die Geister,<\/p>\n<p>werd ich nun nicht los.<\/p><\/blockquote>\n<p>Der Einstieg in neue und immer schneller kreisende Wettr\u00fcstungsspiralen wird dazu f\u00fchren, dass letztlich alle verlieren.<\/p>\n<div id=\"attachment_16425\" style=\"width: 527px\" class=\"wp-caption alignright\"><img loading=\"lazy\" decoding=\"async\" aria-describedby=\"caption-attachment-16425\" class=\" wp-image-16425\" src=\"https:\/\/www.friedenkoeln.de\/wp-content\/uploads\/2020\/12\/IMG_20200412_131714648-scaled.jpg\" alt=\"Ein schmaler mann mit wei\u00dfen Haaren und Jeansjacke steht fr\u00f6hlich vor zwei riesigen rosa bl\u00fchenden Mandelb\u00e4umen in einem sonnigen Park und winkt in die Kamera. Neben ihm zwei Fahrr\u00e4der mit Flaggen.\" width=\"517\" height=\"291\" \/><p id=\"caption-attachment-16425\" class=\"wp-caption-text\">Harald Fuchs mit DFG-VK-Flagge beim &#8222;Osterspaziergang&#8220; am 12.4.2020 im Rheinpark K\u00f6ln. Foto: privat<\/p><\/div>\n<p>Schutz kann nur eine Politik der Verst\u00e4ndigung und der gemeinsamen Sicherheit auf der Grundlage von R\u00fcstungsbegrenzungsvertr\u00e4gen und Abr\u00fcstungsschritten bringen. Diese wird am glaubw\u00fcrdigsten derjenige betreiben k\u00f6nnen, der selbst auf den Einstieg in die Spirale verzichtet. Unkritische Begeisterung f\u00fcr neue Waffentechnik wird nur neue Probleme schaffen und nichts l\u00f6sen. Was zun\u00e4chst als &#8222;billige Drohne&#8220; erscheint, wird uns alle sehr teuer zu stehen kommen und die Wahrscheinlichkeit immer neuer blutiger Kriege vergr\u00f6\u00dfern.<\/p>\n<p>Eine Drohne ist schnell bewaffnet. Ein traumatisiertes Drohnenopfer zu behandeln dauert Monate und Jahre.<\/p>\n","protected":false},"excerpt":{"rendered":"<p>Wir ver\u00f6ffentlichen einen Leserbrief zu dem am 11.12.2020 im K\u00f6lner Stadtanzeiger erschienener Artikel von Matthias Koch &#8222;Alarm, die Drohnen kommen&#8220; \u00fcber den Drohnenkrieg in Berg-Karabach. #Drohnendebatte Von Harald Fuchs, Psychotherapeut in K\u00f6ln. Man mu\u00df&#46;&#46;&#46;<\/p>\n","protected":false},"author":110,"featured_media":16425,"comment_status":"open","ping_status":"open","sticky":false,"template":"","format":"standard","meta":{"footnotes":""},"categories":[107],"tags":[44,174,196,156],"class_list":["post-15694","post","type-post","status-publish","format-standard","has-post-thumbnail","hentry","category-kommentar","tag-drohnen","tag-drohnenkrieg","tag-traumatisierung","tag-wettruesten"],"_links":{"self":[{"href":"https:\/\/www.friedenkoeln.de\/index.php?rest_route=\/wp\/v2\/posts\/15694","targetHints":{"allow":["GET"]}}],"collection":[{"href":"https:\/\/www.friedenkoeln.de\/index.php?rest_route=\/wp\/v2\/posts"}],"about":[{"href":"https:\/\/www.friedenkoeln.de\/index.php?rest_route=\/wp\/v2\/types\/post"}],"author":[{"embeddable":true,"href":"https:\/\/www.friedenkoeln.de\/index.php?rest_route=\/wp\/v2\/users\/110"}],"replies":[{"embeddable":true,"href":"https:\/\/www.friedenkoeln.de\/index.php?rest_route=%2Fwp%2Fv2%2Fcomments&post=15694"}],"version-history":[{"count":4,"href":"https:\/\/www.friedenkoeln.de\/index.php?rest_route=\/wp\/v2\/posts\/15694\/revisions"}],"predecessor-version":[{"id":16426,"href":"https:\/\/www.friedenkoeln.de\/index.php?rest_route=\/wp\/v2\/posts\/15694\/revisions\/16426"}],"wp:featuredmedia":[{"embeddable":true,"href":"https:\/\/www.friedenkoeln.de\/index.php?rest_route=\/wp\/v2\/media\/16425"}],"wp:attachment":[{"href":"https:\/\/www.friedenkoeln.de\/index.php?rest_route=%2Fwp%2Fv2%2Fmedia&parent=15694"}],"wp:term":[{"taxonomy":"category","embeddable":true,"href":"https:\/\/www.friedenkoeln.de\/index.php?rest_route=%2Fwp%2Fv2%2Fcategories&post=15694"},{"taxonomy":"post_tag","embeddable":true,"href":"https:\/\/www.friedenkoeln.de\/index.php?rest_route=%2Fwp%2Fv2%2Ftags&post=15694"}],"curies":[{"name":"wp","href":"https:\/\/api.w.org\/{rel}","templated":true}]}}