{"id":15697,"date":"2020-12-14T17:26:23","date_gmt":"2020-12-14T15:26:23","guid":{"rendered":"https:\/\/www.friedenkoeln.de\/?p=15697"},"modified":"2021-01-06T22:07:47","modified_gmt":"2021-01-06T21:07:47","slug":"rolf-fritz-mueller-pazifistisch-ist-die-spd-ablehnung-der-drohne-nun-wirklich-nicht","status":"publish","type":"post","link":"https:\/\/www.friedenkoeln.de\/?p=15697","title":{"rendered":"Rolf Fritz M\u00fcller: &#8222;Pazifistisch ist die SPD-Ablehnung der Drohne nun wirklich nicht&#8220;"},"content":{"rendered":"<p><em>Wir ver\u00f6ffentlichen einen unver\u00f6ffentlichten Leserbrief zu dem am 11.12.2020 im K\u00f6lner Stadtanzeiger erschienener Artikel von Matthias Koch \u201cAlarm, die Drohnen kommen\u201d \u00fcber den Drohnenkrieg in Berg-Karabach. #Drohnendebatte<\/em><\/p>\n<hr \/>\n<p><em>Von Dr. phil. Rolf Fritz M\u00fcller, K\u00f6ln.<\/em> Da stellt der Autor Matthias Koch fest, dass Kampfdrohnen im Begriff sind, schweres milit\u00e4rischen Ger\u00e4t \u00fcberfl\u00fcssig zu machen. Man fragt sich unweigerlich, wie bl\u00f6d die R\u00fcstungsindustrie ist, dass sie dadurch die eigene Produktion von Kampfpanzern, Jagdbombern, Flugzeugtr\u00e4gern und Mittel- und Langstreckenraketen gef\u00e4hrdet. Zudem schrumpfen ganze Armeen auf die Gr\u00f6\u00dfe einer Filmset-Crew, wie der Autor richtig bemerkt.<span class=\"Apple-converted-space\">\u00a0<\/span><\/p>\n<p>Friedensnobelpreistr\u00e4ger Barack Obama hat mittel Joysticks<span class=\"Apple-converted-space\">\u00a0 <\/span>&#8211; so hei\u00dfen nun sinnigerweise die M\u00f6rderwaffen \u2013 \u00fcber Ramstein sehr diskret in Afghanistan mancher Hochzeitsgesellschaft im Namen der Terrorismusbek\u00e4mpfung einen todbringenden Besuch abgestattet. Solche Hochzeitsgeschenke mag man unsch\u00f6n finden, aber mit der Drohne gibt es keine kostspieligen Materialschlachten mehr wie in fr\u00fcheren Kriegen. Die moralisch gute Seite, also die westliche, hat dar\u00fcber hinaus keine menschlichen Leichenberge mehr zu entsorgen und trauernde Angeh\u00f6rige zu entsch\u00e4digen. \u00d6kologisch und preisg\u00fcnstig ist die Drohne gegen\u00fcber milliardenschwerer R\u00fcstungsproduktionen auf jeden Fall.<\/p>\n<p>Norbert Walter Borjans ist wohl der einzige, der sich gegen die Drohne stemmt und f\u00fcr den Erhalt von zigtausende Arbeitspl\u00e4tzen in der alten R\u00fcstungsindustrie k\u00e4mpft, denn gegen Kriegswerkzeug hat die SPD praktisch nie gewettert. Pazifistisch ist die SPD-Ablehnung der Drohne nun wirklich nicht, wie der Autor Koch behauptet.<span class=\"Apple-converted-space\">\u00a0<\/span><\/p>\n<div id=\"attachment_16423\" style=\"width: 340px\" class=\"wp-caption alignleft\"><img loading=\"lazy\" decoding=\"async\" aria-describedby=\"caption-attachment-16423\" class=\" wp-image-16423\" src=\"https:\/\/www.friedenkoeln.de\/wp-content\/uploads\/2021\/01\/PRINCESS_DIANA_5112486261.jpg\" alt=\"Eine junge Frau mit kurzen blonden Haaren, Perlenohrsteckern und einem Perlencollier in einem rosafarbenem Kost\u00fcm h\u00e4lt Papier in den H\u00e4nden, w\u00e4hrend sie auf einem Hocker in einem sonnigen Park sitzt.\" width=\"330\" height=\"559\" srcset=\"https:\/\/www.friedenkoeln.de\/wp-content\/uploads\/2021\/01\/PRINCESS_DIANA_5112486261.jpg 750w, https:\/\/www.friedenkoeln.de\/wp-content\/uploads\/2021\/01\/PRINCESS_DIANA_5112486261-118x200.jpg 118w\" sizes=\"auto, (max-width: 330px) 100vw, 330px\" \/><p id=\"caption-attachment-16423\" class=\"wp-caption-text\">Prinzessin Diana am 17.6.1997 beim US-amerikanischen Roten Kreuz in Washington DC, kurz bevor sie eine Rede zur \u00c4chtung der Landminen h\u00e4lt. Foto: John Mathew Smith &amp; www.celebrity-photos.com von Laurel Maryland, USA, CC BY-SA 2.0<\/p><\/div>\n<p>Die Drohne muss nicht die SPD, aber das Auftauchen einer Adligen, die weltweit die \u00c4chtung der Drohne medienwirksam propagiert, f\u00fcrchten. Lady Diana hat als Symbolfigur mit Friedensk\u00e4mpfern ja mal die \u00c4chtung der Bodenminen erfolgreich durchgesetzt.<span class=\"Apple-converted-space\">\u00a0<\/span><\/p>\n<p>Vielleicht k\u00e4mpft der K\u00f6lner Stadtanzeiger einmal so engagiert gegen das tagt\u00e4gliche milit\u00e4rische Morden in der Welt, wie Joachim Frank bewundernswert seine missbrauchsdurchseuchte katholische Kirche auf den Pfad der Reinheit zu bringen versucht. Missbrauch ist schrecklich und es ist gut, dagegen anzugehen, aber Kriege sind t\u00f6dlich. Ich vermisse hier die Ausgewogenheit des journalistischen Engagements angesichts vom millionenfachen Morden durch die Kriegsmaschinerien. Zum Fest des Friedens w\u00fcnsche ich allen eine Drohnen \u00e4chtende Weihnacht!<\/p>\n","protected":false},"excerpt":{"rendered":"<p>Wir ver\u00f6ffentlichen einen unver\u00f6ffentlichten Leserbrief zu dem am 11.12.2020 im K\u00f6lner Stadtanzeiger erschienener Artikel von Matthias Koch \u201cAlarm, die Drohnen kommen\u201d \u00fcber den Drohnenkrieg in Berg-Karabach. #Drohnendebatte Von Dr. phil. Rolf Fritz M\u00fcller, K\u00f6ln.&#46;&#46;&#46;<\/p>\n","protected":false},"author":110,"featured_media":16423,"comment_status":"open","ping_status":"open","sticky":false,"template":"","format":"standard","meta":{"footnotes":""},"categories":[107],"tags":[],"class_list":["post-15697","post","type-post","status-publish","format-standard","has-post-thumbnail","hentry","category-kommentar"],"_links":{"self":[{"href":"https:\/\/www.friedenkoeln.de\/index.php?rest_route=\/wp\/v2\/posts\/15697","targetHints":{"allow":["GET"]}}],"collection":[{"href":"https:\/\/www.friedenkoeln.de\/index.php?rest_route=\/wp\/v2\/posts"}],"about":[{"href":"https:\/\/www.friedenkoeln.de\/index.php?rest_route=\/wp\/v2\/types\/post"}],"author":[{"embeddable":true,"href":"https:\/\/www.friedenkoeln.de\/index.php?rest_route=\/wp\/v2\/users\/110"}],"replies":[{"embeddable":true,"href":"https:\/\/www.friedenkoeln.de\/index.php?rest_route=%2Fwp%2Fv2%2Fcomments&post=15697"}],"version-history":[{"count":3,"href":"https:\/\/www.friedenkoeln.de\/index.php?rest_route=\/wp\/v2\/posts\/15697\/revisions"}],"predecessor-version":[{"id":16424,"href":"https:\/\/www.friedenkoeln.de\/index.php?rest_route=\/wp\/v2\/posts\/15697\/revisions\/16424"}],"wp:featuredmedia":[{"embeddable":true,"href":"https:\/\/www.friedenkoeln.de\/index.php?rest_route=\/wp\/v2\/media\/16423"}],"wp:attachment":[{"href":"https:\/\/www.friedenkoeln.de\/index.php?rest_route=%2Fwp%2Fv2%2Fmedia&parent=15697"}],"wp:term":[{"taxonomy":"category","embeddable":true,"href":"https:\/\/www.friedenkoeln.de\/index.php?rest_route=%2Fwp%2Fv2%2Fcategories&post=15697"},{"taxonomy":"post_tag","embeddable":true,"href":"https:\/\/www.friedenkoeln.de\/index.php?rest_route=%2Fwp%2Fv2%2Ftags&post=15697"}],"curies":[{"name":"wp","href":"https:\/\/api.w.org\/{rel}","templated":true}]}}