{"id":15702,"date":"2020-12-14T22:48:15","date_gmt":"2020-12-14T20:48:15","guid":{"rendered":"https:\/\/www.friedenkoeln.de\/?p=15702"},"modified":"2021-01-06T20:47:46","modified_gmt":"2021-01-06T19:47:46","slug":"stefanie-intveen-drohnenkrieg-in-berg-karabach-kein-argument-zur-bewaffnung-von-bundeswehr-drohnen","status":"publish","type":"post","link":"https:\/\/www.friedenkoeln.de\/?p=15702","title":{"rendered":"Stefanie Intveen: &#8222;Drohnenkrieg in Berg-Karabach kein Argument zur Bewaffnung von Bundeswehr-Drohnen&#8220;"},"content":{"rendered":"<p><em>Wir ver\u00f6ffentlichen einen Leserbrief zu dem am 11.12.2020 im K\u00f6lner Stadtanzeiger erschienener Artikel von Matthias Koch \u201cAlarm, die Drohnen kommen\u201d \u00fcber den Drohnenkrieg in Berg-Karabach. #Drohnendebatte<\/em><\/p>\n<hr \/>\n<p><em>Von Stefanie Intveen, K\u00f6ln. <\/em>Gr\u00fcndlich misslungen ist der Versuch von Matthias Koch, den Sieg der aserischen Armee \u00fcber das Milit\u00e4r in Berg-Karabach, der durch den Einsatz milit\u00e4rischer Drohnen t\u00fcrkischer und israelischer Herkunft erzielt wurde, zu einem Argument f\u00fcr die Bewaffnung der Bundeswehr mit Kampfdrohnen zu verwenden.<\/p>\n<p>Denn erstens beruht der Artikel auf einer absto\u00dfenden Verharmlosung des Krieges. Der Titel \u201eAlarm, die Drohnen kommen\u201c klingt wie der Name eines Gesellschaftsspiels. Die Beschreibung der Kriegsrealit\u00e4t aus Sicht armenischer Kriegsteilnehmer l\u00e4sst im Kopf zwar das Bild von Soldaten, die im Wald ihre toten Kameraden begraben, entstehen, nicht aber das Bild davon, was High-Tech-Waffen wirklich menschlichen K\u00f6rpern antun. Ein Krieg ist und war auch nie \u201eelegant\u201c, wie Koch schreibt. Deshalb empfahl der von ihm zitierte Stratege Sun Tzu nicht nur Kriegsmethoden ohne eigenen Kampfeinsatz, sondern warnte vor dem Krieg an sich.<\/p>\n<div id=\"attachment_16105\" style=\"width: 2570px\" class=\"wp-caption alignnone\"><img loading=\"lazy\" decoding=\"async\" aria-describedby=\"caption-attachment-16105\" class=\"size-full wp-image-16105\" src=\"https:\/\/www.friedenkoeln.de\/wp-content\/uploads\/2020\/12\/IMG_0464-scaled.jpg\" alt=\"Eine Frau mit kurzen braunen Haaren und Brille spricht vor einem halbverdeckten Transparent in ein Mikro. Sie tr\u00e4gt eine dunkelblaue Daunenjacke mit Fellkragen, einen hellen Schal und dunkelblaue Handschuhe und h\u00e4lt ein blaues Heft in der Hand.\" width=\"2560\" height=\"1707\" \/><p id=\"caption-attachment-16105\" class=\"wp-caption-text\">Stefanie Intveen bei der Kundgebung &#8222;Abr\u00fcsten statt aufr\u00fcsten!&#8220; am 5.12.2020 auf dem Roncalliplatz in K\u00f6ln. Foto: Holger Buhr<\/p><\/div>\n<p>Zweitens suggeriert Koch, die NATO-L\u00e4nder seien \u00fcberrascht, und der Krieg in Berg-Karabach l\u00f6se eine Neuausrichtung der NATO-Strategie und -R\u00fcstung aus. Er unterschl\u00e4gt, dass die USA f\u00fchrend in der Entwicklung und dem Einsatz milit\u00e4rischer Drohnen sind, dass weitere NATO- L\u00e4nder l\u00e4ngst milit\u00e4rische Drohnensysteme im Kriegseinsatz haben, Erfahrungen damit sammeln und an der Vernetzung der Waffensysteme unter Nutzung K\u00fcnstlicher Intelligenz arbeiten. Deutschland hat milit\u00e4rische, unbewaffnete Drohnen im Afghanistan-Krieg eingesetzt. Jetzt treibt es gemeinsam mit Frankreich die Entwicklung der futuristischen High-Tech- Angriffsmaschinerie \u201eFuture Combat Air System\u201c (FCAS) voran, die Drohnen und Drohnenschw\u00e4rme mit konventionellen Waffensystemen verbinden soll.<\/p>\n<p>Drittens beschreibt Koch einen Angriffskrieg mit Drohnen. Damit nimmt er den Bef\u00fcrwortern der Bundeswehr-Drohnen ihr zentrales Argument: dass die Bundeswehr diese nur \u201ezum Schutz deutscher Soldaten\u201c ben\u00f6tige. Norbert Walter-Borjans, Whistleblower aus dem US- Drohnenkrieg und Friedensorganisationen haben Recht: Drohnen sind Angriffswaffen, tragen in milit\u00e4rischen Konflikten zur Eskalation bei und treiben die Abkopplung der Waffensysteme von menschlichen Entscheidungen voran. Wollen wir wirklich eine Welt, in der Roboter gegen Roboter k\u00e4mpfen? Der Vizepr\u00e4sident der Gesellschaft f\u00fcr Sicherheitspolitik, Generalleutnant a. D. Kersten Lahl meint dazu:<\/p>\n<blockquote><p>Wir brauchen ein neues Verst\u00e4ndnis im internationalen Bereich, ein neues Verst\u00e4ndnis gemeinsamer Sicherheit, um die Gefahren f\u00fcr alle beherrschen zu k\u00f6nnen. Das klingt (&#8230;) noch futuristischer vielleicht als die KI selbst. Aber es ist vielleicht unser einzig gangbarer Weg in die Zukunft.<\/p><\/blockquote>\n<p>Anders als Koch glauben machen will, geht es um mehr als einen innenpolitischen Machtkampf: es geht darum, den Begriff der gemeinsamen Sicherheit aller Menschen wieder ins Zentrum der Politik zu stellen und zu verstehen, dass das Ressourcen verschlingende Unternehmen Krieg keinen Platz auf der dicht besiedelten Erde hat. Es gibt keinen Planeten B.<\/p>\n<p><i>Quelle:<br \/>\nGeneralleutnant a. D. Kersten Lahl, Vizepr\u00e4sident der GSP. Es handelt sich um die Schlussfolgerung von \u00dcberlegungen zur zunehmenden Nutzung von K\u00fcnstlicher Intelligenz in milit\u00e4rischen Systemen (Vortrag vom 26.11.2020):<span class=\"Apple-converted-space\">\u00a0&#8222;<\/span><\/i><i>(&#8230;) als Versuch einer Probleml\u00f6sung bleibt wohl nur (&#8230;), die Attraktivit\u00e4t [der KI f\u00fcr milit\u00e4rische Zwecke] zu versuchen zu schm\u00e4lern. (&#8230;) Es ist vor allem ein verdammt dickes Brett. Denn dazu brauchen wir eine neue Sicherheitskultur. Wir brauchen ein neues Verst\u00e4ndnis im internationalen Bereich, ein neues Verst\u00e4ndnis gemeinsamer Sicherheit, um die Gefahren f\u00fcr alle beherrschen zu k\u00f6nnen. Das klingt, das wei\u00df ich sehr wohl, wie ein Weckruf, und es klingt noch futuristischer vielleicht als die KI selbst. Aber es ist vielleicht unser einzig gangbarer Weg in die Zukunft.&#8220;<\/i><\/p>\n<p><i>ab 26\u201903\u2019\u2019 hier: https:\/\/www.youtube.com\/watch?v=jh8eK6ZkM0E&amp;feature=youtu.be<\/i><\/p>\n","protected":false},"excerpt":{"rendered":"<p>Wir ver\u00f6ffentlichen einen Leserbrief zu dem am 11.12.2020 im K\u00f6lner Stadtanzeiger erschienener Artikel von Matthias Koch \u201cAlarm, die Drohnen kommen\u201d \u00fcber den Drohnenkrieg in Berg-Karabach. #Drohnendebatte Von Stefanie Intveen, K\u00f6ln. Gr\u00fcndlich misslungen ist der&#46;&#46;&#46;<\/p>\n","protected":false},"author":110,"featured_media":16105,"comment_status":"open","ping_status":"open","sticky":false,"template":"","format":"standard","meta":{"footnotes":""},"categories":[107],"tags":[48,44,174,195],"class_list":["post-15702","post","type-post","status-publish","format-standard","has-post-thumbnail","hentry","category-kommentar","tag-bundeswehr","tag-drohnen","tag-drohnenkrieg","tag-fcas"],"_links":{"self":[{"href":"https:\/\/www.friedenkoeln.de\/index.php?rest_route=\/wp\/v2\/posts\/15702","targetHints":{"allow":["GET"]}}],"collection":[{"href":"https:\/\/www.friedenkoeln.de\/index.php?rest_route=\/wp\/v2\/posts"}],"about":[{"href":"https:\/\/www.friedenkoeln.de\/index.php?rest_route=\/wp\/v2\/types\/post"}],"author":[{"embeddable":true,"href":"https:\/\/www.friedenkoeln.de\/index.php?rest_route=\/wp\/v2\/users\/110"}],"replies":[{"embeddable":true,"href":"https:\/\/www.friedenkoeln.de\/index.php?rest_route=%2Fwp%2Fv2%2Fcomments&post=15702"}],"version-history":[{"count":6,"href":"https:\/\/www.friedenkoeln.de\/index.php?rest_route=\/wp\/v2\/posts\/15702\/revisions"}],"predecessor-version":[{"id":16420,"href":"https:\/\/www.friedenkoeln.de\/index.php?rest_route=\/wp\/v2\/posts\/15702\/revisions\/16420"}],"wp:featuredmedia":[{"embeddable":true,"href":"https:\/\/www.friedenkoeln.de\/index.php?rest_route=\/wp\/v2\/media\/16105"}],"wp:attachment":[{"href":"https:\/\/www.friedenkoeln.de\/index.php?rest_route=%2Fwp%2Fv2%2Fmedia&parent=15702"}],"wp:term":[{"taxonomy":"category","embeddable":true,"href":"https:\/\/www.friedenkoeln.de\/index.php?rest_route=%2Fwp%2Fv2%2Fcategories&post=15702"},{"taxonomy":"post_tag","embeddable":true,"href":"https:\/\/www.friedenkoeln.de\/index.php?rest_route=%2Fwp%2Fv2%2Ftags&post=15702"}],"curies":[{"name":"wp","href":"https:\/\/api.w.org\/{rel}","templated":true}]}}