{"id":15712,"date":"2020-12-15T09:41:06","date_gmt":"2020-12-15T07:41:06","guid":{"rendered":"https:\/\/www.friedenkoeln.de\/?p=15712"},"modified":"2021-01-06T20:55:05","modified_gmt":"2021-01-06T19:55:05","slug":"elvira-hoegemann-zur-drohnendebatte-schon-jetzt-ist-eine-ruestungsspirale-in-gang","status":"publish","type":"post","link":"https:\/\/www.friedenkoeln.de\/?p=15712","title":{"rendered":"Elvira H\u00f6gemann zur #Drohnendebatte: &#8222;Schon jetzt ist eine R\u00fcstungsspirale in Gang&#8220;"},"content":{"rendered":"<div class=\"ydp29a16c53yiv3111001608default-style\">\n<p><em>Wir ver\u00f6ffentlichen einen Leserbrief zu dem am 11.12.2020 im K\u00f6lner Stadtanzeiger erschienener Artikel von Matthias Koch \u201cAlarm, die Drohnen kommen\u201d \u00fcber den Drohnenkrieg in Berg-Karabach. #Drohnendebatte<\/em><\/p>\n<hr \/>\n<div id=\"attachment_16418\" style=\"width: 282px\" class=\"wp-caption alignright\"><img loading=\"lazy\" decoding=\"async\" aria-describedby=\"caption-attachment-16418\" class=\" wp-image-16418\" src=\"https:\/\/www.friedenkoeln.de\/wp-content\/uploads\/2020\/12\/IMG_5823-scaled.jpg\" alt=\"Der Titelumschlag eines Buchs. Oben ist eine schwarze Drohne als Wandgraffiti zu sehen, unten ein Mann in afghanischer Kleidung mit Turban und schwarzem Schnurrbart, der besorgt aussieht.\" width=\"272\" height=\"363\" \/><p id=\"caption-attachment-16418\" class=\"wp-caption-text\">&#8222;Tod per Knopfdruck&#8220;: das Buch von Emran Feroz \u00fcber den Drohnenkrieg der USA erschien 2017. Foto: Stefanie Intveen<\/p><\/div>\n<p><em>Dr. Elvira H\u00f6gemann, K\u00f6ln.<\/em> Diese selektive und leichtfertige Darstellung zum Problem Kampfdrohnen f\u00fcr die Bundeswehr geht zwischen dem Krieg um Bergkarabach und der Inner-SPD-Auseinandersetzung zum Thema \u00fcber das Wesentliche hinweg. Vor dem Bundestag steht eine Grundsatzentscheidung. Die Kampfdrohne ist keine Verteidigungs- sondern eine Angriffswaffe au\u00dferhalb jeden Rechts. Die US-Administration z. B. setzt sie seit Jahren zur gezielten T\u00f6tung von Menschen ein, die von den Geheimdiensten als Terroristen markiert wurden &#8211; schnelle Hinrichtung ohne Gerichtsurteil, egal an welchem Ort der Welt, ob man sich mit dem betreffenden Land im Krieg befindet oder nicht.<\/p>\n<\/div>\n<div class=\"ydp29a16c53yiv3111001608default-style\">Aus Ihrer Darstellung geht hervor, dass schon jetzt mit den Kampfdrohnen eine R\u00fcstungsspirale im Gang ist, in der sich die potentiellen Gegner mit immer neuen Vernichtungsf\u00e4higkeiten \u00fcberbieten. Mit immer niedrigschwelligeren Einsatzzeiten, mit Entwicklungen also, die enorme Summen verschlingen und\u00a0 nach ihrer eigenen Logik mit der Herstellung vollautomatischer Waffen enden werden. Gegen diesen Wahnsinn gibt es nur eine vern\u00fcnftige, v\u00f6lkerrechtskonforme und menschliche L\u00f6sung: Abr\u00fcsten! Im aktuellen Fall: Nein zu bewaffneten Drohnen f\u00fcr die Bundeswehr.<\/div>\n<div class=\"ydp29a16c53yiv3111001608default-style\"><\/div>\n","protected":false},"excerpt":{"rendered":"<p>Wir ver\u00f6ffentlichen einen Leserbrief zu dem am 11.12.2020 im K\u00f6lner Stadtanzeiger erschienener Artikel von Matthias Koch \u201cAlarm, die Drohnen kommen\u201d \u00fcber den Drohnenkrieg in Berg-Karabach. #Drohnendebatte Dr. Elvira H\u00f6gemann, K\u00f6ln. Diese selektive und leichtfertige&#46;&#46;&#46;<\/p>\n","protected":false},"author":110,"featured_media":16418,"comment_status":"open","ping_status":"open","sticky":false,"template":"","format":"standard","meta":{"footnotes":""},"categories":[2],"tags":[],"class_list":["post-15712","post","type-post","status-publish","format-standard","has-post-thumbnail","hentry","category-aktionen"],"_links":{"self":[{"href":"https:\/\/www.friedenkoeln.de\/index.php?rest_route=\/wp\/v2\/posts\/15712","targetHints":{"allow":["GET"]}}],"collection":[{"href":"https:\/\/www.friedenkoeln.de\/index.php?rest_route=\/wp\/v2\/posts"}],"about":[{"href":"https:\/\/www.friedenkoeln.de\/index.php?rest_route=\/wp\/v2\/types\/post"}],"author":[{"embeddable":true,"href":"https:\/\/www.friedenkoeln.de\/index.php?rest_route=\/wp\/v2\/users\/110"}],"replies":[{"embeddable":true,"href":"https:\/\/www.friedenkoeln.de\/index.php?rest_route=%2Fwp%2Fv2%2Fcomments&post=15712"}],"version-history":[{"count":4,"href":"https:\/\/www.friedenkoeln.de\/index.php?rest_route=\/wp\/v2\/posts\/15712\/revisions"}],"predecessor-version":[{"id":16422,"href":"https:\/\/www.friedenkoeln.de\/index.php?rest_route=\/wp\/v2\/posts\/15712\/revisions\/16422"}],"wp:featuredmedia":[{"embeddable":true,"href":"https:\/\/www.friedenkoeln.de\/index.php?rest_route=\/wp\/v2\/media\/16418"}],"wp:attachment":[{"href":"https:\/\/www.friedenkoeln.de\/index.php?rest_route=%2Fwp%2Fv2%2Fmedia&parent=15712"}],"wp:term":[{"taxonomy":"category","embeddable":true,"href":"https:\/\/www.friedenkoeln.de\/index.php?rest_route=%2Fwp%2Fv2%2Fcategories&post=15712"},{"taxonomy":"post_tag","embeddable":true,"href":"https:\/\/www.friedenkoeln.de\/index.php?rest_route=%2Fwp%2Fv2%2Ftags&post=15712"}],"curies":[{"name":"wp","href":"https:\/\/api.w.org\/{rel}","templated":true}]}}