{"id":15717,"date":"2020-12-15T11:06:39","date_gmt":"2020-12-15T09:06:39","guid":{"rendered":"https:\/\/www.friedenkoeln.de\/?p=15717"},"modified":"2021-01-06T20:36:34","modified_gmt":"2021-01-06T19:36:34","slug":"15717","status":"publish","type":"post","link":"https:\/\/www.friedenkoeln.de\/?p=15717","title":{"rendered":"Ariane Dettloff zur #Drohnendebatte: &#8222;Bester Schutz deutscher Soldat*innen w\u00e4re zu Hause zu bleiben.&#8220;"},"content":{"rendered":"<p><em>Wir ver\u00f6ffentlichen einen Leserbrief zu dem am 11.12.2020 im K\u00f6lner Stadtanzeiger erschienener Artikel von Matthias Koch \u201cAlarm, die Drohnen kommen\u201d \u00fcber den Drohnenkrieg in Berg-Karabach. #Drohnendebatte<\/em><\/p>\n<hr \/>\n<div id=\"attachment_13074\" style=\"width: 405px\" class=\"wp-caption alignleft\"><img loading=\"lazy\" decoding=\"async\" aria-describedby=\"caption-attachment-13074\" class=\" wp-image-13074\" src=\"https:\/\/www.friedenkoeln.de\/wp-content\/uploads\/2018\/11\/DSC_0094-e1543611060135.jpg\" alt=\"Kopfportr\u00e4t einer fr\u00f6hlich in die Kamera l\u00e4chelnden h\u00fcbschen Dame mit dicken welligen, \u00fcber Schulter langen wei\u00dfen Haaren, die unter einem dunkelblauen Hut mit breiter weicher Krempe hervorquellen.\" width=\"395\" height=\"593\" srcset=\"https:\/\/www.friedenkoeln.de\/wp-content\/uploads\/2018\/11\/DSC_0094-e1543611060135.jpg 3072w, https:\/\/www.friedenkoeln.de\/wp-content\/uploads\/2018\/11\/DSC_0094-e1543611060135-100x150.jpg 100w, https:\/\/www.friedenkoeln.de\/wp-content\/uploads\/2018\/11\/DSC_0094-e1543611060135-768x1152.jpg 768w, https:\/\/www.friedenkoeln.de\/wp-content\/uploads\/2018\/11\/DSC_0094-e1543611060135-2000x3000.jpg 2000w\" sizes=\"auto, (max-width: 395px) 100vw, 395px\" \/><p id=\"caption-attachment-13074\" class=\"wp-caption-text\">Ariane Dettloff bei der Kundgebung &#8222;Abr\u00fcsten statt Aufr\u00fcsten&#8220; am 3.11.2018 auf dem Wallrafplatz K\u00f6ln. Foto: Stefanie Intveen.<\/p><\/div>\n<p><em>Ariane Dettloff, K\u00f6ln.<\/em> Bewaffnete Drohnen sind Angriffswaffen, w\u00e4hrend unser Grundgesetz \u2013 gerade als Konsequenz zweier von Deutschland ausgegangener Weltkriege \u2013 bestimmt, dass die Bundeswehr \u201ezur Verteidigung\u201c dienen soll. Diese Drohnen verursachen extralegale Hinrichtungen auch von Zivilist*innen, wie man in Afghanistan und im Irak beobachten konnte. Als Konsequenz steigt die Gefahr durch terroristische Anschl\u00e4ge dort, aber auch hier. Das Argument der Bef\u00fcrworter*innen der Anschaffung solcher Mordwaffen f\u00fcr die Bundeswehr, sie dienten dem Schutz der eigenen Soldat*innen, ist als tr\u00fcgerisch, wenn nicht gar zynisch zu bewerten. Der beste Schutz der Soldat*innen w\u00e4re zweifellos, niemanden zu attackieren, sondern zu Hause zu bleiben. Deutsche Gro\u00dfmachtgel\u00fcste haben schon zweimal verheerende Folgen gehabt. Das Beispiel Costa Ricas, das seine Armee abgeschafft und die eingesparten Finanzmittel u. a. in sein Bildungssystem investiert hat, sollte uns zu denken geben. Abr\u00fcsten statt Aufr\u00fcsten ist gerade angesichts von Klimakatastrophe und Pandemie dringend geboten!<\/p>\n<p>&nbsp;<\/p>\n","protected":false},"excerpt":{"rendered":"<p>Wir ver\u00f6ffentlichen einen Leserbrief zu dem am 11.12.2020 im K\u00f6lner Stadtanzeiger erschienener Artikel von Matthias Koch \u201cAlarm, die Drohnen kommen\u201d \u00fcber den Drohnenkrieg in Berg-Karabach. #Drohnendebatte Ariane Dettloff, K\u00f6ln. Bewaffnete Drohnen sind Angriffswaffen, w\u00e4hrend&#46;&#46;&#46;<\/p>\n","protected":false},"author":110,"featured_media":13074,"comment_status":"open","ping_status":"open","sticky":false,"template":"","format":"standard","meta":{"footnotes":""},"categories":[107],"tags":[44,174,45,85],"class_list":["post-15717","post","type-post","status-publish","format-standard","has-post-thumbnail","hentry","category-kommentar","tag-drohnen","tag-drohnenkrieg","tag-geschichte","tag-kriegsverbrechen"],"_links":{"self":[{"href":"https:\/\/www.friedenkoeln.de\/index.php?rest_route=\/wp\/v2\/posts\/15717","targetHints":{"allow":["GET"]}}],"collection":[{"href":"https:\/\/www.friedenkoeln.de\/index.php?rest_route=\/wp\/v2\/posts"}],"about":[{"href":"https:\/\/www.friedenkoeln.de\/index.php?rest_route=\/wp\/v2\/types\/post"}],"author":[{"embeddable":true,"href":"https:\/\/www.friedenkoeln.de\/index.php?rest_route=\/wp\/v2\/users\/110"}],"replies":[{"embeddable":true,"href":"https:\/\/www.friedenkoeln.de\/index.php?rest_route=%2Fwp%2Fv2%2Fcomments&post=15717"}],"version-history":[{"count":5,"href":"https:\/\/www.friedenkoeln.de\/index.php?rest_route=\/wp\/v2\/posts\/15717\/revisions"}],"predecessor-version":[{"id":16417,"href":"https:\/\/www.friedenkoeln.de\/index.php?rest_route=\/wp\/v2\/posts\/15717\/revisions\/16417"}],"wp:featuredmedia":[{"embeddable":true,"href":"https:\/\/www.friedenkoeln.de\/index.php?rest_route=\/wp\/v2\/media\/13074"}],"wp:attachment":[{"href":"https:\/\/www.friedenkoeln.de\/index.php?rest_route=%2Fwp%2Fv2%2Fmedia&parent=15717"}],"wp:term":[{"taxonomy":"category","embeddable":true,"href":"https:\/\/www.friedenkoeln.de\/index.php?rest_route=%2Fwp%2Fv2%2Fcategories&post=15717"},{"taxonomy":"post_tag","embeddable":true,"href":"https:\/\/www.friedenkoeln.de\/index.php?rest_route=%2Fwp%2Fv2%2Ftags&post=15717"}],"curies":[{"name":"wp","href":"https:\/\/api.w.org\/{rel}","templated":true}]}}