{"id":15734,"date":"2020-12-23T11:12:31","date_gmt":"2020-12-23T09:12:31","guid":{"rendered":"https:\/\/www.friedenkoeln.de\/?p=15734"},"modified":"2021-01-06T20:34:39","modified_gmt":"2021-01-06T19:34:39","slug":"papst-franziskus-zum-weltfriedenstag-kultur-der-achtsamkeit-ein-vorzueglicher-weg-zur-schaffung-von-frieden","status":"publish","type":"post","link":"https:\/\/www.friedenkoeln.de\/?p=15734","title":{"rendered":"Papst Franziskus zum Weltfriedenstag: &#8222;Kultur der Achtsamkeit als Weg zum Frieden&#8220;"},"content":{"rendered":"<p><em>Von Stefanie Intveen.<\/em> Papst Franziskus hat seine Botschaft zum Weltfriedenstag, den die Katholische Kirche am 1. Januar feiert, unter die \u00dcberschrift &#8222;<a href=\"https:\/\/www.friedenkoeln.de\/wp-content\/uploads\/2020\/12\/Papst-Franziskus_Kultur-der-Achtsamkeit-Weg-zum-Frieden_20201208.pdf\">Die Kultur der Achtsamkeit als Weg zum Frieden<\/a>&#8220; gestellt. Er greift auf die kirchliche Soziallehre und die in der <a href=\"http:\/\/www.vatican.va\/content\/francesco\/de\/encyclicals\/documents\/papa-francesco_20150524_enciclica-laudato-si.html\">Enzyklika &#8222;Laudato si'&#8220; (24.5.2015)<\/a> ausgef\u00fchrte Verbindung von Friede, Gerechtigkeit und Bewahrung der Sch\u00f6pfung zur\u00fcck. Mit Hinweis auf die &#8222;verschwenderische Wegwerfkultur&#8220; und die &#8222;immer st\u00e4rker werdenden Ungleichheiten innerhalb der einzelnen Nationen und zwischen den Nationen&#8220; wendet er sich an die &#8222;Verantwortlichen der internationalen Organisationen und der Regierungen, der Wirtschaft und der Wissenschaft, der sozialen Kommunikation und der Bildungseinrichtungen&#8220; und l\u00e4dt sie ein, auf Basis der Prinzipien der Soziallehre<\/p>\n<blockquote><p>im Globalisierungsprozess einen gemeinsamen Kurs zu verfolgen, einen \u00bbwirklich menschlichen Kurs\u00ab.<span class=\"Apple-converted-space\">\u00a0<\/span><\/p><\/blockquote>\n<p>Die Prinzipien der Soziallehre seien Bezugspunkte f\u00fcr eine &#8222;Grammatik&#8220; der Achtsamkeit:<\/p>\n<blockquote><p>die F\u00f6rderung der W\u00fcrde jeder menschlichen Person, die Solidarit\u00e4t mit den Armen und Schutzlosen, die Sorge um das Gemeinwohl, die Bewahrung der Sch\u00f6pfung.<\/p><\/blockquote>\n<p>Angesichts der ansteigenden Zahl der Hungernden regt der Papst erneut die Umlenkung der R\u00fcstungsausgaben in einen Weltfonds zur Beendigung des Hungers an, so wie er es schon in seiner Videobotschaft an die Weltern\u00e4hrungsorganisation zum Weltern\u00e4hrungstag am 16.10.2020 tat:<\/p>\n<blockquote><p>Wie viele Ressourcen werden f\u00fcr Waffen, insbesondere Atomwaffen, vergeudet, Ressourcen, die f\u00fcr wichtigere Priorit\u00e4ten zur Gew\u00e4hrleistung der Sicherheit der Menschen eingesetzt werden k\u00f6nnten, wie z. B. die F\u00f6rderung des Friedens und der ganzheitlichen Entwicklung des Menschen, die Bek\u00e4mpfung der Armut, die Sicherstellung der Gesundheitsversorgung. Auch dies wird andererseits durch globale Probleme wie die aktuelle Covid-19-Pandemie und den Klimawandel deutlich. Was f\u00fcr eine mutige Entscheidung w\u00e4re es doch,\u00bbmit dem Geld, das f\u00fcr Waffen und andere Milit\u00e4rausgaben verwendet wird, \u201eeinen Weltfonds\u201c einzurichten, um dem Hunger ein f\u00fcr alle Mal ein Ende zu setzen und die Entwicklung der \u00e4rmsten L\u00e4nder zu f\u00f6rdern\u00ab!<\/p><\/blockquote>\n<p>Der Papst empfiehlt eine &#8222;Kultur der Achtsamkeit&#8220; als &#8222;vorz\u00fcgliche[n] Weg zur Schaffung von Frieden&#8220;. Er versteht darunter einen &#8222;gemeinsamen, solidarischen und partizipatorischen&#8220; Einsatz &#8222;zum Schutz und zur F\u00f6rderung der W\u00fcrde und des Wohls aller&#8220; und die &#8222;Bereitschaft zur Aufgeschlossenheit, zur Aufmerksamkeit, zum Mitgef\u00fchl, zur Vers\u00f6hnung und zur Heilung, zu gegenseitiger Achtung und gegenseitiger Annahme&#8220;. Er wiederholt seine Feststellung aus der <a href=\"http:\/\/www.vatican.va\/content\/francesco\/de\/encyclicals\/documents\/papa-francesco_20201003_enciclica-fratelli-tutti.html\">Enzyklika &#8222;Fratelli tutti&#8220; vom 3.10.2020<\/a> (Absatz 225):<\/p>\n<blockquote><p>In vielen Erdteilen sind Friedenswege erforderlich, die zur Heilung f\u00fchren; es sind Friedensstifter vonn\u00f6ten, die bereit sind, einfallsreich und mutig Prozesse zur Heilung und zu neuer Begegnung einzuleiten.<\/p><\/blockquote>\n<p>Wie fast t\u00e4glich in der Presse zu lesen ist, wurde auch im Erzbistum K\u00f6ln sexueller Missbrauch durch katholische Priester jahrzehntelang vertuscht und offenbar bis heute nicht ausreichend aufgearbeitet. Es w\u00e4re aber ein Fehler, wegen dieser Missst\u00e4nde, die in der Katholischen Kirche \u00a0institutionell verankert zu sein scheinen, die Friedensbotschaft des Papstes und die oben verlinkten Enzykliken zu \u00fcbersehen oder gleich ganz abzulehnen. Die Texte bieten Ankn\u00fcpfungspunkte und mutmachende Anregungen auch f\u00fcr nichtchristliche und nichtreligi\u00f6se Menschen und Gruppen und vereinen die Ideen der Umweltbewegung, der sozialen Bewegungen und der Friedensbewegung.<\/p>\n<hr \/>\n<p style=\"text-align: center;\"><strong>Pax christi K\u00f6ln: Einladung zum Gottesdienst am Weltfriedenstag, 1. Januar 2021 um 19:00 Uhr im K\u00f6lner Dom<span class=\"Apple-converted-space\">\u00a0 \u00a0<\/span><\/strong><\/p>\n<p>Anl\u00e4sslich des Weltfriedenstages der katholischen Kirche gestaltet pax christi gemeinsam mit Stadtdechant Robert Kleine den Abendgottesdienst um 19:00 Uhr im K\u00f6lner Dom. Wegen der Infektionsschutzauflagen ist eine <a href=\"https:\/\/www.koelner-dom.de\/zugangskarten\">Anmeldung zu diesem Gottesdienst \u00fcber die Homepage des K\u00f6lner Domes<\/a> notwendig. N\u00e4here Informationen gibt es bei <a href=\"https:\/\/www.koeln.paxchristi.de\/meldungen\/view\/5864477274669056\/Die%20Kultur%20der%20Achtsamkeit%20als%20Weg%20zum%20Frieden\">pax christi K\u00f6ln<\/a>.<span class=\"Apple-converted-space\">\u00a0<\/span><\/p>\n<div id=\"attachment_15736\" style=\"width: 750px\" class=\"wp-caption aligncenter\"><img loading=\"lazy\" decoding=\"async\" aria-describedby=\"caption-attachment-15736\" class=\"size-full wp-image-15736\" src=\"https:\/\/www.friedenkoeln.de\/wp-content\/uploads\/2020\/12\/Su_Santidad_Papa_Francisco.jpg\" alt=\"Ein freundlicher \u00e4lterer Herr mit Brille in hellem Priestergewand mit aufgestickten Muschelsymbolen und wei\u00dfer Kappe spricht hinter einem goldverziertem Rednerpult mit Mikrophon.\" width=\"740\" height=\"550\" srcset=\"https:\/\/www.friedenkoeln.de\/wp-content\/uploads\/2020\/12\/Su_Santidad_Papa_Francisco.jpg 740w, https:\/\/www.friedenkoeln.de\/wp-content\/uploads\/2020\/12\/Su_Santidad_Papa_Francisco-150x111.jpg 150w\" sizes=\"auto, (max-width: 740px) 100vw, 740px\" \/><p id=\"caption-attachment-15736\" class=\"wp-caption-text\">Papst Franziskus, 17.3.2013, Foto: Gabriel Andr\u00e9s Trujillo Escobedo, CC BY-SA 2.0<\/p><\/div>\n","protected":false},"excerpt":{"rendered":"<p>Von Stefanie Intveen. Papst Franziskus hat seine Botschaft zum Weltfriedenstag, den die Katholische Kirche am 1. Januar feiert, unter die \u00dcberschrift &#8222;Die Kultur der Achtsamkeit als Weg zum Frieden&#8220; gestellt. Er greift auf die&#46;&#46;&#46;<\/p>\n","protected":false},"author":110,"featured_media":15736,"comment_status":"open","ping_status":"open","sticky":false,"template":"","format":"standard","meta":{"footnotes":""},"categories":[104,107],"tags":[197,142,59,36,29],"class_list":["post-15734","post","type-post","status-publish","format-standard","has-post-thumbnail","hentry","category-ankuendigung","category-kommentar","tag-frieden","tag-gerechtigkeit","tag-kirche","tag-oekologie-und-frieden","tag-solidaritat"],"_links":{"self":[{"href":"https:\/\/www.friedenkoeln.de\/index.php?rest_route=\/wp\/v2\/posts\/15734","targetHints":{"allow":["GET"]}}],"collection":[{"href":"https:\/\/www.friedenkoeln.de\/index.php?rest_route=\/wp\/v2\/posts"}],"about":[{"href":"https:\/\/www.friedenkoeln.de\/index.php?rest_route=\/wp\/v2\/types\/post"}],"author":[{"embeddable":true,"href":"https:\/\/www.friedenkoeln.de\/index.php?rest_route=\/wp\/v2\/users\/110"}],"replies":[{"embeddable":true,"href":"https:\/\/www.friedenkoeln.de\/index.php?rest_route=%2Fwp%2Fv2%2Fcomments&post=15734"}],"version-history":[{"count":16,"href":"https:\/\/www.friedenkoeln.de\/index.php?rest_route=\/wp\/v2\/posts\/15734\/revisions"}],"predecessor-version":[{"id":15758,"href":"https:\/\/www.friedenkoeln.de\/index.php?rest_route=\/wp\/v2\/posts\/15734\/revisions\/15758"}],"wp:featuredmedia":[{"embeddable":true,"href":"https:\/\/www.friedenkoeln.de\/index.php?rest_route=\/wp\/v2\/media\/15736"}],"wp:attachment":[{"href":"https:\/\/www.friedenkoeln.de\/index.php?rest_route=%2Fwp%2Fv2%2Fmedia&parent=15734"}],"wp:term":[{"taxonomy":"category","embeddable":true,"href":"https:\/\/www.friedenkoeln.de\/index.php?rest_route=%2Fwp%2Fv2%2Fcategories&post=15734"},{"taxonomy":"post_tag","embeddable":true,"href":"https:\/\/www.friedenkoeln.de\/index.php?rest_route=%2Fwp%2Fv2%2Ftags&post=15734"}],"curies":[{"name":"wp","href":"https:\/\/api.w.org\/{rel}","templated":true}]}}