{"id":16268,"date":"2021-01-04T22:22:25","date_gmt":"2021-01-04T21:22:25","guid":{"rendered":"https:\/\/www.friedenkoeln.de\/?p=16268"},"modified":"2021-01-06T20:33:54","modified_gmt":"2021-01-06T19:33:54","slug":"einladung-zur-online-diskussion-rolf-muetzenich-und-karl-hans-blaesius-am-21-1-2021-zum-thema-atomkrieg","status":"publish","type":"post","link":"https:\/\/www.friedenkoeln.de\/?p=16268","title":{"rendered":"Einladung zur Online-Diskussion: Rolf M\u00fctzenich und Karl Hans Bl\u00e4sius am 21.1.2021 zum Thema Atomkrieg"},"content":{"rendered":"<div class=\"tx-makkurse__kurs--show__left\">\n<p><em>Wir laden herzlich ein \u2013 bitte Anmeldung nicht vergessen!<\/em><\/p>\n<hr \/>\n<h4>Atomkrieg \u201caus Versehen\u201d? Fr\u00fchwarnsysteme und K\u00fcnstliche Intelligenz<\/h4>\n<p>Online-Gespr\u00e4ch mit<\/p>\n<h4>Dr. Rolf M\u00fctzenich, Vorsitzender der SPD-Bundestagsfraktion,<\/h4>\n<p>und<\/p>\n<\/div>\n<h4>Prof. Dr. Karl Hans Bl\u00e4sius, Hochschule Trier<\/h4>\n<h4>Moderation: Christiane Lammers<\/h4>\n<div>am Donnerstag, 21. Januar 2021, um 19:00 \u2013 21:00<\/div>\n<div>\n<p><strong>Anmeldung erforderlich: anmeldung@melanchthon-akademie.de<\/strong><\/p>\n<div class=\"page\" title=\"Page 1\">\n<div class=\"layoutArea\">\n<div class=\"column\">\n<p>Den Online-Zugang erhalten Sie einen Tag vor der Veranstaltung.<\/p>\n<\/div>\n<\/div>\n<\/div>\n<\/div>\n<div class=\"tx-makkurse__kurs--show__left\">\n<div>Die Gefahr eines Atomkrieges aus Versehen ist gro\u00df, warnt der Informatiker Prof. Dr. Karl Hans Bl\u00e4sius aus Trier. Fr\u00fchwarn- und Entscheidungssysteme der Atomwaffenstaaten sollen m\u00f6gliche Angriffe melden und bewerten. Wie beeinflusst das politische Umfeld die Bewertung von Alarmmeldungen? Was hat der Klimawandel mit dem Atomkriegsrisiko zu tun? Kann K\u00fcnstliche Intelligenz das Risiko von Falschmeldungen verringern?<\/div>\n<div><\/div>\n<div>Tragen die rund zwanzig auf dem Bundeswehr-Flugplatz B\u00fcchel (Eifel) stationierten US-Atombomben zur Sicherheit Deutschlands bei? Der SPD-Fraktionsvorsitzende im Deutschen Bundestag Dr. Rolf M\u00fctzenich glaubt das nicht. Er h\u00e4lt das Eskalationsrisiko f\u00fcr \u201cun\u00fcberschaubar\u201d und erkl\u00e4rt, die USA s\u00e4hen in den Atomwaffen nicht mehr nur ein Mittel der Abschreckung, sondern ein Mittel der Kriegf\u00fchrung. Dient die \u201cNukleare Teilhabe\u201d Deutschlands an den US-Atombomben der Sicherheit in Europa, oder ist sie selbst ein Sicherheitsrisiko?<\/div>\n<div><img loading=\"lazy\" decoding=\"async\" class=\"size-full wp-image-16275 aligncenter\" src=\"https:\/\/www.friedenkoeln.de\/wp-content\/uploads\/2021\/01\/20-2AtomkriegG-Flyer-scaled.jpg\" alt=\"\" width=\"1810\" height=\"2560\" \/><\/div>\n<\/div>\n<div>Veranstalter:<\/div>\n<p>DFG-VK Gruppe K\u00f6ln, Internationaler Vers\u00f6hnungsbund Regionalgruppe K\u00f6ln, Friedensbildungswerk K\u00f6ln, Melanchthon-Akademie K\u00f6ln, Katholisches Bildungswerk K\u00f6ln, K\u00f6lner Friedensforum, pax christi Gruppe K\u00f6ln<\/p>\n<hr \/>\n<p><a href=\"https:\/\/www.friedenkoeln.de\/wp-content\/uploads\/2021\/01\/20-2AtomkriegG-Flyer.pdf\"><em>Flyer zum Download<\/em><\/a><\/p>\n<p><em>Diese Veranstaltung sollte urspr\u00fcnglich am 12.12.2020 stattfinden und musste verschoben werden.<\/em><\/p>\n","protected":false},"excerpt":{"rendered":"<p>Wir laden herzlich ein \u2013 bitte Anmeldung nicht vergessen! Atomkrieg \u201caus Versehen\u201d? Fr\u00fchwarnsysteme und K\u00fcnstliche Intelligenz Online-Gespr\u00e4ch mit Dr. Rolf M\u00fctzenich, Vorsitzender der SPD-Bundestagsfraktion, und Prof. Dr. Karl Hans Bl\u00e4sius, Hochschule Trier Moderation: Christiane&#46;&#46;&#46;<\/p>\n","protected":false},"author":110,"featured_media":16275,"comment_status":"open","ping_status":"open","sticky":false,"template":"","format":"standard","meta":{"footnotes":""},"categories":[104],"tags":[],"class_list":["post-16268","post","type-post","status-publish","format-standard","has-post-thumbnail","hentry","category-ankuendigung"],"_links":{"self":[{"href":"https:\/\/www.friedenkoeln.de\/index.php?rest_route=\/wp\/v2\/posts\/16268","targetHints":{"allow":["GET"]}}],"collection":[{"href":"https:\/\/www.friedenkoeln.de\/index.php?rest_route=\/wp\/v2\/posts"}],"about":[{"href":"https:\/\/www.friedenkoeln.de\/index.php?rest_route=\/wp\/v2\/types\/post"}],"author":[{"embeddable":true,"href":"https:\/\/www.friedenkoeln.de\/index.php?rest_route=\/wp\/v2\/users\/110"}],"replies":[{"embeddable":true,"href":"https:\/\/www.friedenkoeln.de\/index.php?rest_route=%2Fwp%2Fv2%2Fcomments&post=16268"}],"version-history":[{"count":6,"href":"https:\/\/www.friedenkoeln.de\/index.php?rest_route=\/wp\/v2\/posts\/16268\/revisions"}],"predecessor-version":[{"id":16277,"href":"https:\/\/www.friedenkoeln.de\/index.php?rest_route=\/wp\/v2\/posts\/16268\/revisions\/16277"}],"wp:featuredmedia":[{"embeddable":true,"href":"https:\/\/www.friedenkoeln.de\/index.php?rest_route=\/wp\/v2\/media\/16275"}],"wp:attachment":[{"href":"https:\/\/www.friedenkoeln.de\/index.php?rest_route=%2Fwp%2Fv2%2Fmedia&parent=16268"}],"wp:term":[{"taxonomy":"category","embeddable":true,"href":"https:\/\/www.friedenkoeln.de\/index.php?rest_route=%2Fwp%2Fv2%2Fcategories&post=16268"},{"taxonomy":"post_tag","embeddable":true,"href":"https:\/\/www.friedenkoeln.de\/index.php?rest_route=%2Fwp%2Fv2%2Ftags&post=16268"}],"curies":[{"name":"wp","href":"https:\/\/api.w.org\/{rel}","templated":true}]}}