{"id":16429,"date":"2021-01-08T00:21:22","date_gmt":"2021-01-07T23:21:22","guid":{"rendered":"https:\/\/www.friedenkoeln.de\/?p=16429"},"modified":"2021-01-08T00:21:22","modified_gmt":"2021-01-07T23:21:22","slug":"keine-erhoehung-des-anreicherungsgrads-fuer-uran-weder-im-iran-noch-bei-urenco-rwe-und-e-on","status":"publish","type":"post","link":"https:\/\/www.friedenkoeln.de\/?p=16429","title":{"rendered":"Keine Erh\u00f6hung des Anreicherungsgrads f\u00fcr Uran \u2013 weder im Iran, noch bei Urenco, RWE und E.ON"},"content":{"rendered":"<h4>Deutschland, Niederlande und USA setzen schlechtes Beispiel<\/h4>\n<p><em>Gronau\/Enschede\/Bonn\/Berlin, 7. Januar 2021.\u00a0<\/em>Anti-Atomkraft-Initiativen aus NRW, Niedersachsen und den Niederlanden sowie der Bundesverband B\u00fcrgerinitiativen Umweltschutz (BBU), die internationale \u00c4rzteorganisation IPPNW und die Deutsche Friedensgesellschaft \u2013 Vereinigte KriegsdienstgegnerInnen (DFG \u2013 VK) NRW kritisieren scharf das Vorhaben des Iran, ab sofort Uran 235 bis auf 20% anreichern zu wollen. Dies erh\u00f6ht die Gefahren f\u00fcr eine milit\u00e4rische Verwendung enorm, denn bei einem Anreicherungsgrad von 20% ist ein Gro\u00dfteil der Anreicherung f\u00fcr atomwaffenf\u00e4higes Uran bereits geschehen. Scharf kritisiert wird auch das Verhalten der US-Regierung, die durch den einseitigen Ausstieg aus dem Atomabkommen mit dem Iran diese gef\u00e4hrliche Entwicklung \u00fcberhaupt erst heraufbeschworen hat.<\/p>\n<div id=\"attachment_16433\" style=\"width: 521px\" class=\"wp-caption alignright\"><img loading=\"lazy\" decoding=\"async\" aria-describedby=\"caption-attachment-16433\" class=\" wp-image-16433\" src=\"https:\/\/www.friedenkoeln.de\/wp-content\/uploads\/2021\/01\/Urananreicherungsanlage_der_Firma_Urenco_in_Gronau_-_6818255808-scaled.jpg\" alt=\"Ein Bauschild mit bunter Architektenskizze eines gro\u00dfen Industrieareals\" width=\"511\" height=\"339\" \/><p id=\"caption-attachment-16433\" class=\"wp-caption-text\">Bauschild: &#8222;Endausbau der Urananreichungsanlage Gronau auf 4.500 tUTA\/a gem\u00e4\u00df atomrechtlicher Genehmigung 7\/6 UAG vom 14.02.2005&#8220;. Foto vom 28.3.2011: UAA Nee \/ Ostermarsch Gronau (CC BY-SA 2.0)<\/p><\/div>\n<p>Die Initiativen und Verb\u00e4nde kritisieren zudem, dass ausgerechnet Deutschland, die Niederlande, Gro\u00dfbritannien und die USA in dieser Beziehung ein sehr schlechtes Beispiel setzen: 2019 k\u00fcndigte der deutsch-niederl\u00e4ndisch-britische Urananreicherer Urenco mit Billigung der vier Regierungen an, in den USA zuk\u00fcnftig ebenfalls Uran 235 auf bis zu 20% anreichern zu wollen. In den USA gab es dazu unter anderem Gespr\u00e4che zwischen Urenco und dem Pentagon. Damit begibt sich auch Urenco noch weiter in den zivil-milit\u00e4rischen Graubereich der friedensgef\u00e4hrdenden Urananreicherung.<\/p>\n<p>Urenco geh\u00f6rt zu einem Drittel den deutschen Energiekonzernen RWE und E.ON, wird politisch von der Bundesregierung zusammen mit den Regierungen in Den Haag und London kontrolliert und betreibt in Gronau\/Westfalen die bundesweit einzige Urananreicherungsanlage. Weitere Urenco-Anlagen befinden sich in Almelo\/Niederlande, Capenhurst\/Gro\u00dfbritannien sowie Eunice\/USA. Genau wie der Iran arbeitet auch Urenco mit dem Zentrifugen-Verfahren, das technisch jederzeit auch f\u00fcr die atomwaffenf\u00e4hige Urananreicherung genutzt werden kann.<\/p>\n<blockquote><p>Es ist leider Fakt, dass der Iran jetzt die Ank\u00fcndigungen von Urenco zur massiven Erh\u00f6hung des Anreicherungsgrads von Uran 235 kopiert. Die Bundesregierung, die Niederlande, Gro\u00dfbritannien und die USA haben dem Iran damit leider erneut eine politische Steilvorlage geliefert, anstatt gemeinsam die milit\u00e4risch extrem brisante Urananreicherung zu stoppen. Damit machen sich die Regierungen unglaubw\u00fcrdig, wenn sie den Iran zur Zur\u00fcckhaltung auffordern. Dennoch muss der Iran nat\u00fcrlich von sich aus auf derartige nukleare Provokationen verzichten,<\/p><\/blockquote>\n<p>so Peter Bastian vom Aktionsb\u00fcndnis M\u00fcnsterland gegen Atomanlagen.<\/p>\n<blockquote><p>Wir beobachten mit gro\u00dfer Sorge, dass die ohnehin d\u00fcnne Trennlinie zwischen ziviler und milit\u00e4rischer Urananreicherung immer weiter verschwimmt. Dass Urenco, und damit auch die deutschen Energieversorger RWE und E.ON sowie die Bundesregierung, hier an vorderster Front mitspielen, ist ein Skandal. Wenn die Bundesregierung es mit Atomausstieg und atomarer Abr\u00fcstung ernst meint, dann muss sie mit dem eigenen Veto-Recht die Urenco-Pl\u00e4ne in den USA sofort stoppen, um ein positives Beispiel f\u00fcr internationale Abr\u00fcstung zu setzen,<\/p><\/blockquote>\n<p>erkl\u00e4rte Dr. Angelika Claussen von der IPPNW.<\/p>\n<p>Im Rahmen der bundesweiten Osterm\u00e4rsche der Friedensbewegung sind auch in diesem Jahr <a href=\"https:\/\/ostermarsch-gronau.de\">zu Ostern wieder Proteste zur Stilllegung der Urananreicherungsanlage Gronau<\/a> geplant. In welchem Rahmen dies Corona-bedingt m\u00f6glich ist, wird derzeit zwischen Anti-Atomkraft- und Friedensinitiativen besprochen.<\/p>\n<hr \/>\n<p>Aktionsb\u00fcndnis M\u00fcnsterland gegen Atomanlagen Arbeitskreis Umwelt (AKU) Gronau<br \/>\nB\u00fcrgerinitiative \u201eKein Atomm\u00fcll in Ahaus\u201c<br \/>\n<a href=\"https:\/\/sofa-ms.de\">SOFA (Sofortiger Atomausstieg) M\u00fcnster<\/a><br \/>\nArbeitskreis Umwelt (AKU) Sch\u00fcttorf<br \/>\nB\u00fcndnis AgiEL \u2013 AtomkraftgegnerInnen im Emsland<br \/>\nB\u00fcrgerinitiative Umweltschutz L\u00fcchow-Dannenberg<br \/>\nEnschede voor Vrede (NL)<br \/>\n<a href=\"https:\/\/www.laka.org\">Stichting Laka Amsterdam (NL)<\/a><br \/>\n<a href=\"https:\/\/www.bbu-online.de\">Bundesverband B\u00fcrgerinitiativen Umweltschutz (BBU)<\/a><br \/>\n<a href=\"https:\/\/nrw.dfg-vk.de\">Deutsche Friedensgesellschaft \u2013 Vereinigte KriegsdienstgegnerInnen (DFG \u2013 VK) NRW<\/a><br \/>\n<a href=\"https:\/\/www.ippnw.de\">IPPNW \u2013 Internationale \u00c4rzte zur Verh\u00fctung eines Atomkriegs \/ \u00c4rzte in sozialer Verantwortung<\/a><\/p>\n<p>Kontakte:<\/p>\n<p>Dr. Angelika Claussen (IPPNW): Tel. 0172-5882786<br \/>\nPeter Bastian (Aktionsb\u00fcndnis M\u00fcnsterland gegen Atomanlagen): Tel. 0157-86269233<br \/>\nMatthias Eickhoff (SOFA M\u00fcnster): Tel. 0176-64699023<br \/>\nUdo Buchholz (AKU Gronau\/BBU): Tel. 02562-23125<\/p>\n","protected":false},"excerpt":{"rendered":"<p>Deutschland, Niederlande und USA setzen schlechtes Beispiel Gronau\/Enschede\/Bonn\/Berlin, 7. Januar 2021.\u00a0Anti-Atomkraft-Initiativen aus NRW, Niedersachsen und den Niederlanden sowie der Bundesverband B\u00fcrgerinitiativen Umweltschutz (BBU), die internationale \u00c4rzteorganisation IPPNW und die Deutsche Friedensgesellschaft \u2013 Vereinigte KriegsdienstgegnerInnen&#46;&#46;&#46;<\/p>\n","protected":false},"author":110,"featured_media":16433,"comment_status":"open","ping_status":"open","sticky":false,"template":"","format":"standard","meta":{"footnotes":""},"categories":[87],"tags":[157],"class_list":["post-16429","post","type-post","status-publish","format-standard","has-post-thumbnail","hentry","category-pressemitteilung","tag-atomenergie"],"_links":{"self":[{"href":"https:\/\/www.friedenkoeln.de\/index.php?rest_route=\/wp\/v2\/posts\/16429","targetHints":{"allow":["GET"]}}],"collection":[{"href":"https:\/\/www.friedenkoeln.de\/index.php?rest_route=\/wp\/v2\/posts"}],"about":[{"href":"https:\/\/www.friedenkoeln.de\/index.php?rest_route=\/wp\/v2\/types\/post"}],"author":[{"embeddable":true,"href":"https:\/\/www.friedenkoeln.de\/index.php?rest_route=\/wp\/v2\/users\/110"}],"replies":[{"embeddable":true,"href":"https:\/\/www.friedenkoeln.de\/index.php?rest_route=%2Fwp%2Fv2%2Fcomments&post=16429"}],"version-history":[{"count":4,"href":"https:\/\/www.friedenkoeln.de\/index.php?rest_route=\/wp\/v2\/posts\/16429\/revisions"}],"predecessor-version":[{"id":16434,"href":"https:\/\/www.friedenkoeln.de\/index.php?rest_route=\/wp\/v2\/posts\/16429\/revisions\/16434"}],"wp:featuredmedia":[{"embeddable":true,"href":"https:\/\/www.friedenkoeln.de\/index.php?rest_route=\/wp\/v2\/media\/16433"}],"wp:attachment":[{"href":"https:\/\/www.friedenkoeln.de\/index.php?rest_route=%2Fwp%2Fv2%2Fmedia&parent=16429"}],"wp:term":[{"taxonomy":"category","embeddable":true,"href":"https:\/\/www.friedenkoeln.de\/index.php?rest_route=%2Fwp%2Fv2%2Fcategories&post=16429"},{"taxonomy":"post_tag","embeddable":true,"href":"https:\/\/www.friedenkoeln.de\/index.php?rest_route=%2Fwp%2Fv2%2Ftags&post=16429"}],"curies":[{"name":"wp","href":"https:\/\/api.w.org\/{rel}","templated":true}]}}