{"id":16435,"date":"2021-01-08T15:46:52","date_gmt":"2021-01-08T14:46:52","guid":{"rendered":"https:\/\/www.friedenkoeln.de\/?p=16435"},"modified":"2021-01-08T15:48:12","modified_gmt":"2021-01-08T14:48:12","slug":"abgesagt-internationaler-soldatengottesdienst-2021-im-koelner-dom-zeit-zu-lernen-und-zu-feiern","status":"publish","type":"post","link":"https:\/\/www.friedenkoeln.de\/?p=16435","title":{"rendered":"Abgesagt: Internationaler Soldatengottesdienst 2021 im K\u00f6lner Dom &#8211; Zeit zu lernen und zu feiern"},"content":{"rendered":"<p style=\"font-weight: normal;\">Wie die Katholische Milit\u00e4rseelsorge auf ihrer Website berichtete, wurde der f\u00fcr den 21. Januar 2021 geplante &#8222;Internationale Soldatengottesdienst zum Weltfriedenstag&#8220; aufgrund des &#8222;derzeitigen Infektionsgeschehens&#8220; abgesagt. Das gelte auch f\u00fcr die Begegnung auf dem Roncalliplatz und den traditionelle Empfang im Maternushaus.<\/p>\n<p style=\"font-weight: normal;\">Die Kirche feiert den Weltfriedenstag jeweils am 1. Januar. Aus diesem Anlass hatte auch pax christi K\u00f6ln schon <a href=\"https:\/\/www.friedenkoeln.de\/?p=15734\">am Neujahrstag zum Gottesdienst in den K\u00f6lner Dom<\/a> eingeladen.<\/p>\n<div id=\"attachment_15017\" style=\"width: 533px\" class=\"wp-caption alignleft\"><img loading=\"lazy\" decoding=\"async\" aria-describedby=\"caption-attachment-15017\" class=\" wp-image-15017\" src=\"https:\/\/www.friedenkoeln.de\/wp-content\/uploads\/2020\/05\/Bildschirmfoto_Erzbistum-K\u00f6ln_Franz-Josef-Jung-im-K\u00f6lner-Dom_20200117.jpeg\" alt=\"Die erste Reihe im Kirchenschiff zeigt Herren in dunklen Uniformm\u00e4nteln und Oberb\u00fcrgermeisterin Reker, die zum Altar schauen. Nur ein Mann im dunklen Zivilanzug schaut nach rechts, direkt ins Objektiv der Kamera.\" width=\"523\" height=\"323\" srcset=\"https:\/\/www.friedenkoeln.de\/wp-content\/uploads\/2020\/05\/Bildschirmfoto_Erzbistum-K\u00f6ln_Franz-Josef-Jung-im-K\u00f6lner-Dom_20200117.jpeg 1067w, https:\/\/www.friedenkoeln.de\/wp-content\/uploads\/2020\/05\/Bildschirmfoto_Erzbistum-K\u00f6ln_Franz-Josef-Jung-im-K\u00f6lner-Dom_20200117-150x93.jpeg 150w, https:\/\/www.friedenkoeln.de\/wp-content\/uploads\/2020\/05\/Bildschirmfoto_Erzbistum-K\u00f6ln_Franz-Josef-Jung-im-K\u00f6lner-Dom_20200117-768x474.jpeg 768w, https:\/\/www.friedenkoeln.de\/wp-content\/uploads\/2020\/05\/Bildschirmfoto_Erzbistum-K\u00f6ln_Franz-Josef-Jung-im-K\u00f6lner-Dom_20200117-80x50.jpeg 80w\" sizes=\"auto, (max-width: 523px) 100vw, 523px\" \/><p id=\"caption-attachment-15017\" class=\"wp-caption-text\">Bildschirmfoto des Berichts des Erzbistum K\u00f6ln \u00fcber den Soldatengottesdienst am 17.1.2020: &#8222;(&#8230;) nahm Bundesminister a. D. Dr. Franz-Josef Jung (&#8230;) teil.&#8220; Foto: Erzbistum K\u00f6ln\/Boecker (www.erzbistum-koeln.de). Dr. Jung ist Aufsichtsratsmitglied bei Rheinmetall.<\/p><\/div>\n<p>Der Internationale Soldatengottesdienst findet 2021 zum ersten Mal seit 1977 nicht statt. Der Gottesdienst wurde &#8211; unter Beteiligung der DFG-VK Gruppe K\u00f6ln &#8211; regelm\u00e4\u00dfig durch Mahnwachen und Proteste auf dem Domvorplatz gegen die Verquickung von Milit\u00e4r, R\u00fcstungsindustrie und Kirche begleitet.<\/p>\n<p>In diesem Jahr k\u00f6nnen wir uns die Proteste, die oft bei sehr ungem\u00fctlichem Wetter stattfanden, sparen. Stattdessen gibt es abends eine spannende Live-Veranstaltung (unbedingt anmelden!) mit dem Vorsitzenden der SPD-Bundestagsfraktion Dr. Rolf M\u00fctzenich und dem Informatiker und Fachmann f\u00fcr K\u00fcnstliche Intelligenz Prof. Dr. Karl Hans Bl\u00e4sius: <a href=\"https:\/\/www.friedenkoeln.de\/?p=16268\">&#8222;Atomkrieg &#8222;aus Versehen&#8220;? Fr\u00fchwarnsysteme und K\u00fcnstliche Intelligenz&#8220;<\/a>. Und am folgenden Tag, den 22.1.2021, feiern wir das Inkrafttreten des Atomwaffenverbotsvertrags der Vereinten Nationen. Eine Online-Veranstaltung in K\u00f6ln ist dazu in Vorbereitung.<\/p>\n<div id=\"attachment_16438\" style=\"width: 710px\" class=\"wp-caption aligncenter\"><img loading=\"lazy\" decoding=\"async\" aria-describedby=\"caption-attachment-16438\" class=\"size-full wp-image-16438\" src=\"https:\/\/www.friedenkoeln.de\/wp-content\/uploads\/2021\/01\/atomwaffen-sind-verboten.png\" alt=\"Rote und schwarze Schrift auf lachsrotem Grund, rechts die Skizze eines Menschen, der zufrieden eine Rakete \u00fcber seinem Kopf in zwei St\u00fccke bricht, dahinter die grafisch angedeutete Weltkugel.\" width=\"700\" height=\"400\" srcset=\"https:\/\/www.friedenkoeln.de\/wp-content\/uploads\/2021\/01\/atomwaffen-sind-verboten.png 700w, https:\/\/www.friedenkoeln.de\/wp-content\/uploads\/2021\/01\/atomwaffen-sind-verboten-200x114.png 200w\" sizes=\"auto, (max-width: 700px) 100vw, 700px\" \/><p id=\"caption-attachment-16438\" class=\"wp-caption-text\">&#8222;Atomwaffen sind verboten ab dem 22.1.2021&#8220; Grafik: ICAN Deutschland e.V.<\/p><\/div>\n","protected":false},"excerpt":{"rendered":"<p>Wie die Katholische Milit\u00e4rseelsorge auf ihrer Website berichtete, wurde der f\u00fcr den 21. Januar 2021 geplante &#8222;Internationale Soldatengottesdienst zum Weltfriedenstag&#8220; aufgrund des &#8222;derzeitigen Infektionsgeschehens&#8220; abgesagt. Das gelte auch f\u00fcr die Begegnung auf dem Roncalliplatz&#46;&#46;&#46;<\/p>\n","protected":false},"author":110,"featured_media":16438,"comment_status":"open","ping_status":"open","sticky":false,"template":"","format":"standard","meta":{"footnotes":""},"categories":[104],"tags":[33,112,48,59],"class_list":["post-16435","post","type-post","status-publish","format-standard","has-post-thumbnail","hentry","category-ankuendigung","tag-atomwaffen","tag-atomwaffenverbotsvertrag","tag-bundeswehr","tag-kirche"],"_links":{"self":[{"href":"https:\/\/www.friedenkoeln.de\/index.php?rest_route=\/wp\/v2\/posts\/16435","targetHints":{"allow":["GET"]}}],"collection":[{"href":"https:\/\/www.friedenkoeln.de\/index.php?rest_route=\/wp\/v2\/posts"}],"about":[{"href":"https:\/\/www.friedenkoeln.de\/index.php?rest_route=\/wp\/v2\/types\/post"}],"author":[{"embeddable":true,"href":"https:\/\/www.friedenkoeln.de\/index.php?rest_route=\/wp\/v2\/users\/110"}],"replies":[{"embeddable":true,"href":"https:\/\/www.friedenkoeln.de\/index.php?rest_route=%2Fwp%2Fv2%2Fcomments&post=16435"}],"version-history":[{"count":5,"href":"https:\/\/www.friedenkoeln.de\/index.php?rest_route=\/wp\/v2\/posts\/16435\/revisions"}],"predecessor-version":[{"id":16441,"href":"https:\/\/www.friedenkoeln.de\/index.php?rest_route=\/wp\/v2\/posts\/16435\/revisions\/16441"}],"wp:featuredmedia":[{"embeddable":true,"href":"https:\/\/www.friedenkoeln.de\/index.php?rest_route=\/wp\/v2\/media\/16438"}],"wp:attachment":[{"href":"https:\/\/www.friedenkoeln.de\/index.php?rest_route=%2Fwp%2Fv2%2Fmedia&parent=16435"}],"wp:term":[{"taxonomy":"category","embeddable":true,"href":"https:\/\/www.friedenkoeln.de\/index.php?rest_route=%2Fwp%2Fv2%2Fcategories&post=16435"},{"taxonomy":"post_tag","embeddable":true,"href":"https:\/\/www.friedenkoeln.de\/index.php?rest_route=%2Fwp%2Fv2%2Ftags&post=16435"}],"curies":[{"name":"wp","href":"https:\/\/api.w.org\/{rel}","templated":true}]}}