{"id":16473,"date":"2021-01-20T12:53:58","date_gmt":"2021-01-20T11:53:58","guid":{"rendered":"https:\/\/www.friedenkoeln.de\/?p=16473"},"modified":"2021-01-20T16:08:03","modified_gmt":"2021-01-20T15:08:03","slug":"mitmachen-am-22-januar-2021-yes-we-ban-atomwaffenverbotsvertrag-tritt-in-kraft","status":"publish","type":"post","link":"https:\/\/www.friedenkoeln.de\/?p=16473","title":{"rendered":"Mitmachen am 22. Januar 2021: &#8222;Yes, we ban! &#8211; Atomwaffenverbotsvertrag tritt in Kraft!&#8220;"},"content":{"rendered":"<div class=\"\" style=\"text-align: center;\"><b class=\"\">&#8222;Yes, we ban! &#8211; Atomwaffenverbotsvertrag tritt in Kraft!&#8220;<br class=\"\" \/><\/b>Kundgebung<br class=\"\" \/><b class=\"\">am Freitag, 22.1.2021, 12 \u2013 13 Uhr<br class=\"\" \/>vor dem Rathaus der Stadt K\u00f6ln, Alter Markt<br class=\"\" \/><\/b><br class=\"\" \/>mit<br class=\"\" \/><b class=\"\">Bernd Hahnfeld<\/b>, Richter i. R., Vorstandsmitglied der <a href=\"https:\/\/www.ialana.de\">IALANA \u2013 Vereinigung f\u00fcr\u00a0Friedensrecht<\/a>, und<br class=\"\" \/><b class=\"\">Ursula Forner<\/b>, Mitglied des Hiroshima-Nagasaki-Arbeitskreises im <a href=\"http:\/\/koelnerfriedensforum.org\">K\u00f6lner\u00a0Friedensforum<\/a><\/div>\n<div class=\"\" style=\"text-align: left;\"><br class=\"\" \/><u class=\"\">Hinweise:<\/u><\/div>\n<div class=\"\">\n<p>Wir\u00a0bitten, ein eigenes Sektglas mitzubringen!\u00a0Wir\u00a0nehmen R\u00fccksicht auf einander und bitten freundlich, die \u00fcblichen\u00a0Infektionsschutzma\u00dfnahmen einzuhalten.<\/p>\n<div id=\"attachment_13539\" style=\"width: 753px\" class=\"wp-caption aligncenter\"><img loading=\"lazy\" decoding=\"async\" aria-describedby=\"caption-attachment-13539\" class=\" wp-image-13539\" src=\"https:\/\/www.friedenkoeln.de\/wp-content\/uploads\/2019\/03\/55939779_2220212171358243_5233767655650885632_n.jpg\" alt=\"Zwei Frauen und ein Mann stehen winterlich gekleidet nebeneinander; im Hintergrund zahlreiche bunt gestreifte Friedensfahnen und die blauwei\u00dfe Fahne der DFG-VK.\" width=\"743\" height=\"496\" srcset=\"https:\/\/www.friedenkoeln.de\/wp-content\/uploads\/2019\/03\/55939779_2220212171358243_5233767655650885632_n.jpg 960w, https:\/\/www.friedenkoeln.de\/wp-content\/uploads\/2019\/03\/55939779_2220212171358243_5233767655650885632_n-150x100.jpg 150w, https:\/\/www.friedenkoeln.de\/wp-content\/uploads\/2019\/03\/55939779_2220212171358243_5233767655650885632_n-768x512.jpg 768w\" sizes=\"auto, (max-width: 743px) 100vw, 743px\" \/><p id=\"caption-attachment-13539\" class=\"wp-caption-text\">Michael S\u00fcnner verliest das Gru\u00dfwort der K\u00f6lner Oberb\u00fcrgermeisterin Henriette Reker beim Auftakt der Aktionspr\u00e4senz am 26.3.2019 in B\u00fcchel. Foto: B\u00fcchel ist \u00fcberall &#8211; atomwaffenfrei jetzt!<\/p><\/div>\n<p><u class=\"\">Veranstalter:<\/u><br class=\"\" \/>K\u00f6lner Friedensforum gemeinsam mit<br class=\"\" \/>Deutsche Friedensgesellschaft \u2013\u00a0Vereinigte KriegsdienstgegnerInnen e. V. (DFG-VK) Gruppe\u00a0K\u00f6ln und weiteren\u00a0Friedensgruppen<\/p>\n<p><u class=\"\">Infos:<br class=\"\" \/><\/u><a href=\"https:\/\/www.hannover.de\/Leben-in-der-Region-Hannover\/Politik\/Politische-Gremien\/Mayors-for-Peace\/Wer-sind-die-Mayors-for-Peace\/Bundeskonferenz-der-B\u00fcrgermeister-f\u00fcr-den-Frieden\">Mayors for Peace<\/a><br class=\"\" \/><a href=\"https:\/\/www.icanw.de\">Internationale Kampagne zur\u00a0Abschaffung der Atomwaffen (ICAN)<\/a><\/p>\n<\/div>\n","protected":false},"excerpt":{"rendered":"<p>&#8222;Yes, we ban! &#8211; Atomwaffenverbotsvertrag tritt in Kraft!&#8220;Kundgebungam Freitag, 22.1.2021, 12 \u2013 13 Uhrvor dem Rathaus der Stadt K\u00f6ln, Alter MarktmitBernd Hahnfeld, Richter i. R., Vorstandsmitglied der IALANA \u2013 Vereinigung f\u00fcr\u00a0Friedensrecht, undUrsula Forner, Mitglied&#46;&#46;&#46;<\/p>\n","protected":false},"author":110,"featured_media":13539,"comment_status":"open","ping_status":"open","sticky":false,"template":"","format":"standard","meta":{"footnotes":""},"categories":[104],"tags":[],"class_list":["post-16473","post","type-post","status-publish","format-standard","has-post-thumbnail","hentry","category-ankuendigung"],"_links":{"self":[{"href":"https:\/\/www.friedenkoeln.de\/index.php?rest_route=\/wp\/v2\/posts\/16473","targetHints":{"allow":["GET"]}}],"collection":[{"href":"https:\/\/www.friedenkoeln.de\/index.php?rest_route=\/wp\/v2\/posts"}],"about":[{"href":"https:\/\/www.friedenkoeln.de\/index.php?rest_route=\/wp\/v2\/types\/post"}],"author":[{"embeddable":true,"href":"https:\/\/www.friedenkoeln.de\/index.php?rest_route=\/wp\/v2\/users\/110"}],"replies":[{"embeddable":true,"href":"https:\/\/www.friedenkoeln.de\/index.php?rest_route=%2Fwp%2Fv2%2Fcomments&post=16473"}],"version-history":[{"count":8,"href":"https:\/\/www.friedenkoeln.de\/index.php?rest_route=\/wp\/v2\/posts\/16473\/revisions"}],"predecessor-version":[{"id":16485,"href":"https:\/\/www.friedenkoeln.de\/index.php?rest_route=\/wp\/v2\/posts\/16473\/revisions\/16485"}],"wp:featuredmedia":[{"embeddable":true,"href":"https:\/\/www.friedenkoeln.de\/index.php?rest_route=\/wp\/v2\/media\/13539"}],"wp:attachment":[{"href":"https:\/\/www.friedenkoeln.de\/index.php?rest_route=%2Fwp%2Fv2%2Fmedia&parent=16473"}],"wp:term":[{"taxonomy":"category","embeddable":true,"href":"https:\/\/www.friedenkoeln.de\/index.php?rest_route=%2Fwp%2Fv2%2Fcategories&post=16473"},{"taxonomy":"post_tag","embeddable":true,"href":"https:\/\/www.friedenkoeln.de\/index.php?rest_route=%2Fwp%2Fv2%2Ftags&post=16473"}],"curies":[{"name":"wp","href":"https:\/\/api.w.org\/{rel}","templated":true}]}}