{"id":16483,"date":"2021-01-20T16:06:23","date_gmt":"2021-01-20T15:06:23","guid":{"rendered":"https:\/\/www.friedenkoeln.de\/?p=16483"},"modified":"2021-01-20T16:07:24","modified_gmt":"2021-01-20T15:07:24","slug":"in-bildern-koelner-engagement-fuer-eine-atomwaffenfreie-welt","status":"publish","type":"post","link":"https:\/\/www.friedenkoeln.de\/?p=16483","title":{"rendered":"In Bildern: K\u00f6lner Engagement f\u00fcr eine atomwaffenfreie Welt"},"content":{"rendered":"<div class=\"rl-gallery-container rl-loading\" id=\"rl-gallery-container-1\" data-gallery_id=\"16481\"> <h4 class=\"rl-gallery-title\">In Bildern: K\u00f6lner Engagement f\u00fcr eine atomwaffenfreie Welt<\/h4> <div class=\"rl-gallery rl-basicgrid-gallery rl-hover-effect-1\" id=\"rl-gallery-1\" data-gallery_no=\"1\"> <div class=\"rl-gallery-item\"><a href=\"https:\/\/www.friedenkoeln.de\/wp-content\/uploads\/2020\/09\/Klaus-Mueller_Flagge-MfP-Rathausturm-Koeln_20160708_P2060810_2.jpg\" title=\"\" data-rl_title=\"\" class=\"rl-gallery-link\" data-rl_caption=\"\" data-rel=\"lightbox-gallery-1\"><img loading=\"lazy\" decoding=\"async\" src=\"https:\/\/www.friedenkoeln.de\/wp-content\/uploads\/2020\/09\/Klaus-Mueller_Flagge-MfP-Rathausturm-Koeln_20160708_P2060810_2-500x500.jpg\" width=\"500\" height=\"500\" alt=\"\" \/><span class=\"rl-gallery-caption\"><span class=\"rl-gallery-item-caption\">Flagge der Mayors for Peace vor dem Rathausturm K\u00f6ln. 8.7.2017. Foto: Klaus Reinhard M\u00fcller (CC BY-SA 4.0)<\/span><\/span><\/a><\/div><div class=\"rl-gallery-item\"><a href=\"https:\/\/www.friedenkoeln.de\/wp-content\/uploads\/2019\/08\/DSC_0295-e1565593418948.jpg\" title=\"\" data-rl_title=\"\" class=\"rl-gallery-link\" data-rl_caption=\"\" data-rel=\"lightbox-gallery-1\"><img loading=\"lazy\" decoding=\"async\" src=\"https:\/\/www.friedenkoeln.de\/wp-content\/uploads\/2019\/08\/DSC_0295-e1565593418948-500x500.jpg\" width=\"500\" height=\"500\" alt=\"Ein asiatisch aussehender Herr mit kurzen schwarzen Haaren und Brille, in einem beigefarbenen Leinenhemd und sonnengelbem T-Shirt darunter spricht in ein Mikrophon. Im Hintergrund ein Schild mit einer Friedenstaube und dem Logo von ICAN, der Internationalen Kampagne zur Abschaffung der Kernwaffen.\" \/><span class=\"rl-gallery-caption\"><span class=\"rl-gallery-item-caption\">Prof. Dr. Ei-Ichi Kido (Universit\u00e4t Osaka) bei der Gedenkfeier f\u00fcr die Opfer der Atombombenabw\u00fcrfe auf Hiroshima und Nagasaki. Hiroshima-Nagasaki-Park K\u00f6ln, 10.8.2019. Foto: Stefanie Intveen<\/span><\/span><\/a><\/div><div class=\"rl-gallery-item\"><a href=\"https:\/\/www.friedenkoeln.de\/wp-content\/uploads\/2020\/08\/fullsizeoutput_1e90-scaled.jpeg\" title=\"\" data-rl_title=\"\" class=\"rl-gallery-link\" data-rl_caption=\"\" data-rel=\"lightbox-gallery-1\"><img loading=\"lazy\" decoding=\"async\" src=\"https:\/\/www.friedenkoeln.de\/wp-content\/uploads\/2020\/08\/fullsizeoutput_1e90-500x500.jpeg\" width=\"500\" height=\"500\" alt=\"\u00dcber ein Dutzend Leute stehen hinter einem Br\u00fcckengel\u00e4nder und halten Pappbuchstaben hoch. Am Gel\u00e4nder h\u00e4ngen Transparente mit den Aufschriften &quot;Atomwaffenfrei jetzt!&quot; und &quot;F\u00fcr eine atomwaffenfreie Welt!&quot;\" \/><span class=\"rl-gallery-caption\"><span class=\"rl-gallery-item-caption\">&quot;Nagasaki mahnt!&quot; - eine Gedenkaktion der Friedensfahrradtour NRW (#FFTNRW20) auf der Moselbr\u00fccke in Cochem am 8.8.2020. Foto: Stefanie Intveen<\/span><\/span><\/a><\/div><div class=\"rl-gallery-item\"><a href=\"https:\/\/www.friedenkoeln.de\/wp-content\/uploads\/2019\/05\/DSC_0115-e1557143854632.jpg\" title=\"\" data-rl_title=\"\" class=\"rl-gallery-link\" data-rl_caption=\"\" data-rel=\"lightbox-gallery-1\"><img loading=\"lazy\" decoding=\"async\" src=\"https:\/\/www.friedenkoeln.de\/wp-content\/uploads\/2019\/05\/DSC_0115-e1557143854632-500x500.jpg\" width=\"500\" height=\"500\" alt=\"Eine nachdenklich-freundliche \u00e4ltere Dame mit sch\u00f6nen Gesichtsz\u00fcgen und dicken, schulterlangen, in der Mitte gescheitelten wei\u00dfgrauen Haaren, blaugrauem Halstuch und orangefarbenem Shirt vor einem sonnig-fr\u00fchlingshaften Wiesenhintergrund.\" \/><span class=\"rl-gallery-caption\"><span class=\"rl-gallery-item-caption\">Ariane Dettloff, 30.4.2019. Foto: B\u00fcchel17<\/span><\/span><\/a><\/div><div class=\"rl-gallery-item\"><a href=\"https:\/\/www.friedenkoeln.de\/wp-content\/uploads\/2020\/07\/DSC_0283-scaled.jpg\" title=\"\" data-rl_title=\"\" class=\"rl-gallery-link\" data-rl_caption=\"\" data-rel=\"lightbox-gallery-1\"><img loading=\"lazy\" decoding=\"async\" src=\"https:\/\/www.friedenkoeln.de\/wp-content\/uploads\/2020\/07\/DSC_0283-500x500.jpg\" width=\"500\" height=\"500\" alt=\"Ein mittelalter Mann mit hellem Trenchcoat und schwarzer M\u00fctze spricht in ein Mikro. Im Hintergrund ist ein Banner mit &quot;atomwaffenfrei Jetzt!&quot; zu erkennen.\" \/><span class=\"rl-gallery-caption\"><span class=\"rl-gallery-item-caption\">Pfr. Dr. Matthias Engelke am 8.7.2020 vor dem Rathaus in K\u00f6ln. Foto: Stefanie Intveen<\/span><\/span><\/a><\/div><div class=\"rl-gallery-item\"><a href=\"https:\/\/www.friedenkoeln.de\/wp-content\/uploads\/2020\/02\/DSC_0257-scaled.jpg\" title=\"\" data-rl_title=\"\" class=\"rl-gallery-link\" data-rl_caption=\"\" data-rel=\"lightbox-gallery-1\"><img loading=\"lazy\" decoding=\"async\" src=\"https:\/\/www.friedenkoeln.de\/wp-content\/uploads\/2020\/02\/DSC_0257-500x500.jpg\" width=\"500\" height=\"500\" alt=\"Ein schlanker \u00e4lterer Herr in blauer sportlicher Jacke und Jeans spricht in ein Mikro. Im Hintergrund ein Transparent mit der Aufschrift &quot;Zum Gedenken an die Atombombenopfer&quot;, &quot;Hiroshima&quot;, &quot;Nagasaki&quot;\" \/><span class=\"rl-gallery-caption\"><span class=\"rl-gallery-item-caption\">K\u00f6lner Bezirksb\u00fcrgermeister Andreas Hupke bei der Gedenkfeier f\u00fcr die Opfer der Atombombenabw\u00fcrfe auf Hiroshima und Nagasaki. Hiroshima-Nagasaki-Park K\u00f6ln, 10.8.2019. Foto: Stefanie Intveen<\/span><\/span><\/a><\/div><div class=\"rl-gallery-item\"><a href=\"https:\/\/www.friedenkoeln.de\/wp-content\/uploads\/2020\/04\/fullsizeoutput_1754-scaled.jpeg\" title=\"\" data-rl_title=\"\" class=\"rl-gallery-link\" data-rl_caption=\"\" data-rel=\"lightbox-gallery-1\"><img loading=\"lazy\" decoding=\"async\" src=\"https:\/\/www.friedenkoeln.de\/wp-content\/uploads\/2020\/04\/fullsizeoutput_1754-500x500.jpeg\" width=\"500\" height=\"500\" alt=\"Ein schwarz-wei\u00df-Foto einer Explosionswolke mit gr\u00fcnen Aufschriften: &quot;Atomkrieg: schlecht f\u00fcr Klima und Gesundheit! #Netzstreikf\u00fcrsKlima #FightEveryCrisis #Atomwaffenverbot www.friedenkoeln.de&quot;\" \/><span class=\"rl-gallery-caption\"><span class=\"rl-gallery-item-caption\">Atombombenexplosion auf dem Testgel\u00e4nde in Nevada (USA) am 14.9.1957. Aufnahme aus 7 Meilen Entfernung. Foto: National Nuclear Security Administration \/ Nevada Site Office<\/span><\/span><\/a><\/div><div class=\"rl-gallery-item\"><a href=\"https:\/\/www.friedenkoeln.de\/wp-content\/uploads\/2019\/11\/20190430_085547.jpg\" title=\"\" data-rl_title=\"\" class=\"rl-gallery-link\" data-rl_caption=\"\" data-rel=\"lightbox-gallery-1\"><img loading=\"lazy\" decoding=\"async\" src=\"https:\/\/www.friedenkoeln.de\/wp-content\/uploads\/2019\/11\/20190430_085547-500x500.jpg\" width=\"500\" height=\"500\" alt=\"Im Vordergrund sitzen einige M\u00e4nner und Frauen auf einem asphaltierten Weg. Dahinter, auf einem trockenen Grasstreifen stehen bewaffnete, uniformierte Soldaten, die sie bewachen. Im Hintergrund ist Wald.\" \/><span class=\"rl-gallery-caption\"><span class=\"rl-gallery-item-caption\">Teile der Gruppe &quot;B\u00fcchel17&quot; unterbrechen den milit\u00e4rischen \u00dcbungsbetrieb auf dem Bundeswehr-Flugplatz und Atombombenstandort B\u00fcchel. Foto: B\u00fcchel17.<\/span><\/span><\/a><\/div><div class=\"rl-gallery-item\"><a href=\"https:\/\/www.friedenkoeln.de\/wp-content\/uploads\/2019\/08\/fullsizeoutput_1130.jpeg\" title=\"\" data-rl_title=\"\" class=\"rl-gallery-link\" data-rl_caption=\"\" data-rel=\"lightbox-gallery-1\"><img loading=\"lazy\" decoding=\"async\" src=\"https:\/\/www.friedenkoeln.de\/wp-content\/uploads\/2019\/08\/fullsizeoutput_1130-500x500.jpeg\" width=\"500\" height=\"500\" alt=\"Eine Reihe wei\u00dfer Papierlaternchen mit ausgeschnittenen Mustern (K\u00f6lner Dom, ein japanisches Schriftzeichen, Sternchen), die mit buntem Transparenpapier beklebt sind.\" \/><\/a><\/div><div class=\"rl-gallery-item\"><a href=\"https:\/\/www.friedenkoeln.de\/wp-content\/uploads\/2019\/03\/55939779_2220212171358243_5233767655650885632_n.jpg\" title=\"\" data-rl_title=\"\" class=\"rl-gallery-link\" data-rl_caption=\"\" data-rel=\"lightbox-gallery-1\"><img loading=\"lazy\" decoding=\"async\" src=\"https:\/\/www.friedenkoeln.de\/wp-content\/uploads\/2019\/03\/55939779_2220212171358243_5233767655650885632_n-500x500.jpg\" width=\"500\" height=\"500\" alt=\"Zwei Frauen und ein Mann stehen winterlich gekleidet nebeneinander; im Hintergrund zahlreiche bunt gestreifte Friedensfahnen und die blauwei\u00dfe Fahne der DFG-VK.\" \/><span class=\"rl-gallery-caption\"><span class=\"rl-gallery-item-caption\">Michael S\u00fcnner verliest das Gru\u00dfwort der K\u00f6lner Oberb\u00fcrgermeisterin Henriette Reker beim Auftakt der Aktionspr\u00e4senz am 26.3.2019 in B\u00fcchel. Foto: B\u00fcchel ist \u00fcberall - atomwaffenfrei jetzt!<\/span><\/span><\/a><\/div><div class=\"rl-gallery-item\"><a href=\"https:\/\/www.friedenkoeln.de\/wp-content\/uploads\/2017\/02\/Gedenkstein-Foto_von_Konrad_2007_wp.jpg\" title=\"\" data-rl_title=\"\" class=\"rl-gallery-link\" data-rl_caption=\"\" data-rel=\"lightbox-gallery-1\"><img loading=\"lazy\" decoding=\"async\" src=\"https:\/\/www.friedenkoeln.de\/wp-content\/uploads\/2017\/02\/Gedenkstein-Foto_von_Konrad_2007_wp.jpg\" width=\"500\" height=\"333\" alt=\"Gedenkstein im Hiroshima-Nagasaki-Park\" \/><span class=\"rl-gallery-caption\"><span class=\"rl-gallery-item-caption\">Gedenkstein im Hiroshima-Nagasaki-Park K\u00f6ln. Foto: Konrad H\u00f6cker, 5.8.2007.<\/span><\/span><\/a><\/div><div class=\"rl-gallery-item\"><a href=\"https:\/\/www.friedenkoeln.de\/wp-content\/uploads\/2020\/05\/20200411-121a-scaled.jpg\" title=\"\" data-rl_title=\"\" class=\"rl-gallery-link\" data-rl_caption=\"\" data-rel=\"lightbox-gallery-1\"><img loading=\"lazy\" decoding=\"async\" src=\"https:\/\/www.friedenkoeln.de\/wp-content\/uploads\/2020\/05\/20200411-121a-500x500.jpg\" width=\"500\" height=\"500\" alt=\"Eine Frau mit blondem Kurzhaarschnitt, die von hinten zu sehen ist, h\u00e4lt ihr selbst beschriftetes Pappschild in die H\u00f6he.\" \/><span class=\"rl-gallery-caption\"><span class=\"rl-gallery-item-caption\">&quot;Irrsinn pur. 30 Atombomber. 90 Eurofighter. 15 F-18. Krank.&quot;, 11.4.2020 K\u00f6ln, 60 Jahre Ostermarsch. Foto (all rights reserved): Martin+Zielinske.<\/span><\/span><\/a><\/div><div class=\"rl-gallery-item\"><a href=\"https:\/\/www.friedenkoeln.de\/wp-content\/uploads\/2020\/05\/20190508_211815-scaled.jpg\" title=\"\" data-rl_title=\"\" class=\"rl-gallery-link\" data-rl_caption=\"\" data-rel=\"lightbox-gallery-1\"><img loading=\"lazy\" decoding=\"async\" src=\"https:\/\/www.friedenkoeln.de\/wp-content\/uploads\/2020\/05\/20190508_211815-500x500.jpg\" width=\"500\" height=\"500\" alt=\"Drei M\u00e4nner und drei Frauen unterschiedlichen Alters strahlen mit Sektgl\u00e4sern in den H\u00e4nden in die Kamera. Im Hintergrund eine an der Wand aufgeh\u00e4ngte Regenbogenflagge mit der Aufschrift &quot;pace&quot; , die allerdings nur teilweise zu sehen ist.\" \/><span class=\"rl-gallery-caption\"><span class=\"rl-gallery-item-caption\">Improvisierte Feier am 8. Mai 2019 im Friedensbildungswerk K\u00f6ln nach Bekanntgabe dessen, dass &quot;B\u00fcchel ist \u00fcberall - atomwaffenfrei jetzt!&quot; den Aachener Friedenspreis 2019 erh\u00e4lt. Foto: Marion K\u00fcpker<\/span><\/span><\/a><\/div><div class=\"rl-gallery-item\"><a href=\"https:\/\/www.friedenkoeln.de\/wp-content\/uploads\/2016\/11\/fullsizeoutput_376.jpeg\" title=\"\" data-rl_title=\"\" class=\"rl-gallery-link\" data-rl_caption=\"\" data-rel=\"lightbox-gallery-1\"><img loading=\"lazy\" decoding=\"async\" src=\"https:\/\/www.friedenkoeln.de\/wp-content\/uploads\/2016\/11\/fullsizeoutput_376-700x700.jpeg\" width=\"500\" height=\"500\" alt=\"\" \/><span class=\"rl-gallery-caption\"><span class=\"rl-gallery-item-caption\">Mit K\u00f6lner Qu\u00e4kern in B\u00fcchel<\/span><\/span><\/a><\/div><div class=\"rl-gallery-item\"><a href=\"https:\/\/www.friedenkoeln.de\/wp-content\/uploads\/2016\/11\/DSC_0121-e1479653076215.jpg\" title=\"\" data-rl_title=\"\" class=\"rl-gallery-link\" data-rl_caption=\"\" data-rel=\"lightbox-gallery-1\"><img loading=\"lazy\" decoding=\"async\" src=\"https:\/\/www.friedenkoeln.de\/wp-content\/uploads\/2016\/11\/DSC_0121-e1479653076215-500x500.jpg\" width=\"500\" height=\"500\" alt=\"\" \/><span class=\"rl-gallery-caption\"><span class=\"rl-gallery-item-caption\">Der Tod lauert in B\u00fcchel - lebenslustige K\u00f6lner Aktivistinnen<\/span><\/span><\/a><\/div><div class=\"rl-gallery-item\"><a href=\"https:\/\/www.friedenkoeln.de\/wp-content\/uploads\/2019\/07\/20190708_KRM_1110874.jpg\" title=\"\" data-rl_title=\"\" class=\"rl-gallery-link\" data-rl_caption=\"\" data-rel=\"lightbox-gallery-1\"><img loading=\"lazy\" decoding=\"async\" src=\"https:\/\/www.friedenkoeln.de\/wp-content\/uploads\/2019\/07\/20190708_KRM_1110874-500x500.jpg\" width=\"500\" height=\"500\" alt=\"Ein schlanker Mann mit Brille und graumelierten Haaren spricht in ein Mikro. Er tr\u00e4gt einen blauen Anzug und Fliege. Links von ihm h\u00f6ren eine kleine asiatisch aussehende Dame und ein \u00e4lterer Herr mit wei\u00dfem Bart zu. Sie stehen an einem kleinen Tisch mit Infomaterial und gr\u00fcnen Holzst\u00fchlen.\" \/><span class=\"rl-gallery-caption\"><span class=\"rl-gallery-item-caption\">B\u00fcrgermeister Andreas Wolter spricht beim Flaggentag der Mayors for Peace am 7. Juli 2019 vor dem Rathaus in K\u00f6ln. Foto: Klaus M\u00fcller<\/span><\/span><\/a><\/div><div class=\"rl-gallery-item\"><a href=\"https:\/\/www.friedenkoeln.de\/wp-content\/uploads\/2019\/11\/DSC_0140.jpg\" title=\"\" data-rl_title=\"\" class=\"rl-gallery-link\" data-rl_caption=\"\" data-rel=\"lightbox-gallery-1\"><img loading=\"lazy\" decoding=\"async\" src=\"https:\/\/www.friedenkoeln.de\/wp-content\/uploads\/2019\/11\/DSC_0140-500x500.jpg\" width=\"500\" height=\"500\" alt=\"Die Personen haben offensichtlich gute Laune, klatschen sich Beifall. Im Hintergrund heben zwei ein Schild in die H\u00f6he, auf dem zu lesen ist &quot;die 40.000ste Unterschrift unter den Appell an die k\u00fcnftige Bundesregierung &quot;Unterzeichnen Sie den Atomwaffenverbotsvertrag!&quot;\" \/><span class=\"rl-gallery-caption\"><span class=\"rl-gallery-item-caption\">Planungs- und Aktionskonferenz Atomwaffen abr\u00fcsten am 27.1.2018 in K\u00f6ln. Von links: Ulrich Frey, Kristian Golla, Xanthe Hall, Elke Koller, Hans-Peter Rauguth beim Unterzeichnen des Appells an die Bundesregierung, dem Atomwaffenverbotsvertrag beizutreten. Foto: Stefanie Intveen<\/span><\/span><\/a><\/div><div class=\"rl-gallery-item\"><a href=\"https:\/\/www.friedenkoeln.de\/wp-content\/uploads\/2019\/05\/33880411438_2ac87c51b4_o.jpg\" title=\"\" data-rl_title=\"\" class=\"rl-gallery-link\" data-rl_caption=\"\" data-rel=\"lightbox-gallery-1\"><img loading=\"lazy\" decoding=\"async\" src=\"https:\/\/www.friedenkoeln.de\/wp-content\/uploads\/2019\/05\/33880411438_2ac87c51b4_o-500x500.jpg\" width=\"500\" height=\"500\" alt=\"Eine Gruppe h\u00e4lt auf einer Fahrpiste Transparente &quot;Frieden schaffen ohne Waffen&quot; und &quot;B\u00fcchel ist \u00fcberall - Atomwaffenfrei jetzt!&quot;. Im Vordergrund sind konventioneller und NATO-Stacheldraht zu sehen.\" \/><span class=\"rl-gallery-caption\"><span class=\"rl-gallery-item-caption\">&quot;Frieden schaffen ohne Waffen&quot; - Teilnehmer*innen von B\u00fcchel17 auf dem Milit\u00e4rflugplatz B\u00fcchel am 30.4.2019. Foto: B\u00fcchel17<\/span><\/span><\/a><\/div><div class=\"rl-gallery-item\"><a href=\"https:\/\/www.friedenkoeln.de\/wp-content\/uploads\/2019\/03\/20170708-_DSC4790.jpg\" title=\"\" data-rl_title=\"\" class=\"rl-gallery-link\" data-rl_caption=\"\" data-rel=\"lightbox-gallery-1\"><img loading=\"lazy\" decoding=\"async\" src=\"https:\/\/www.friedenkoeln.de\/wp-content\/uploads\/2019\/03\/20170708-_DSC4790-398x500.jpg\" width=\"398\" height=\"500\" alt=\"Ein \u00e4lterer Mann schaut skeptisch am Fotografen vorbei. Er hat ein sommerlich gebr\u00e4untes Gesicht und sch\u00fcttere hellgraue Haare.\" \/><span class=\"rl-gallery-caption\"><span class=\"rl-gallery-item-caption\">Harald Fuchs beim Flaggentag der Mayors for Peace K\u00f6ln 2017. Foto (Ausschnitt): Herbert Sauerwein.<\/span><\/span><\/a><\/div><div class=\"rl-gallery-item\"><a href=\"https:\/\/www.friedenkoeln.de\/wp-content\/uploads\/2018\/12\/fullsizeoutput_cf2.jpeg\" title=\"\" data-rl_title=\"\" class=\"rl-gallery-link\" data-rl_caption=\"\" data-rel=\"lightbox-gallery-1\"><img loading=\"lazy\" decoding=\"async\" src=\"https:\/\/www.friedenkoeln.de\/wp-content\/uploads\/2018\/12\/fullsizeoutput_cf2-500x306.jpeg\" width=\"500\" height=\"306\" alt=\"Ausschnitt eines mit vielen deutschen, japanischen und anderen Schriftz\u00fcgen beschriebenes wei\u00dfes Transparent. In der Mitte der gemalte Origami-Kranich.\" \/><span class=\"rl-gallery-caption\"><span class=\"rl-gallery-item-caption\">Flaggentag Mayors for Peace K\u00f6ln 2017. Foto: Herbert Sauerwein. Bearbeitung: Stefanie Intveen<\/span><\/span><\/a><\/div><div class=\"rl-gallery-item\"><a href=\"https:\/\/www.friedenkoeln.de\/wp-content\/uploads\/2020\/02\/signal-2018-07-24-124730.jpg\" title=\"\" data-rl_title=\"\" class=\"rl-gallery-link\" data-rl_caption=\"\" data-rel=\"lightbox-gallery-1\"><img loading=\"lazy\" decoding=\"async\" src=\"https:\/\/www.friedenkoeln.de\/wp-content\/uploads\/2020\/02\/signal-2018-07-24-124730-500x472.jpg\" width=\"500\" height=\"472\" alt=\"\" \/><span class=\"rl-gallery-caption\"><span class=\"rl-gallery-item-caption\">Go-In auf Luftwaffenst\u00fctzpunkt B\u00fcchel am 23.7.2018 mit 7 Friedensaktivist*innen. Foto (Ausschnitt): privat \/ Atomwaffenfrei jetzt!<\/span><\/span><\/a><\/div><div class=\"rl-gallery-item\"><a href=\"https:\/\/www.friedenkoeln.de\/wp-content\/uploads\/2019\/07\/P2640629_2.jpg\" title=\"\" data-rl_title=\"\" class=\"rl-gallery-link\" data-rl_caption=\"\" data-rel=\"lightbox-gallery-1\"><img loading=\"lazy\" decoding=\"async\" src=\"https:\/\/www.friedenkoeln.de\/wp-content\/uploads\/2019\/07\/P2640629_2-500x500.jpg\" width=\"500\" height=\"500\" alt=\"Auf fast schwarzem, leicht reflektierendem Wasser treibt eine lockere Doppelreihe von wei\u00dfen Papierlaternchen mit ausgeschnittenen Muster, durch die r\u00f6tlich die brennenden Kerzen schimmern. Links und rechts daneben steht mit wei\u00dfer Schrift &quot;Nie wieder Hiroshima. Nie wieder Nagasaki. Nie wieder Krieg.&quot;\" \/><span class=\"rl-gallery-caption\"><span class=\"rl-gallery-item-caption\">#ToroNagashi am 6.8.2018 am Aachener Weiher in K\u00f6ln. Foto\/Grafik: Klaus M\u00fcller.<\/span><\/span><\/a><\/div><div class=\"rl-gallery-item\"><a href=\"https:\/\/www.friedenkoeln.de\/wp-content\/uploads\/2018\/04\/link-42-Foto-06-08-1995-K\u00f6ln-Domplatte-Scan-171016-0001b.jpg\" title=\"\" data-rl_title=\"\" class=\"rl-gallery-link\" data-rl_caption=\"\" data-rel=\"lightbox-gallery-1\"><img loading=\"lazy\" decoding=\"async\" src=\"https:\/\/www.friedenkoeln.de\/wp-content\/uploads\/2018\/04\/link-42-Foto-06-08-1995-K\u00f6ln-Domplatte-Scan-171016-0001b-500x500.jpg\" width=\"500\" height=\"500\" alt=\"Ein kleiner asiatisch aussehender Mann in wei\u00dfer Sommerhose und wei\u00dfem Hemd und eine Frau in T-Shirt und Bermuda-Shorts lesen Texte und sprechen in ein Mikrophon. Sie stehen am Hauptportal des K\u00f6lner Doms. Im Hintergrund eine Wand aus lauter Pappschildern, die beschriftet wurden. Dar\u00fcber h\u00e4ngt ein Transparent mit der Aufschrift &quot;Your signature is a step to elimination of nuclear weapons!&quot; Ein weiteres Transparent mit der Aufschrift &quot;Schluss mit dem nuklearen Wahnsinn&quot; h\u00e4ngt an der Wand. Links sind Zuh\u00f6rer zu sehen.\" \/><span class=\"rl-gallery-caption\"><span class=\"rl-gallery-item-caption\">&quot;Your signature is a step to elimination of nuclear weapons!&quot; und &quot;Schluss mit dem nuklearen Wahnsinn&quot;. Gedenken an Hiroshima auf der Domplatte am 6.8.1995 zum 50. Jahrestag des Atombombenabwurfs. Es spricht Kazuo Soda, \u00dcberlebender aus Hiroshima Foto: Ulrike Dammers<\/span><\/span><\/a><\/div><div class=\"rl-gallery-item\"><a href=\"https:\/\/www.friedenkoeln.de\/wp-content\/uploads\/2019\/04\/15_20190420_hdh_0926_20190421_1543195223.jpg\" title=\"\" data-rl_title=\"\" class=\"rl-gallery-link\" data-rl_caption=\"\" data-rel=\"lightbox-gallery-1\"><img loading=\"lazy\" decoding=\"async\" src=\"https:\/\/www.friedenkoeln.de\/wp-content\/uploads\/2019\/04\/15_20190420_hdh_0926_20190421_1543195223-500x500.jpg\" width=\"500\" height=\"500\" alt=\"Im Vordergrund ein wei\u00dfer Origami-Papierkranich auf einem Stock und dahinter bunte Friedensfahnen im Sonnenlicht.\" \/><span class=\"rl-gallery-caption\"><span class=\"rl-gallery-item-caption\">Friedenssymbole - gesehen beim Auftakt des Ostermarsch Rhein-Ruhr am 20.4.2019 auf dem Breslauer Platz in K\u00f6ln. Foto: Hans-Dieter Hey, www.R-mediabase.eu<\/span><\/span><\/a><\/div><div class=\"rl-gallery-item\"><a href=\"https:\/\/www.friedenkoeln.de\/wp-content\/uploads\/2017\/05\/DSC_0285.jpg\" title=\"\" data-rl_title=\"\" class=\"rl-gallery-link\" data-rl_caption=\"\" data-rel=\"lightbox-gallery-1\"><img loading=\"lazy\" decoding=\"async\" src=\"https:\/\/www.friedenkoeln.de\/wp-content\/uploads\/2017\/05\/DSC_0285-500x500.jpg\" width=\"500\" height=\"500\" alt=\"Vier Aktivisten sitzen vor einem Tor, an dem ein Banner mit der Aufschrift &quot;Atomwaffenfrei&quot; h\u00e4ngt. Sie haben sich weitere Banner \u00fcber die Knie gelegt lachen in die Kamera. Von hinten scheint die aufgehende Sonne durchs Tor.\" \/><span class=\"rl-gallery-caption\"><span class=\"rl-gallery-item-caption\">&quot;Atomwaffenfrei&quot;. Aktivisten der DFG-VK Gruppe K\u00f6ln blockieren eines der Tore des Bundeswehrflugplatzes B\u00fcchel im Mai 2017. Foto: Stefanie Intveen<\/span><\/span><\/a><\/div><div class=\"rl-gallery-item\"><a href=\"https:\/\/www.friedenkoeln.de\/wp-content\/uploads\/2018\/01\/DSC_0382.jpg\" title=\"\" data-rl_title=\"\" class=\"rl-gallery-link\" data-rl_caption=\"\" data-rel=\"lightbox-gallery-1\"><img loading=\"lazy\" decoding=\"async\" src=\"https:\/\/www.friedenkoeln.de\/wp-content\/uploads\/2018\/01\/DSC_0382-500x500.jpg\" width=\"500\" height=\"500\" alt=\"\" \/><\/a><\/div><div class=\"rl-gallery-item\"><a href=\"https:\/\/www.friedenkoeln.de\/wp-content\/uploads\/2018\/08\/fullsizeoutput_b0b.jpeg\" title=\"\" data-rl_title=\"\" class=\"rl-gallery-link\" data-rl_caption=\"\" data-rel=\"lightbox-gallery-1\"><img loading=\"lazy\" decoding=\"async\" src=\"https:\/\/www.friedenkoeln.de\/wp-content\/uploads\/2018\/08\/fullsizeoutput_b0b-500x500.jpeg\" width=\"500\" height=\"500\" alt=\"\" \/><span class=\"rl-gallery-caption\"><span class=\"rl-gallery-item-caption\">Atombombenopfer Michimasa Hirata (li.) und Reiko M\u00fcller-Shiba auf dem Domvorplatz in K\u00f6ln am 7.6.2018. Foto: Stefanie Intveen.<\/span><\/span><\/a><\/div><div class=\"rl-gallery-item\"><a href=\"https:\/\/www.friedenkoeln.de\/wp-content\/uploads\/2018\/01\/DSC_0094Aktionskonferenz-Atomwaffenfrei-jetzt-in-K\u00f6ln.jpg\" title=\"\" data-rl_title=\"\" class=\"rl-gallery-link\" data-rl_caption=\"\" data-rel=\"lightbox-gallery-1\"><img loading=\"lazy\" decoding=\"async\" src=\"https:\/\/www.friedenkoeln.de\/wp-content\/uploads\/2018\/01\/DSC_0094Aktionskonferenz-Atomwaffenfrei-jetzt-in-K\u00f6ln-500x500.jpg\" width=\"500\" height=\"500\" alt=\"Uli Wohland ist ein Mann mit wei\u00dfen Haaren und wei\u00dfgrauem Vollbart, der in einem dunklen Hemd hinter einem Rednerpult steht und spricht. Im Hintergrund ist ein Werbeplakat der Kampagne Atomwaffenfrei jetzt! zu sehen, auf dem Papst Franziskus abgebildet ist.\" \/><span class=\"rl-gallery-caption\"><span class=\"rl-gallery-item-caption\">Uli Wohland am 4.2.2017 in K\u00f6ln. Foto: Stefanie Intveen<\/span><\/span><\/a><\/div><div class=\"rl-gallery-item\"><a href=\"https:\/\/www.friedenkoeln.de\/wp-content\/uploads\/2018\/06\/IMG_1338.jpg\" title=\"\" data-rl_title=\"\" class=\"rl-gallery-link\" data-rl_caption=\"\" data-rel=\"lightbox-gallery-1\"><img loading=\"lazy\" decoding=\"async\" src=\"https:\/\/www.friedenkoeln.de\/wp-content\/uploads\/2018\/06\/IMG_1338-500x500.jpg\" width=\"500\" height=\"500\" alt=\"\" \/><span class=\"rl-gallery-caption\"><span class=\"rl-gallery-item-caption\">Eisbombe bekommt hier eine ganz neue Bedeutung. Pause vor einem Eiscaf\u00e9 in Cochem am 3. Juni 2018. Foto: Stefanie Intveen<\/span><\/span><\/a><\/div><div class=\"rl-gallery-item\"><a href=\"https:\/\/www.friedenkoeln.de\/wp-content\/uploads\/2018\/06\/IMG_1333-2.jpg\" title=\"\" data-rl_title=\"\" class=\"rl-gallery-link\" data-rl_caption=\"\" data-rel=\"lightbox-gallery-1\"><img loading=\"lazy\" decoding=\"async\" src=\"https:\/\/www.friedenkoeln.de\/wp-content\/uploads\/2018\/06\/IMG_1333-2-500x500.jpg\" width=\"500\" height=\"500\" alt=\"\" \/><span class=\"rl-gallery-caption\"><span class=\"rl-gallery-item-caption\">Wegweiser der Stadt K\u00f6ln zum Atomwaffenverbot vor dem Amtsgericht Cochem am 3. Juni 2018. Foto: Stefanie Intveen<\/span><\/span><\/a><\/div><div class=\"rl-gallery-item\"><a href=\"https:\/\/www.friedenkoeln.de\/wp-content\/uploads\/2018\/03\/DSC_0066-e1522188262597.jpg\" title=\"\" data-rl_title=\"\" class=\"rl-gallery-link\" data-rl_caption=\"\" data-rel=\"lightbox-gallery-1\"><img loading=\"lazy\" decoding=\"async\" src=\"https:\/\/www.friedenkoeln.de\/wp-content\/uploads\/2018\/03\/DSC_0066-e1522188262597-500x500.jpg\" width=\"500\" height=\"500\" alt=\"Ein \u00e4lterer Herr mit Halbglatze und grauem Bart und\" \/><span class=\"rl-gallery-caption\"><span class=\"rl-gallery-item-caption\">Ernst-Ludwig &quot;Elu&quot; Iskenius (IPPNW) bei einem Vortrag am 4.3.2017 im Friedensbildungswerk K\u00f6ln. Foto: Stefanie Intveen.<\/span><\/span><\/a><\/div><div class=\"rl-gallery-item\"><a href=\"https:\/\/www.friedenkoeln.de\/wp-content\/uploads\/2017\/07\/IMG_4827.jpg\" title=\"\" data-rl_title=\"\" class=\"rl-gallery-link\" data-rl_caption=\"\" data-rel=\"lightbox-gallery-1\"><img loading=\"lazy\" decoding=\"async\" src=\"https:\/\/www.friedenkoeln.de\/wp-content\/uploads\/2017\/07\/IMG_4827-500x500.jpg\" width=\"500\" height=\"500\" alt=\"Im Vordergrund steht die Rednerin mit dem Mikro in der Hand auf einem Pritschenwagen. Dahinter sieht man das blaue Transparent mit der gelben Schrift &quot;#PulseOfEurope&quot;. Ganz oben am Rand erkennt man ein bisschen vom Turm des K\u00f6lner Doms.\" \/><span class=\"rl-gallery-caption\"><span class=\"rl-gallery-item-caption\">Stefanie Intveen am 2.7.2017 bei &quot;Pulse of Europe&quot; in K\u00f6ln. Foto: Daniela Eckstein.<\/span><\/span><\/a><\/div><div class=\"rl-gallery-item\"><a href=\"https:\/\/www.friedenkoeln.de\/wp-content\/uploads\/2017\/05\/DSC_0264.jpg\" title=\"\" data-rl_title=\"\" class=\"rl-gallery-link\" data-rl_caption=\"\" data-rel=\"lightbox-gallery-1\"><img loading=\"lazy\" decoding=\"async\" src=\"https:\/\/www.friedenkoeln.de\/wp-content\/uploads\/2017\/05\/DSC_0264-500x500.jpg\" width=\"500\" height=\"500\" alt=\"\" \/><span class=\"rl-gallery-caption\"><span class=\"rl-gallery-item-caption\">6 Uhr fr\u00fch am 26.5.2017: Haupttor des Luftwaffenst\u00fctzpunkts B\u00fcchel ist blockiert. Foto: Stefanie Intveen.<\/span><\/span><\/a><\/div><div class=\"rl-gallery-item\"><a href=\"https:\/\/www.friedenkoeln.de\/wp-content\/uploads\/2016\/11\/fullsizeoutput_37a.jpeg\" title=\"\" data-rl_title=\"\" class=\"rl-gallery-link\" data-rl_caption=\"\" data-rel=\"lightbox-gallery-1\"><img loading=\"lazy\" decoding=\"async\" src=\"https:\/\/www.friedenkoeln.de\/wp-content\/uploads\/2016\/11\/fullsizeoutput_37a-700x700.jpeg\" width=\"500\" height=\"500\" alt=\"\" \/><span class=\"rl-gallery-caption\"><span class=\"rl-gallery-item-caption\">Protest gegen Atomwaffen am 19. November 2016 in B\u00fcchel<\/span><\/span><\/a><\/div><div class=\"rl-gallery-item\"><a href=\"https:\/\/www.friedenkoeln.de\/wp-content\/uploads\/2017\/07\/20170708-_DSC4790.jpeg\" title=\"\" data-rl_title=\"\" class=\"rl-gallery-link\" data-rl_caption=\"\" data-rel=\"lightbox-gallery-1\"><img loading=\"lazy\" decoding=\"async\" src=\"https:\/\/www.friedenkoeln.de\/wp-content\/uploads\/2017\/07\/20170708-_DSC4790-500x500.jpeg\" width=\"500\" height=\"500\" alt=\"Im Vordergrund stehen zwei Mitglieder der Friedensinitiative K\u00f6ln-M\u00fclheim in dunkelblauen Vereins-T-Shirts, der Bezirksb\u00fcrgermeister Norbert Fuchs und Harald Fuchs vom Hiroshima-Nagasaki-Arbeitskreis im K\u00f6lner Friedensforum. Im Hintergrund ist der untere Teil der Friedensfahne zu sehen: &quot;B\u00fcrgermeister f\u00fcr den Frieden&quot; in gr\u00fcner Schrift auf wei\u00dfem Grund.\" \/><span class=\"rl-gallery-caption\"><span class=\"rl-gallery-item-caption\">Bezirksb\u00fcrgermeister Norbert Fuchs spricht f\u00fcr die &quot;B\u00fcrgermeister f\u00fcr den Frieden. 8. Juli 2017 in K\u00f6ln-M\u00fclheim. Foto: Herbert Sauerwein.<\/span><\/span><\/a><\/div><div class=\"rl-gallery-item\"><a href=\"https:\/\/www.friedenkoeln.de\/wp-content\/uploads\/2018\/06\/IMG_1346.jpg\" title=\"\" data-rl_title=\"\" class=\"rl-gallery-link\" data-rl_caption=\"\" data-rel=\"lightbox-gallery-1\"><img loading=\"lazy\" decoding=\"async\" src=\"https:\/\/www.friedenkoeln.de\/wp-content\/uploads\/2018\/06\/IMG_1346-500x500.jpg\" width=\"500\" height=\"500\" alt=\"Im Hintergrund sind die pr\u00e4chtigen Fachwerkfassaden von B\u00fcrgerh\u00e4usern, die einen Markplatz umfassen. Der Brunnen in der Mitte wird teilweise durch eine davor auf einem Gestell liegende hellgraue torpedof\u00f6rmige Atombombenattrappe verdeckt. An ihr h\u00e4ngt ein Transparent mit der Aufschrift &quot;Atomwaffenfrei jetzt!&quot;\" \/><span class=\"rl-gallery-caption\"><span class=\"rl-gallery-item-caption\">Atombombenattrappe der DFG-VK am 3. Juni 2018 auf dem Marktplatz in Cochem. Foto: Stefanie Intveen<\/span><\/span><\/a><\/div><div class=\"rl-gallery-item\"><a href=\"https:\/\/www.friedenkoeln.de\/wp-content\/uploads\/2018\/07\/43542215332_a45b2c034f_k.jpg\" title=\"\" data-rl_title=\"\" class=\"rl-gallery-link\" data-rl_caption=\"\" data-rel=\"lightbox-gallery-1\"><img loading=\"lazy\" decoding=\"async\" src=\"https:\/\/www.friedenkoeln.de\/wp-content\/uploads\/2018\/07\/43542215332_a45b2c034f_k-500x500.jpg\" width=\"500\" height=\"500\" alt=\"Hinter einem Maschendraht- und Stacheldrahtzaun stehen sieben Menschen, die ein gro\u00dfes wei\u00dfes Transparent vor sich tragen. Aufschrift: &quot;Atomwaffen abschaffen JETZT! Miteinander in Frieden leben!&quot;\" \/><span class=\"rl-gallery-caption\"><span class=\"rl-gallery-item-caption\">Qu\u00e4kerInnen legen Friedenszeugnis auf Airbase ab. Am Morgen des 23.07.18 haben sieben Atomwaffengegner*innen die Start- und Landebahn des Fliegerhorst B\u00fcchel unautorisiert betreten, um den Abzug der Atombomben zu fordern. Foto: Qu\u00e4ker-Netzwerk B\u00fcchel<\/span><\/span><\/a><\/div><div class=\"rl-gallery-item\"><a href=\"https:\/\/www.friedenkoeln.de\/wp-content\/uploads\/2018\/06\/IMG_1332-e1529962136330.jpg\" title=\"\" data-rl_title=\"\" class=\"rl-gallery-link\" data-rl_caption=\"\" data-rel=\"lightbox-gallery-1\"><img loading=\"lazy\" decoding=\"async\" src=\"https:\/\/www.friedenkoeln.de\/wp-content\/uploads\/2018\/06\/IMG_1332-e1529962136330-500x500.jpg\" width=\"500\" height=\"500\" alt=\"\" \/><span class=\"rl-gallery-caption\"><span class=\"rl-gallery-item-caption\">De Zoch k\u00fctt! DFG-VK Gruppe K\u00f6ln mit &quot;Atombombe&quot; am 3. Juni 2018 auf dem Weg in die Cochemer Innenstadt. Foto: Stefanie Intveen.<\/span><\/span><\/a><\/div><div class=\"rl-gallery-item\"><a href=\"https:\/\/www.friedenkoeln.de\/wp-content\/uploads\/2018\/12\/DSC_0072.jpg\" title=\"\" data-rl_title=\"\" class=\"rl-gallery-link\" data-rl_caption=\"\" data-rel=\"lightbox-gallery-1\"><img loading=\"lazy\" decoding=\"async\" src=\"https:\/\/www.friedenkoeln.de\/wp-content\/uploads\/2018\/12\/DSC_0072-500x500.jpg\" width=\"500\" height=\"500\" alt=\"Eine Gruppe winterlich angezogener Menschen h\u00e4lt ein wei\u00dfes Transparent mit der genannten Aufschrift in rot, gelb und blau vor sich. Im Hintergrund die sch\u00f6ne Fassade aus rotem Sandstein und hellem Putz des Amtsgerichts Cochem. Drau\u00dfen ist es d\u00e4mmrig; aus den Fenstern f\u00e4llt Licht.\" \/><span class=\"rl-gallery-caption\"><span class=\"rl-gallery-item-caption\">&quot;Atombomben auf die Anklagebank!&quot;. Protest vor dem Amtsgericht Cochem am 12.12.2018. Foto: Stefanie Intveen.<\/span><\/span><\/a><\/div> <\/div> <\/div>\n","protected":false},"excerpt":{"rendered":"","protected":false},"author":110,"featured_media":15425,"comment_status":"open","ping_status":"open","sticky":false,"template":"","format":"standard","meta":{"footnotes":""},"categories":[105],"tags":[33,112,115],"class_list":["post-16483","post","type-post","status-publish","format-standard","has-post-thumbnail","hentry","category-bericht","tag-atomwaffen","tag-atomwaffenverbotsvertrag","tag-ziviler-ungehorsam"],"_links":{"self":[{"href":"https:\/\/www.friedenkoeln.de\/index.php?rest_route=\/wp\/v2\/posts\/16483","targetHints":{"allow":["GET"]}}],"collection":[{"href":"https:\/\/www.friedenkoeln.de\/index.php?rest_route=\/wp\/v2\/posts"}],"about":[{"href":"https:\/\/www.friedenkoeln.de\/index.php?rest_route=\/wp\/v2\/types\/post"}],"author":[{"embeddable":true,"href":"https:\/\/www.friedenkoeln.de\/index.php?rest_route=\/wp\/v2\/users\/110"}],"replies":[{"embeddable":true,"href":"https:\/\/www.friedenkoeln.de\/index.php?rest_route=%2Fwp%2Fv2%2Fcomments&post=16483"}],"version-history":[{"count":1,"href":"https:\/\/www.friedenkoeln.de\/index.php?rest_route=\/wp\/v2\/posts\/16483\/revisions"}],"predecessor-version":[{"id":16484,"href":"https:\/\/www.friedenkoeln.de\/index.php?rest_route=\/wp\/v2\/posts\/16483\/revisions\/16484"}],"wp:featuredmedia":[{"embeddable":true,"href":"https:\/\/www.friedenkoeln.de\/index.php?rest_route=\/wp\/v2\/media\/15425"}],"wp:attachment":[{"href":"https:\/\/www.friedenkoeln.de\/index.php?rest_route=%2Fwp%2Fv2%2Fmedia&parent=16483"}],"wp:term":[{"taxonomy":"category","embeddable":true,"href":"https:\/\/www.friedenkoeln.de\/index.php?rest_route=%2Fwp%2Fv2%2Fcategories&post=16483"},{"taxonomy":"post_tag","embeddable":true,"href":"https:\/\/www.friedenkoeln.de\/index.php?rest_route=%2Fwp%2Fv2%2Ftags&post=16483"}],"curies":[{"name":"wp","href":"https:\/\/api.w.org\/{rel}","templated":true}]}}