{"id":16537,"date":"2021-01-26T19:14:33","date_gmt":"2021-01-26T18:14:33","guid":{"rendered":"https:\/\/www.friedenkoeln.de\/?p=16537"},"modified":"2021-01-26T19:50:40","modified_gmt":"2021-01-26T18:50:40","slug":"gedenken-fuer-die-opfer-des-nationalsozialismus-hinweise-der-projektgruppe-27-januar","status":"publish","type":"post","link":"https:\/\/www.friedenkoeln.de\/?p=16537","title":{"rendered":"Gedenken f\u00fcr die Opfer des Nationalsozialismus &#8211; Hinweise der &#8222;Projektgruppe 27. Januar&#8220;"},"content":{"rendered":"<p>Sehr geehrte Damen und Herren,<br \/>\nliebe Freundinnen und Freunde,<\/p>\n<p>leider f\u00e4llt ja die f\u00fcr den 27. Januar geplante Gedenkveranstaltung f\u00fcr die Opfer des Nationalsozialismus in der Antoniterkirche in diesem Jahr aus. Wir m\u00f6chten Sie aber auf verschiedene Online-Angebote aufmerksam machen, die rund um den Gedenktag stattfinden.<\/p>\n<h4>Online-Gedenkstunde am 27. Januar 2021 statt Treffen am L\u00f6wenbrunnen<\/h4>\n<p>Veranstaltung der Synagogen-Gemeinde K\u00f6ln, des Katholischen Stadtdekanats und des Evangelischen Kirchenverbands K\u00f6ln und Region in Verbindung mit dem Arbeitskreis Lern- und Gedenkort Jawne.\u00a0Alle Beteiligten haben Videobeitr\u00e4ge erstellt, die zu einer Online-Gedenkstunde zusammengef\u00fcgt werden. Der Film zu dieser Gedenkstunde wird am 27.1. um 12.30 Uhrauf www.kirche-koeln.de ver\u00f6ffentlicht und kann auch auf anderen Webseiten verlinkt oder eingebettet und gezeigt werden. Es besteht also die M\u00f6glichkeit, die Gedenkstunde um 12.30 am eigenen Computer und doch gemeinsam mit anderen zu erleben &#8211; oder nat\u00fcrlich auch zu einem sp\u00e4teren Zeitpunkt.<\/p>\n<h4>\u201eEine Gedankenl\u00e4nge Stille, w\u00e4hrend das Erschie\u00dfungskommando neu l\u00e4dt\u201c. Imre Kertesz Gedanken zum Holocaust. Online-Vortrag<\/h4>\n<p>Online-Vortrag der Melanchthon-Akademie am Di, 26.1.2021, 18 Uhr<br \/>\nDer Referent, Prof. Daniel Hoffmann, hat sich in seinem 2007 ver\u00f6ffentlichten Buch &#8222;Lebensspuren meines Vaters. Eine Rekonstruktion aus dem Holocaust&#8220; selbst mit diesen Fragen auseinandergesetzt. Neben seinem Vortrag gibt es Raum f\u00fcr Diskussionen.\u00a0Anmeldung unter anmeldung@melanchthon-akademie.de oder 0221.931803-0.<\/p>\n<h4>Ausstellung der Sch\u00fclerinnen und Sch\u00fcler zum Gedenktag im <a href=\"https:\/\/museenkoeln.de\/ns-dokumentationszentrum\/default.aspx?s=314\">NS-Dokumentationszentrum<\/a>. Online-Pr\u00e4sentation<\/h4>\n<p>Da die Ausstellung der Sch\u00fclerinnen und Sch\u00fcler zum Gedenktag im NS-Dokumentationszentrum nicht besucht werden kann, wird sie auf der Homepage online pr\u00e4sentiert.<\/p>\n<h4><a href=\"https:\/\/www.youtube.com\/channel\/UCz6qFh-lH1TfO_oBZA7g6Rg\/featured\">Ravensbr\u00fcck liest Ravensbr\u00fcck: &#8222;Sehnsucht&#8220;. Livestream<\/a><\/h4>\n<p>27.01. 17.00 Uhr: <a href=\"https:\/\/www.ravensbrueck-sbg.de\/veranstaltungen\/2021-01-27t000000z-gedenktag-fuer-die-opfer-des-nationalsozialismus-ravensbrueck-liest-ravensbrueck-1\/\">Mahn- und Gedenkst\u00e4tte Ravensbr\u00fcck: Livestream Ravensbr\u00fcck liest Ravensbr\u00fcck<\/a>.\u00a0Die Lesung findet erstmals im digitalen Raum statt und ist dem Thema \u201eSehnsucht\u201c gewidmet. Sie wird live auf Youtube gestreamt. Es wurden Selbstzeugnisse von zahlreichen \u00dcberlebenden aus verschiedenen Nationen ausgew\u00e4hlt. Sie sprechen von Selbsterhaltung und Widerstand, von \u201eTr\u00e4ume[n] ohne Ende\u201c \u2013 wie in dem titelgebendem Gedicht der \u00dcberlebenden von Auschwitz- und Ravensbr\u00fcck Batsheva Dagan \u2013 und Verzweiflung. Ravensbr\u00fcck Memorial Museum &#8211; YouTube<\/p>\n<h4><a href=\"http:\/\/www.auschwitz-komitee.de\/januar2021\">Dass Auschwitz nicht noch einmal sei. Das zweite Leben nach dem \u00dcberleben<\/a>. Online-Veranstaltung des Auschwitz-Komitees<\/h4>\n<p>Lesung \u2013 Film \u2013 Gespr\u00e4ch mit Esther Bejarano, \u00dcberlebende der KZ Auschwitz und Ravensbr\u00fcck, \u00c9va Fahidi-Pusztai, \u00dcberlebende der KZ Auschwitz und Buchenwald, Eva Stocker, Budapest und Bern, Regisseurin, Sylvia Wempner, Schauspielerin, Rolf Becker, Schauspieler und Gewerkschafter. Mit Ausschnitten aus der Dokumentarfilm-Trilogie \u201eDas zweite Leben\u201c (noch unvollendet), Teil 1: \u201eDer Krieg gegen die Juden\u201c, Regie: Eva Stocker (2020\/2021).<\/p>\n<h4>K\u00f6lner Frauengeschichtsverein<\/h4>\n<p>Auf der Homepage des K\u00f6lner Frauengeschichtsvereins finden Sie <a href=\"https:\/\/www.frauengeschichtsverein.de\/start-und-news\/veranstaltungen\/gedenken\/\">weitere \u00fcberregionale Angebote<\/a>.<\/p>\n<p>Mit freundlichen Gr\u00fc\u00dfen<br \/>\nF\u00fcr die Projektgruppe 27. Januar<br \/>\nUlrike Bach, Irene Franken, Beate Gr\u00f6schel, Klaus Stein<\/p>\n<div id=\"attachment_16546\" style=\"width: 2570px\" class=\"wp-caption aligncenter\"><img loading=\"lazy\" decoding=\"async\" aria-describedby=\"caption-attachment-16546\" class=\"size-full wp-image-16546\" src=\"https:\/\/www.friedenkoeln.de\/wp-content\/uploads\/2021\/01\/ust-kiel-9141_20171121_1347235265-scaled.jpg\" alt=\"\" width=\"2560\" height=\"1707\" \/><p id=\"caption-attachment-16546\" class=\"wp-caption-text\">Esther Bejerano am 11.11.2017 im Statt-Theater Neum\u00fcnster. Foto: Ulf Stephan (R-mediabase)<\/p><\/div>\n<hr \/>\n<p><em>Die &#8222;Projektgruppe 27. Januar&#8220; hat in den vergangenen Jahren jeweils den Gedenktag f\u00fcr die Opfer des Nationalsozialismus in K\u00f6ln gestaltet. Sie verband hervorragende historische Analysen, Texte und Bilder aus dem nationalsozialistisch beherrschten K\u00f6ln mit Kunst und Musik zu Gedenkveranstaltungen in der Antoniterkirche K\u00f6ln. Die Feiern erfuhren gro\u00dfe Aufmerksamkeit und sprachen Herz und Verstand gleicherma\u00dfen an.\u00a0<\/em><\/p>\n","protected":false},"excerpt":{"rendered":"<p>Sehr geehrte Damen und Herren, liebe Freundinnen und Freunde, leider f\u00e4llt ja die f\u00fcr den 27. Januar geplante Gedenkveranstaltung f\u00fcr die Opfer des Nationalsozialismus in der Antoniterkirche in diesem Jahr aus. Wir m\u00f6chten Sie&#46;&#46;&#46;<\/p>\n","protected":false},"author":110,"featured_media":16546,"comment_status":"open","ping_status":"open","sticky":false,"template":"","format":"standard","meta":{"footnotes":""},"categories":[104],"tags":[184,45,192],"class_list":["post-16537","post","type-post","status-publish","format-standard","has-post-thumbnail","hentry","category-ankuendigung","tag-erinnerung","tag-geschichte","tag-ns-staat"],"_links":{"self":[{"href":"https:\/\/www.friedenkoeln.de\/index.php?rest_route=\/wp\/v2\/posts\/16537","targetHints":{"allow":["GET"]}}],"collection":[{"href":"https:\/\/www.friedenkoeln.de\/index.php?rest_route=\/wp\/v2\/posts"}],"about":[{"href":"https:\/\/www.friedenkoeln.de\/index.php?rest_route=\/wp\/v2\/types\/post"}],"author":[{"embeddable":true,"href":"https:\/\/www.friedenkoeln.de\/index.php?rest_route=\/wp\/v2\/users\/110"}],"replies":[{"embeddable":true,"href":"https:\/\/www.friedenkoeln.de\/index.php?rest_route=%2Fwp%2Fv2%2Fcomments&post=16537"}],"version-history":[{"count":8,"href":"https:\/\/www.friedenkoeln.de\/index.php?rest_route=\/wp\/v2\/posts\/16537\/revisions"}],"predecessor-version":[{"id":16549,"href":"https:\/\/www.friedenkoeln.de\/index.php?rest_route=\/wp\/v2\/posts\/16537\/revisions\/16549"}],"wp:featuredmedia":[{"embeddable":true,"href":"https:\/\/www.friedenkoeln.de\/index.php?rest_route=\/wp\/v2\/media\/16546"}],"wp:attachment":[{"href":"https:\/\/www.friedenkoeln.de\/index.php?rest_route=%2Fwp%2Fv2%2Fmedia&parent=16537"}],"wp:term":[{"taxonomy":"category","embeddable":true,"href":"https:\/\/www.friedenkoeln.de\/index.php?rest_route=%2Fwp%2Fv2%2Fcategories&post=16537"},{"taxonomy":"post_tag","embeddable":true,"href":"https:\/\/www.friedenkoeln.de\/index.php?rest_route=%2Fwp%2Fv2%2Ftags&post=16537"}],"curies":[{"name":"wp","href":"https:\/\/api.w.org\/{rel}","templated":true}]}}