{"id":16551,"date":"2021-02-03T16:14:31","date_gmt":"2021-02-03T15:14:31","guid":{"rendered":"https:\/\/www.friedenkoeln.de\/?p=16551"},"modified":"2021-02-03T16:15:07","modified_gmt":"2021-02-03T15:15:07","slug":"nachlese-zum-atomwaffenverbotsvertrag-ursula-forner-wuenscht-ihrer-enkelin-ein-leben-ohne-bedrohung-durch-atomwaffen","status":"publish","type":"post","link":"https:\/\/www.friedenkoeln.de\/?p=16551","title":{"rendered":"Nachlese zum Atomwaffenverbotsvertrag: Ursula Forner w\u00fcnscht ihrer Enkelin ein Leben ohne Bedrohung durch Atomwaffen"},"content":{"rendered":"<p><em>Eine Rede von Ursula Forner zum Inkrafttreten des Atomwaffenverbotsvertrags am 22.1.2021.<\/em><\/p>\n<hr \/>\n<p>Am 9. August 1958 veranstaltete die Deutsche Friedensgesellschaft im K\u00f6lner Rathaus eine Mahnveranstaltung gegen atmosph\u00e4rische Atomtests und die atomare Ausr\u00fcstung der Bundeswehr, an der auch zahlreiche Ratsmitglieder teilnahmen. Der Protest gegen Atomwaffen und die Forderung nach ihrer Abschaffung hat also eine mindestens sechzigj\u00e4hrige Tradition in K\u00f6ln.<\/p>\n<div id=\"attachment_16528\" style=\"width: 350px\" class=\"wp-caption alignright\"><img loading=\"lazy\" decoding=\"async\" aria-describedby=\"caption-attachment-16528\" class=\" wp-image-16528\" src=\"https:\/\/www.friedenkoeln.de\/wp-content\/uploads\/2021\/01\/20210122_hdh_6669.jpg\" alt=\"Eine alte Dame in dunkelgrauem Wollmantel und lilafarbener Filzm\u00fctze spricht in ein helles Mikro. Im Hintergrund sind knallrote Lufballons.\" width=\"340\" height=\"510\" srcset=\"https:\/\/www.friedenkoeln.de\/wp-content\/uploads\/2021\/01\/20210122_hdh_6669.jpg 1024w, https:\/\/www.friedenkoeln.de\/wp-content\/uploads\/2021\/01\/20210122_hdh_6669-133x200.jpg 133w, https:\/\/www.friedenkoeln.de\/wp-content\/uploads\/2021\/01\/20210122_hdh_6669-768x1152.jpg 768w\" sizes=\"auto, (max-width: 340px) 100vw, 340px\" \/><p id=\"caption-attachment-16528\" class=\"wp-caption-text\">Ursula Forner redet zum Inkrafttreten des Atomwaffenverbotsvertrags am 22.1.2021, Alter Markt, K\u00f6ln. Foto: Martin Bauer (R-mediabase)<\/p><\/div>\n<p>Zur Zeit der Nachr\u00fcstungsdebatte 1982 wird K\u00f6ln zur \u201eatomwaffenfreien Zone\u201c erkl\u00e4rt. 1985 tritt die Stadt dem vom B\u00fcrgermeister von Hiroshima ins Leben gerufenen B\u00fcndnis &#8222;Mayors for Peace&#8220; bei. Auch bei den gro\u00dfen Protestveranstaltungen in Bonn 1982\/83 sind die K\u00f6lnerInnen zahlreich vertreten, Heinrich B\u00f6ll ist unter den Rednern.<\/p>\n<p>Am K\u00f6lner Dom fanden j\u00e4hrlich am 6. August Mahnwachen statt, seit 1993 bis 2010 war Herr Kazuo Soda, ein \u00dcberlebender des Atombombenabwurfs auf Nagasaki, stets anwesend, berichtete von seinen Erlebnissen und setzte sich f\u00fcr ein Verbot von Atomwaffen ebenso ein wie f\u00fcr den Frieden unter den V\u00f6lkern. Zehntausende Unterschriften gegen Atomwaffen wurden an der Klagemauer f\u00fcr Frieden von K\u00f6lnern und Touristen aus aller Welt geleistet und an die Vereinten Nationen gesandt.<\/p>\n<p>Aufgrund eines B\u00fcrgerantrags wurde 2004 der Hiroshima-Nagasaki-Park geschaffen, seit 2007 gibt es dort das Mahnmal &#8222;ATOMWAFFEN ABSCHAFFEN&#8220;.<\/p>\n<p>Die Freude bei allen Friedensfreundinnen und Friedensfreunden in K\u00f6ln war gro\u00df, als im Juli 2017 der Atomwaffenverbotsvertrag von 122 Staaten bei den Vereinten Nationen beschlossen wurde. Nachdem mehr als 50 Staaten diesen Vertrag ratifiziert haben, tritt er heute in Kraft.<\/p>\n<p>Deutschland war nicht unter den 122 in New York, die den Vertrag beschlossen haben, und zeigt bisher keine Absicht, ihn zu unterzeichnen. Im Gegenteil, aufgrund der atomaren Teilhabe sind amerikanische Atombomben in B\u00fcchel in Rheinland-Pfalz stationiert, deutsche Soldaten \u00fcben den Einsatz, und die Verteidigungsministerin will Milliarden f\u00fcr den Kauf neuer Flugzeuge ausgeben, damit die Bundeswehr auch die modernisierten Waffen in Zukunft transportieren kann.<\/p>\n<p>Und das alles, obwohl der Deutsche Bundestag vor zehn Jahren beschlossen hat, die Atombomben aus B\u00fcchel abzuziehen. Leider blieb dieser Beschluss ohne Wirkung.<\/p>\n<p>Am 5. M\u00e4rz 2019 unterzeichnete die K\u00f6lner Oberb\u00fcrgermeisterin den ICAN-St\u00e4dteappell zum Beitritt der Bundesrepublik Deutschland zum Atomwaffenverbotsvertrag.<\/p>\n<p>Wir haben im Dezember 2020 die K\u00f6lner Bundestagsabgeordneten in einem Offenen Brief aufgefordert, den Abzug der amerikanischen Atomwaffen aus B\u00fcchel \u00a0im Bundestag wieder zum Thema zu machen und auf einen Beitritt Deutschlands zum Atomwaffenverbotsvertrag hinzuwirken.<\/p>\n<p>Wir wissen, dass noch ein langer Weg vor uns liegt, aber wir hoffen,\u00a0 dass immer mehr Staaten durch eine Ratifizierung des Atomwaffenverbotsvertrags der Menschheit eine Chance er\u00f6ffnen, eines Tages ohne diese Bedrohung auf Erden zu leben.<\/p>\n<p>Ich w\u00fcnsche mir ganz pers\u00f6nlich, dass meine jetzt vierzehnj\u00e4hrige Enkelin diesen Tag erlebt.<\/p>\n<hr \/>\n<div id=\"attachment_16527\" style=\"width: 2058px\" class=\"wp-caption aligncenter\"><img loading=\"lazy\" decoding=\"async\" aria-describedby=\"caption-attachment-16527\" class=\"size-full wp-image-16527\" src=\"https:\/\/www.friedenkoeln.de\/wp-content\/uploads\/2021\/01\/21__atomwaffenverbotsvertrag_koeln_20210122_mb.jpg\" alt=\"Eine alte Dame in dunkelgrauem Wollmantel und lilafarbener Filzm\u00fctze st\u00fctzt sich leicht auf den Griff eines Rollators, w\u00e4hrend sie strahlend einen fr\u00f6hlich-bunten Blumenstrau\u00df in der Hand h\u00e4lt.\" width=\"2048\" height=\"1365\" srcset=\"https:\/\/www.friedenkoeln.de\/wp-content\/uploads\/2021\/01\/21__atomwaffenverbotsvertrag_koeln_20210122_mb.jpg 2048w, https:\/\/www.friedenkoeln.de\/wp-content\/uploads\/2021\/01\/21__atomwaffenverbotsvertrag_koeln_20210122_mb-200x133.jpg 200w, https:\/\/www.friedenkoeln.de\/wp-content\/uploads\/2021\/01\/21__atomwaffenverbotsvertrag_koeln_20210122_mb-768x512.jpg 768w, https:\/\/www.friedenkoeln.de\/wp-content\/uploads\/2021\/01\/21__atomwaffenverbotsvertrag_koeln_20210122_mb-1536x1024.jpg 1536w\" sizes=\"auto, (max-width: 2048px) 100vw, 2048px\" \/><p id=\"caption-attachment-16527\" class=\"wp-caption-text\">Ursula Forner feiert ihren 85. Geburtstag und das Inkrafttreten des Atomwaffenverbotsvertrags am 22.1.2021, Alter Markt, K\u00f6ln. Foto: Martin Bauer (R-mediabase)<\/p><\/div>\n<p><em>Ursula Forner engagiert sich\u00a0seit Jahrzehnten im Hiroshima-Nagasaki-Arbeitskreis im K\u00f6lner Friedensforum f\u00fcr die Abr\u00fcstung der Atomwaffen. Am 22.1.2021 hielt sie die vorstehende Rede auf dem Alter Markt vor dem Rathaus der Stadt K\u00f6ln zum Inkrafttreten des Atomwaffenverbotsvertrags. Am selben Tag feierte sie ihren 85. Geburtstag.<\/em><\/p>\n<p><em>Die Stadt K\u00f6ln hatte in ihrer <a href=\"https:\/\/www.friedenkoeln.de\/wp-content\/uploads\/2021\/02\/Stadt-Koeln_PM_Verbot-von-Atomwaffen-tritt-in-Kraft_20210122.pdf\">Pressemitteilung<\/a> erinnert: <\/em><\/p>\n<blockquote><p><em>Im M\u00e4rz 2019 hat Oberb\u00fcrgermeisterin Henriette Reker den St\u00e4dteappell unterzeichnet und zusammen mit zahlreichen weiteren deutschen St\u00e4dten die Bundesregierung aufgefordert, dem Vertrag zum Verbot von Atomwaffen ebenfalls beizutreten.<\/em><\/p><\/blockquote>\n","protected":false},"excerpt":{"rendered":"<p>Eine Rede von Ursula Forner zum Inkrafttreten des Atomwaffenverbotsvertrags am 22.1.2021. Am 9. August 1958 veranstaltete die Deutsche Friedensgesellschaft im K\u00f6lner Rathaus eine Mahnveranstaltung gegen atmosph\u00e4rische Atomtests und die atomare Ausr\u00fcstung der Bundeswehr, an&#46;&#46;&#46;<\/p>\n","protected":false},"author":110,"featured_media":16527,"comment_status":"open","ping_status":"open","sticky":false,"template":"","format":"standard","meta":{"footnotes":""},"categories":[111],"tags":[33,112,49],"class_list":["post-16551","post","type-post","status-publish","format-standard","has-post-thumbnail","hentry","category-rede","tag-atomwaffen","tag-atomwaffenverbotsvertrag","tag-bundestag"],"_links":{"self":[{"href":"https:\/\/www.friedenkoeln.de\/index.php?rest_route=\/wp\/v2\/posts\/16551","targetHints":{"allow":["GET"]}}],"collection":[{"href":"https:\/\/www.friedenkoeln.de\/index.php?rest_route=\/wp\/v2\/posts"}],"about":[{"href":"https:\/\/www.friedenkoeln.de\/index.php?rest_route=\/wp\/v2\/types\/post"}],"author":[{"embeddable":true,"href":"https:\/\/www.friedenkoeln.de\/index.php?rest_route=\/wp\/v2\/users\/110"}],"replies":[{"embeddable":true,"href":"https:\/\/www.friedenkoeln.de\/index.php?rest_route=%2Fwp%2Fv2%2Fcomments&post=16551"}],"version-history":[{"count":11,"href":"https:\/\/www.friedenkoeln.de\/index.php?rest_route=\/wp\/v2\/posts\/16551\/revisions"}],"predecessor-version":[{"id":16563,"href":"https:\/\/www.friedenkoeln.de\/index.php?rest_route=\/wp\/v2\/posts\/16551\/revisions\/16563"}],"wp:featuredmedia":[{"embeddable":true,"href":"https:\/\/www.friedenkoeln.de\/index.php?rest_route=\/wp\/v2\/media\/16527"}],"wp:attachment":[{"href":"https:\/\/www.friedenkoeln.de\/index.php?rest_route=%2Fwp%2Fv2%2Fmedia&parent=16551"}],"wp:term":[{"taxonomy":"category","embeddable":true,"href":"https:\/\/www.friedenkoeln.de\/index.php?rest_route=%2Fwp%2Fv2%2Fcategories&post=16551"},{"taxonomy":"post_tag","embeddable":true,"href":"https:\/\/www.friedenkoeln.de\/index.php?rest_route=%2Fwp%2Fv2%2Ftags&post=16551"}],"curies":[{"name":"wp","href":"https:\/\/api.w.org\/{rel}","templated":true}]}}