{"id":16572,"date":"2021-02-04T18:45:55","date_gmt":"2021-02-04T17:45:55","guid":{"rendered":"https:\/\/www.friedenkoeln.de\/?p=16572"},"modified":"2021-02-04T19:11:26","modified_gmt":"2021-02-04T18:11:26","slug":"guenther-harms-black-lives-and-all-lives-must-matter","status":"publish","type":"post","link":"https:\/\/www.friedenkoeln.de\/?p=16572","title":{"rendered":"G\u00fcnther Harms: &#8222;Black lives and all lives \u2013 must matter!&#8220;"},"content":{"rendered":"<p><em>G\u00fcnther Harms hat uns ein Lied geschickt:<\/em><\/p>\n<div class=\"video-container\"><iframe loading=\"lazy\" title=\"Black lives and all lives - must matter!\" width=\"500\" height=\"375\" src=\"https:\/\/www.youtube.com\/embed\/MtfPnlY28qc?feature=oembed&#038;wmode=opaque\" frameborder=\"0\" allow=\"accelerometer; autoplay; clipboard-write; encrypted-media; gyroscope; picture-in-picture; web-share\" referrerpolicy=\"strict-origin-when-cross-origin\" allowfullscreen><\/iframe><\/div>\n<p>Black lives matter, what can a skin-colour say?<br \/>\nBlack lives matter \u2013 racism is an evil way.<br \/>\nMuslim lives matter \u2013 Christian, Hindu do as well<br \/>\nMuslim lives matter, any religion has a truth to tell.<br \/>\nJewish lives matter \u2013 what a unique German crime,<br \/>\nare millions of victims a lesson for all time?<\/p>\n<p style=\"padding-left: 40px;\"><em>Refrain:<\/em><br \/>\nAll lives matter, but we refuse to see.<br \/>\nAs long as money and might set the rules,<br \/>\narms are sold and wars are tools.<br \/>\nAs long as hate can be born,<br \/>\nclothes of injustice are worn.<br \/>\nAs long as we don\u2019t start to look inside<br \/>\neach other with our hearts open wide,<br \/>\nwe deny the aim of humanity<br \/>\nmany lose the chance to feel better and free.<\/p>\n<p>Children\u2019s lives matter \u2013 often growing up with hunger and fear.<br \/>\nChildren\u2019s lives matter, lets avoid so many tears.<br \/>\nRefugees\u2019 lives matter \u2013 desperation is the reason for flight.<br \/>\nRefugees\u2019 lives matter, where is their human right?<br \/>\nPoor people\u2019s lives matter \u2013 poverty beyond our door,<br \/>\nthe gap between poor and rich, it grows more and more.<\/p>\n<p style=\"padding-left: 40px;\"><em>Refrain<\/em>:<br \/>\nAll lives &#8230;<\/p>\n<p>Our lives matter \u2013 it is time to speak<br \/>\nthousands of voices, no need to feel weak.<br \/>\nOur lives matter \u2013 we must start these days<br \/>\nSo many things to do in so many ways.<br \/>\nOur lives matter \u2013 let\u2019s not forget climate change<br \/>\nIf we don\u2019t act now, it will soon be too late to re-arrange &#8230;<\/p>\n<div id=\"attachment_16577\" style=\"width: 1450px\" class=\"wp-caption aligncenter\"><img loading=\"lazy\" decoding=\"async\" aria-describedby=\"caption-attachment-16577\" class=\"wp-image-16577 size-full\" src=\"https:\/\/www.friedenkoeln.de\/wp-content\/uploads\/2021\/02\/Justice_for_George_Mural.jpg\" alt=\"In den drei Nischen einer Ziegelmauer sind drei Portraits abgebildet, die an Heiligenbilder erinnern: mit einem angedeuteten Heiligenschein.\" width=\"1440\" height=\"1440\" srcset=\"https:\/\/www.friedenkoeln.de\/wp-content\/uploads\/2021\/02\/Justice_for_George_Mural.jpg 1440w, https:\/\/www.friedenkoeln.de\/wp-content\/uploads\/2021\/02\/Justice_for_George_Mural-500x500.jpg 500w, https:\/\/www.friedenkoeln.de\/wp-content\/uploads\/2021\/02\/Justice_for_George_Mural-200x200.jpg 200w, https:\/\/www.friedenkoeln.de\/wp-content\/uploads\/2021\/02\/Justice_for_George_Mural-768x768.jpg 768w, https:\/\/www.friedenkoeln.de\/wp-content\/uploads\/2021\/02\/Justice_for_George_Mural-80x80.jpg 80w, https:\/\/www.friedenkoeln.de\/wp-content\/uploads\/2021\/02\/Justice_for_George_Mural-320x320.jpg 320w\" sizes=\"auto, (max-width: 1440px) 100vw, 1440px\" \/><p id=\"caption-attachment-16577\" class=\"wp-caption-text\">Wandgem\u00e4lde von Leslie Barlow in Minneapolis (Minnesota \/ USA) mit den Portr\u00e4ts der 2020 durch Polizeigewalt umgekommenen George Floyd, Tony McDade und Breonna Taylor. Foto: Leslie Barlow, Taylan DeJohnette, Maiya Lea Hartman, CC BY-SA 4.0<\/p><\/div>\n<hr \/>\n<p><em>G\u00fcnther Harms ist Vater erwachsener Kinder und Gro\u00dfvater und lebt in Hilpoltstein bei N\u00fcrnberg. Er schrieb uns: &#8222;Mit dem Einsatz f\u00fcr Frieden, gegen Krieg und seine Ursachen arbeiten Sie an einem riesigen Problemfeld (&#8230;). Menschliches Leben ist auf vielf\u00e4ltige Weise bedroht!\u00a0Das Anliegen f\u00fcr Ihr Engagement spiegelt sich in dem von mir gesandten Lied wieder: Jedes Leben ist wichtig und z\u00e4hlt!\u00a0Aus dieser Grundeinstellung heraus hatte ich vor gut sechs Monaten das Bed\u00fcrfnis, als diese schlimme Sache mit George Floyd in den USA passierte, ein Lied zum Wert eines jeden Lebens zu schreiben.\u00a0(&#8230;)\u00a0Vielleicht f\u00fchlen Sie sich damit ein wenig best\u00e4rkt (&#8230;) in Ihrem wertvollen Tun!&#8220;<\/em><\/p>\n<p><em>Wir haben uns sehr \u00fcber diese Mut machende Nachricht gefreut und bedanken uns ganz herzlich!<\/em><\/p>\n","protected":false},"excerpt":{"rendered":"<p>G\u00fcnther Harms hat uns ein Lied geschickt: Black lives matter, what can a skin-colour say? Black lives matter \u2013 racism is an evil way. Muslim lives matter \u2013 Christian, Hindu do as well Muslim&#46;&#46;&#46;<\/p>\n","protected":false},"author":110,"featured_media":16577,"comment_status":"open","ping_status":"open","sticky":false,"template":"","format":"standard","meta":{"footnotes":""},"categories":[207],"tags":[208,117,57,43],"class_list":["post-16572","post","type-post","status-publish","format-standard","has-post-thumbnail","hentry","category-lied","tag-armut","tag-flucht","tag-musik","tag-rassismus"],"_links":{"self":[{"href":"https:\/\/www.friedenkoeln.de\/index.php?rest_route=\/wp\/v2\/posts\/16572","targetHints":{"allow":["GET"]}}],"collection":[{"href":"https:\/\/www.friedenkoeln.de\/index.php?rest_route=\/wp\/v2\/posts"}],"about":[{"href":"https:\/\/www.friedenkoeln.de\/index.php?rest_route=\/wp\/v2\/types\/post"}],"author":[{"embeddable":true,"href":"https:\/\/www.friedenkoeln.de\/index.php?rest_route=\/wp\/v2\/users\/110"}],"replies":[{"embeddable":true,"href":"https:\/\/www.friedenkoeln.de\/index.php?rest_route=%2Fwp%2Fv2%2Fcomments&post=16572"}],"version-history":[{"count":7,"href":"https:\/\/www.friedenkoeln.de\/index.php?rest_route=\/wp\/v2\/posts\/16572\/revisions"}],"predecessor-version":[{"id":16580,"href":"https:\/\/www.friedenkoeln.de\/index.php?rest_route=\/wp\/v2\/posts\/16572\/revisions\/16580"}],"wp:featuredmedia":[{"embeddable":true,"href":"https:\/\/www.friedenkoeln.de\/index.php?rest_route=\/wp\/v2\/media\/16577"}],"wp:attachment":[{"href":"https:\/\/www.friedenkoeln.de\/index.php?rest_route=%2Fwp%2Fv2%2Fmedia&parent=16572"}],"wp:term":[{"taxonomy":"category","embeddable":true,"href":"https:\/\/www.friedenkoeln.de\/index.php?rest_route=%2Fwp%2Fv2%2Fcategories&post=16572"},{"taxonomy":"post_tag","embeddable":true,"href":"https:\/\/www.friedenkoeln.de\/index.php?rest_route=%2Fwp%2Fv2%2Ftags&post=16572"}],"curies":[{"name":"wp","href":"https:\/\/api.w.org\/{rel}","templated":true}]}}