{"id":16590,"date":"2021-03-03T22:37:26","date_gmt":"2021-03-03T21:37:26","guid":{"rendered":"https:\/\/www.friedenkoeln.de\/?p=16590"},"modified":"2021-03-03T22:37:26","modified_gmt":"2021-03-03T21:37:26","slug":"jetzt-anmelden-deutschland-und-europa-am-scheideweg-bewaffnete-drohnen-und-digitale-waffensysteme","status":"publish","type":"post","link":"https:\/\/www.friedenkoeln.de\/?p=16590","title":{"rendered":"Jetzt anmelden: Deutschland und Europa am Scheideweg. Bewaffnete Drohnen und digitale Waffensysteme\u00a0"},"content":{"rendered":"<div><i>Wir laden herzlich zu <a href=\"https:\/\/www.friedenkoeln.de\/wp-content\/uploads\/2021\/03\/Flyer-Drohnenveranstaltungen.pdf\">drei Online Diskussionsveranstaltungen der Drohnen-Kampagne mit Betroffenen, Whistleblowern und\u00a0Wissenschaftler*innen aus verschiedenen Teilen der Welt<\/a> ein!<\/i><\/div>\n<div>\n<hr \/>\n<\/div>\n<h4><b>Eine Veranstaltungsreihe der <a href=\"https:\/\/drohnen-kampagne.de\">Drohnen-Kampagne<\/a>\u00a0<u><\/u><\/b>in Koooperation mit dem<b>\u00a0<\/b><a href=\"https:\/\/nrw.dfg-vk.de\/wir-in-nrw\/alois-stoff-bildungswerk\"><b>Alois-Stoff Bildungswerk der DFG-VK NRW<\/b><\/a><\/h4>\n<div><b>ZOOM-Anmeldung:\u00a0<a href=\"https:\/\/www.drohnen-kampagne.de\/\" target=\"_blank\" rel=\"noopener\">https:\/\/www.drohnen-kampagne.de<\/a><\/b><\/div>\n<div>\n<p>Kritik aus der Zivilgesellschaft, aus Wissenschaft und Politik hat daf\u00fcr gesorgt, dass der\u00a0Bundestag bisher keine Entscheidung zur Bewaffnung von Drohnen f\u00fcr die\u00a0Bundeswehr getroffen hat. Im Dezember hat die SPD nun die Munitionierung von\u00a0\u201eHeron TP\u201c-Drohnen f\u00fcr die Bundeswehr vorl\u00e4ufig verweigert, weil die im\u00a0Koalitionsvertrag vereinbarte \u201eausf\u00fchrliche W\u00fcrdigung\u201c ethischer und rechtlicher\u00a0Fragen noch aussteht. Jedoch sollen die \u201eHeron TP\u201c-Drohnen nur eine\u00a0\u201eZwischenl\u00f6sung\u201c sein: <strong>Gleichzeitig treibt die Bundesregierung europ\u00e4ische bewaffnete\u00a0Drohnenprojekte voran<\/strong>.<\/p>\n<ul>\n<li>Voraussichtlich am 24. M\u00e4rz soll der Bundestag \u00fcber die deutsche Beteiligung an der\u00a0Entwicklung der bewaffnungsf\u00e4higen \u201e<strong>Eurodrohne<\/strong>\u201c abstimmen, ein gemeinsames\u00a0Projekt von Deutschland, Frankreich, Italien und Spanien. Die SPD-F\u00fchrung hat im\u00a0Februar den Koalitionspartnern zugesagt, der n\u00e4chsten Entwicklungsphase der\u00a0Eurodrohne zuzustimmen, sich jedoch vorbehalten, \u00fcber deren Bewaffnung erst sp\u00e4ter\u00a0zu entscheiden.<\/li>\n<li>Mitte dieses Jahres wird der Bundestag vermutlich \u00fcber die deutsche Teilnahme an der\u00a0Finanzierung des \u201e<strong>Future Combat Air Systems<\/strong>\u201d (<strong>FCAS<\/strong>) entscheiden, das Frankreich,\u00a0Deutschland und Spanien ab 2040 einsetzen wollen. Das System besteht aus\u00a0neuartigen Kampfflugzeugen, die <strong>Atomwaffen<\/strong> tragen und die mit bewaffneten\u00a0\u201eEurodrohnen\u201c und weiteren, im Schwarm fliegenden bewaffneten autonomen\u00a0Drohnen, vernetzt werden sollen. Branchenkenner rechnen f\u00fcr FCAS mit einem Umsatz\u00a0von 500 Mrd. Euro.<\/li>\n<li>Das vorl\u00e4ufige \u201eNein\u201c zur Bewaffnung der \u201e<strong>Heron TP<\/strong>\u201c-Drohnen ist international eine\u00a0Ermutigung, die digitale Kriegsf\u00fchrung unter Kontrolle zu bringen und bewaffnete\u00a0Drohnen zu \u00e4chten. Dar\u00fcber sprechen wir mit US-Veteran*innen des Drohnen-Programms, Expert*innen der K\u00fcnstlichen Intelligenz und des V\u00f6lkerrechts sowie mit\u00a0G\u00e4sten aus Afghanistan, Armenien, Aserbaidschan und dem Irak.<\/li>\n<\/ul>\n<div>\n<p><b><u>11. M\u00e4rz um 19 Uhr\u00a0<\/u><\/b><\/p>\n<\/div>\n<div><i>Gru\u00dfwort von den Ko-Veranstaltern der dreiteiligen Veranstaltungsreihe: Laura von\u00a0Wimmersperg, Drohnen-Kampagne, und Joachim Schramm, Bildungswerk DFG-VK\u00a0NRW<\/i><\/div>\n<div><b><span style=\"font-size: large;\">Der t\u00fcrkische Drohnenkrieg um Berg-Karabach\u00a0<\/span><\/b><\/div>\n<div><b><i>Game-changer f\u00fcr mehr unbemannte Aufr\u00fcstung?\u00a0<\/i><\/b><\/div>\n<div><\/div>\n<div>Der Krieg zwischen Aserbaidschan und Armenien im Herbst 2020 gilt als erster\u00a0zwischenstaatlicher Konflikt, der durch den Einsatz von Kampfdrohnen gewonnen\u00a0wurde. Die T\u00fcrkei unterst\u00fctzte die K\u00e4mpfe Aserbaid.schans mit ihren \u201eBayraktar TB2\u201c.\u00a0Im Vergleich zu den Drohnen der bisherigen Marktf\u00fchrer aus den USA und Israel sind\u00a0diese kleiner und preislich deutlich g\u00fcnstiger. Deutschland lieferte daf\u00fcr Technik zur\u00a0Herstellung von Munition. Dem Einsatz gingen Angriffe in Syrien, Kurdistan und Libyen\u00a0voraus.<\/div>\n<div>Nach den USA, Israel und China will die T\u00fcrkei nun bewaffnete Drohnenmacht werden.\u00a0Dieser R\u00fcstungs- Wettlauf dient vielen Staaten als Argument, ebenfalls bewaffnete\u00a0unbemannte Systeme beschaffen zu m\u00fcssen. Im Milit\u00e4r sorgt deren zunehmende\u00a0Verbreitung aber auch f\u00fcr neue Anstrengungen zur Modernisierung der Luftabwehr.\u00a0Wir gehen deshalb der Frage nach, wie Kampfdrohnen die heutige Kriegsf\u00fchrung\u00a0bereits ver\u00e4ndert haben.<\/div>\n<ul>\n<li><b>Chris Cole<\/b>, Mitgr\u00fcnder der Initiative Dronewars UK<\/li>\n<li><b>Bahruz Samadov<\/b>, Doktorand und Autor aus Aserbaidschan<\/li>\n<li><b>Gevorg Mnatsakanyan<\/b>,\u00a0Journalist und Wehrpflichtiger\u00a0aus Armenien<\/li>\n<li><b>Kamaran Othman<\/b>, Menschenrechtsbeobachter f\u00fcr das Christian\u00a0Peacemaker Team in Irakisch-Kurdistan<\/li>\n<\/ul>\n<div><b><i>Moderation: Matthias Monroy<\/i><\/b><b><u><br \/>\n<\/u><\/b><\/div>\n<div>\n<p><b><u>14. M\u00e4rz um 19 Uhr<\/u><\/b><\/p>\n<\/div>\n<div><b><span style=\"font-size: large;\">Einsatzort Afghanistan:\u00a0<\/span><\/b><\/div>\n<div><b><span style=\"font-size: large;\">Bewaffnete Drohnen um Soldat*innen zu sch\u00fctzen?\u00a0<\/span><\/b><\/div>\n<div><b><i>Folgen der\u00a0Bewaffnung von Drohnen aus Sicht der Betroffenen.\u00a0<\/i><\/b><\/div>\n<div><\/div>\n<div>Die Bev\u00f6lkerung Afghanistans hat seit 2001 unter Drohnenangriffen der US-Regierung\u00a0und seit 2007 der britischen Regierung gelitten. Die Bundeswehr setzt seit 2010 nicht-bewaffnungsf\u00e4hige \u201eHeron 1\u201c-Drohnen in Afghanistan ein. Angeblich zum Schutz der\u00a0Soldat*innen will sie die in 2018 geleasten bewaffnungsf\u00e4higen \u201eHeron TP\u201c-Drohnen\u00a0nun bewaffnen. Allerdings sind bei den Auslandseins\u00e4tzen seit 2014 keine deutschen\u00a0Soldat*innen durch Angriffe get\u00f6tet worden.<\/div>\n<div>Das Verteidigungsministerium beteuert, dass die bekannten ethischen und rechtlichen\u00a0Folgen des Drohnenkriegs durch strengere Einsatzregeln f\u00fcr die eigenen bewaffneten\u00a0Drohnen vermieden werden k\u00f6nnen. Die Stimmen\u00a0von Zeug*innen und Expert*innen, die direkten Erfahrungen mit diesem Waffensystem\u00a0haben, zeigen die Grenzen solcher Einsatzregeln auf.<\/div>\n<div><b><i>Anmoderation: Elsa Rassbach<\/i><\/b>, deutsch-amerikanische Filmemacherin und\u00a0Mitgr\u00fcnderin der Drohnen-Kampagne<b><br \/>\n<\/b><\/div>\n<ul>\n<li><b>Lisa Ling<\/b>, milit\u00e4rische Kommunikationstechnikerin und Drohnen-Whistleblower im\u00a0Dokumentarfilm \u201cNational Bird\u201d<\/li>\n<li><b>Cian Westmoreland<\/b>, ehemaliger RF \/ SATCOM-Techniker der U.S. Air Force; im 73. EACS\u00a0richtete St\u00fctzpunkt Kandahar als Signalrelais f\u00fcr bemannte\/unbemannte Flugzeuge\u00a0\u00fcber Afghanistan ein<\/li>\n<\/ul>\n<div>\n<p><b><i>Moderation: Emran Feroz<\/i><\/b>, \u00f6sterreichisch-afghanischer Journalist und Autor des Buches\u00a0\u201eTod per Knopfdruck: Das wahre Ausma\u00df des US-Drohnen-Terrors oder Wie Mord zum\u00a0Alltag werden konnte\u201c<\/p>\n<p><b><u>18. M\u00e4rz, um 19 Uhr\u00a0<\/u><\/b><\/p>\n<\/div>\n<div><span style=\"font-size: large;\"><b>Kampfdrohnen in Deutschland verhindern &#8211;\u00a0<\/b><\/span><\/div>\n<div><span style=\"font-size: large;\"><b>eine Chance f\u00fcr ihre internationale \u00c4chtung\u00a0und den Stopp des FCAS?<\/b>\u00a0<\/span><\/div>\n<div><b><i>Aus den Perspektiven der K\u00fcnstlichen Intelligenz und des\u00a0V\u00f6lkerrechts\u00a0<\/i><\/b><\/div>\n<div><\/div>\n<div>Kampfdrohnen sind bisher v\u00f6lkerrechtlich nicht verboten, aber sie werden als\u00a0Angriffswaffen weltweit menschenrechts- und v\u00f6lkerrechtswidrig eingesetzt. Aufgrund\u00a0ihres h\u00e4ufig dauerhaften Einsatzes, ferngesteuert von weit entfernten Bodenstationen,\u00a0f\u00fchren sie zudem zu einer Entgrenzung des Krieges. V\u00f6lkerrechtlich fragw\u00fcrdig ist\u00a0auch die Entwicklung hin zu autonomen Kampfdrohnen, die durch Algorithmen gelenkt\u00a0werden. So ist die Bundesrepublik mit dem \u201eFuture Combat Air System\u201c (FCAS) an der\u00a0Entwicklung eines europ\u00e4ischen Kampfflugzeugs beteiligt, das von weitgehend\u00a0autonomen, bewaffneten und unbewaffneten Drohnen begleitet\u00a0werden soll.<\/div>\n<div>\n<p>Bergen Kampfdrohnen die Gefahr einer schleichenden Automatisierung\u00a0der Kriegsf\u00fchrung? Wie ist der Einsatz v\u00f6lkerrechtlich zu bewerten? Lassen sich\u00a0Perspektiven ihrer internationalen Kontrolle, Abr\u00fcstung und \u00c4chtung aufzeigen?<\/p>\n<\/div>\n<ul>\n<li><b>Carolyn Horn<\/b>, Senior Legal Advisor von Dr. Agnes Callamard, Sonderberichterstatterin\u00a0der Vereinten Nationen f\u00fcr au\u00dfergerichtliche, standrechtliche oder willk\u00fcrliche\u00a0Hinrichtungen<\/li>\n<li><b>Prof. Dr. Norman Paech<\/b>, V\u00f6lkerrechtler\u00a0und Friedenswissenschaftler<\/li>\n<li><b>Dr. Jakob Foerster<\/b>, Forscher im Bereich der K\u00fcnstlichen\u00a0Intelligenz<\/li>\n<\/ul>\n<div>\n<p><b><i>Moderation: Peter F\u00f6rster<\/i><\/b>, Friedensaktivist<b><u><br \/>\n<\/u><\/b><\/p>\n<\/div>\n<ul>\n<li>Links f\u00fcr die Anmeldung &amp; das Streaming der Veranstaltungen finden sich auf der\u00a0Webseite:<b> <a href=\"https:\/\/www.drohnen-kampagne.de\/\" target=\"_blank\" rel=\"noopener\">https:\/\/www.drohnen-kampagne.de<\/a><\/b><\/li>\n<li>Videos von allen Veranstaltungen werden unter Creative Commons Lizenz\u00a0ver\u00f6ffentlicht.<\/li>\n<li>Simultane Deutsch-Englische \u00dcbersetzung<\/li>\n<li>Die veranstaltenden Gruppen sind erreichbar unter<b> <a href=\"mailto:seminar@drohnen-kampagne.org\" target=\"_blank\" rel=\"noopener\">seminar@drohnen-kampagne.org<\/a><\/b><\/li>\n<\/ul>\n<div><span style=\"font-size: large;\"><b>Eine Veranstaltungsreihe der Drohnen-Kampagne<\/b>,\u00a0<\/span><\/div>\n<div>einem 2013 gegr\u00fcndetes Netzwerk mit 150 Unterst\u00fctzer-Gruppen,<\/div>\n<div><b><span style=\"font-size: large;\">in Koooperation mit dem Alois-Stoff Bildungswerk der DFG-VK NRW<\/span><\/b><\/div>\n<div>\n<div id=\"attachment_10701\" style=\"width: 1575px\" class=\"wp-caption aligncenter\"><img loading=\"lazy\" decoding=\"async\" aria-describedby=\"caption-attachment-10701\" class=\"size-full wp-image-10701\" src=\"https:\/\/www.friedenkoeln.de\/wp-content\/uploads\/2017\/04\/CODEPINK-against-Drones-in-Pakistan.jpg\" alt=\"Eine gro\u00dfe Gruppe von europ\u00e4isch und pakistanisch-indisch aussehenden Menschen jeden Alters versammeln sich hinter einem selbst beschrifteten pinkfarbenen Transparent mit der Aufschrift &quot;Stop Killer Drones!&quot;\" width=\"1565\" height=\"975\" srcset=\"https:\/\/www.friedenkoeln.de\/wp-content\/uploads\/2017\/04\/CODEPINK-against-Drones-in-Pakistan.jpg 1565w, https:\/\/www.friedenkoeln.de\/wp-content\/uploads\/2017\/04\/CODEPINK-against-Drones-in-Pakistan-768x478.jpg 768w, https:\/\/www.friedenkoeln.de\/wp-content\/uploads\/2017\/04\/CODEPINK-against-Drones-in-Pakistan-1024x638.jpg 1024w, https:\/\/www.friedenkoeln.de\/wp-content\/uploads\/2017\/04\/CODEPINK-against-Drones-in-Pakistan-80x50.jpg 80w\" sizes=\"auto, (max-width: 1565px) 100vw, 1565px\" \/><p id=\"caption-attachment-10701\" class=\"wp-caption-text\">US-Friedensaktivist*innen und pakistanische Familien protestieren gemeinsam gegen Drohnenkrieg in Pakistan. Foto: CODEPINK.<\/p><\/div>\n<\/div>\n<div><i><span style=\"font-size: large;\">Mit Unterst\u00fctzung von:<\/span><\/i><\/div>\n<div><a href=\"https:\/\/bawue.dfg-vk.de\/bawue-start\"><b>DFG-VK Landesverband Baden-W\u00fcrttemberg<\/b><\/a><\/div>\n<div><a href=\"http:\/\/bertha-von-suttner-stiftung.de\"><b>Bertha von Suttner Stiftung der DFG-VK<\/b><\/a><\/div>\n<div><\/div>\n<div><span style=\"font-size: large;\"><i>Gef\u00f6rdert durch:<\/i><\/span><\/div>\n<div><b>Brot f\u00fcr die Welt<\/b><\/div>\n<div>mit Mitteln des Kirchlichen Entwicklungsdienstes<\/div>\n<div><b>Katholischer Fonds Kooperation eine Welt<\/b><\/div>\n<div><\/div>\n<div><i><span style=\"font-size: large;\">Weitere Unterst\u00fctzer:<\/span><\/i><\/div>\n<div><a href=\"https:\/\/www.attac.de\"><b>Attac Deutschland<\/b><\/a><\/div>\n<div style=\"text-align: left;\"><a href=\"https:\/\/www.friedenskooperative.de\"><b>Netzwerk Friedenskooperative<\/b><\/a><\/div>\n<div><a href=\"https:\/\/www.versoehnungsbund.de\"><b>Internationaler Vers\u00f6hnungsbund<\/b><\/a><\/div>\n<div><\/div>\n<div><i>Fragen:<\/i><b>\u00a0<a href=\"mailto:seminar@drohnen-kampagne.org\" target=\"_blank\" rel=\"noopener\">seminar@drohnen-kampagne.org<\/a><\/b><\/div>\n<div>\n<div><\/div>\n<\/div>\n<div>\n<div><i><span style=\"font-size: large;\">Bitte unterst\u00fctzen Sie unsere Arbeit!<\/span><\/i><b><br \/>\n<\/b><\/div>\n<div><b>Spendenkonto:<\/b>\u00a0Vers\u00f6hnungsbund e.V.<\/div>\n<div>IBAN: DE40 4306 0967 0033 6655 00<\/div>\n<div>Stichwort:\u00a0<b>Drohnen-Kampagne<\/b><\/div>\n<div><i>Fragen zu Spenden:\u00a0<\/i><a href=\"mailto:spenden@drohnen-kampagne.de\" target=\"_blank\" rel=\"noopener\"><b>spenden@drohnen-kampagne.de<\/b><\/a><\/div>\n<\/div>\n<\/div>\n","protected":false},"excerpt":{"rendered":"<p>Wir laden herzlich zu drei Online Diskussionsveranstaltungen der Drohnen-Kampagne mit Betroffenen, Whistleblowern und\u00a0Wissenschaftler*innen aus verschiedenen Teilen der Welt ein! Eine Veranstaltungsreihe der Drohnen-Kampagne\u00a0in Koooperation mit dem\u00a0Alois-Stoff Bildungswerk der DFG-VK NRW ZOOM-Anmeldung:\u00a0https:\/\/www.drohnen-kampagne.de Kritik aus der&#46;&#46;&#46;<\/p>\n","protected":false},"author":110,"featured_media":10701,"comment_status":"open","ping_status":"open","sticky":false,"template":"","format":"standard","meta":{"footnotes":""},"categories":[104],"tags":[48,44,195],"class_list":["post-16590","post","type-post","status-publish","format-standard","has-post-thumbnail","hentry","category-ankuendigung","tag-bundeswehr","tag-drohnen","tag-fcas"],"_links":{"self":[{"href":"https:\/\/www.friedenkoeln.de\/index.php?rest_route=\/wp\/v2\/posts\/16590","targetHints":{"allow":["GET"]}}],"collection":[{"href":"https:\/\/www.friedenkoeln.de\/index.php?rest_route=\/wp\/v2\/posts"}],"about":[{"href":"https:\/\/www.friedenkoeln.de\/index.php?rest_route=\/wp\/v2\/types\/post"}],"author":[{"embeddable":true,"href":"https:\/\/www.friedenkoeln.de\/index.php?rest_route=\/wp\/v2\/users\/110"}],"replies":[{"embeddable":true,"href":"https:\/\/www.friedenkoeln.de\/index.php?rest_route=%2Fwp%2Fv2%2Fcomments&post=16590"}],"version-history":[{"count":12,"href":"https:\/\/www.friedenkoeln.de\/index.php?rest_route=\/wp\/v2\/posts\/16590\/revisions"}],"predecessor-version":[{"id":16603,"href":"https:\/\/www.friedenkoeln.de\/index.php?rest_route=\/wp\/v2\/posts\/16590\/revisions\/16603"}],"wp:featuredmedia":[{"embeddable":true,"href":"https:\/\/www.friedenkoeln.de\/index.php?rest_route=\/wp\/v2\/media\/10701"}],"wp:attachment":[{"href":"https:\/\/www.friedenkoeln.de\/index.php?rest_route=%2Fwp%2Fv2%2Fmedia&parent=16590"}],"wp:term":[{"taxonomy":"category","embeddable":true,"href":"https:\/\/www.friedenkoeln.de\/index.php?rest_route=%2Fwp%2Fv2%2Fcategories&post=16590"},{"taxonomy":"post_tag","embeddable":true,"href":"https:\/\/www.friedenkoeln.de\/index.php?rest_route=%2Fwp%2Fv2%2Ftags&post=16590"}],"curies":[{"name":"wp","href":"https:\/\/api.w.org\/{rel}","templated":true}]}}