{"id":16609,"date":"2021-03-15T21:56:13","date_gmt":"2021-03-15T20:56:13","guid":{"rendered":"https:\/\/www.friedenkoeln.de\/?p=16609"},"modified":"2021-03-15T21:58:15","modified_gmt":"2021-03-15T20:58:15","slug":"am-19-03-ist-wieder-globaler-klimastreik-auch-in-koeln","status":"publish","type":"post","link":"https:\/\/www.friedenkoeln.de\/?p=16609","title":{"rendered":"Am 19.03. ist wieder Globaler Klimastreik &#8211; auch in K\u00f6ln!"},"content":{"rendered":"<h4><a href=\"https:\/\/fridaysforfuture.de\/allefuer1komma5\/\">#AlleF\u00fcr1Komma5<\/a> &#8211; Globaler Klimastreik am 19.3.2021!<\/h4>\n<div id=\"attachment_16613\" style=\"width: 418px\" class=\"wp-caption alignright\"><img loading=\"lazy\" decoding=\"async\" aria-describedby=\"caption-attachment-16613\" class=\" wp-image-16613\" src=\"https:\/\/www.friedenkoeln.de\/wp-content\/uploads\/2021\/03\/Solidarisches-Klimabuendnis-Koeln_Aufruf-20210319-scaled.jpg\" alt=\"Ein Flyer mit viel Text und unten zahlreichen vor allem gr\u00fcnen Logos von linken und gr\u00fcnen Organisationen\" width=\"408\" height=\"577\" srcset=\"https:\/\/www.friedenkoeln.de\/wp-content\/uploads\/2021\/03\/Solidarisches-Klimabuendnis-Koeln_Aufruf-20210319-scaled.jpg 1810w, https:\/\/www.friedenkoeln.de\/wp-content\/uploads\/2021\/03\/Solidarisches-Klimabuendnis-Koeln_Aufruf-20210319-141x200.jpg 141w, https:\/\/www.friedenkoeln.de\/wp-content\/uploads\/2021\/03\/Solidarisches-Klimabuendnis-Koeln_Aufruf-20210319-768x1086.jpg 768w, https:\/\/www.friedenkoeln.de\/wp-content\/uploads\/2021\/03\/Solidarisches-Klimabuendnis-Koeln_Aufruf-20210319-1086x1536.jpg 1086w, https:\/\/www.friedenkoeln.de\/wp-content\/uploads\/2021\/03\/Solidarisches-Klimabuendnis-Koeln_Aufruf-20210319-1448x2048.jpg 1448w\" sizes=\"auto, (max-width: 408px) 100vw, 408px\" \/><p id=\"caption-attachment-16613\" class=\"wp-caption-text\">Aufruf des Solidarischen Klimab\u00fcndnis K\u00f6ln zur Kundgebung am 19.3.2021<\/p><\/div>\n<p>Auch K\u00f6ln ist wieder dabei.\u00a0Um 12:00 Uhr wird es an sechs Orten in K\u00f6ln parallel Veranstaltungen\u00a0mit thematischen Schwerpunkten geben:<\/p>\n<p>Heumarkt &#8211; Verkehrswende<\/p>\n<p>Neumarkt &#8211; Energiewende<\/p>\n<p>Rudolfplatz &#8211; Feminismus<\/p>\n<p>Friesenplatz &#8211; Globale Fluchtursachen<\/p>\n<p>Kom\u00f6dienstra\u00dfe &#8211; Soziale Gerechtigkeit und System Change<\/p>\n<p>Christophstra\u00dfe &#8211; Antidiskriminierung<\/p>\n<p>Details zu den einzelnen Orten und Schwerpunkten gibt es auf der Seite von <a href=\"https:\/\/fridaysforfuture.de\/ortsgruppen\/koeln\/?fbclid=IwAR1cg36K2B-NOdguwdu75fYAAy56f_0QLeKpobgdPEu6mr4nH1rx0V_Bi2Q\">FFF K\u00f6ln<\/a>.<\/p>\n<p><b>Die DFG-VK ist als Mitglied des Solidarischen Klimab\u00fcndnisses K\u00f6ln\u00a0<\/b><b>(SKB) am Veranstaltungsort Kom\u00f6dienstra\u00dfe \/ Tunisstra\u00dfe pr\u00e4sent. Unsere Sprecherin <\/b><b>Isabelle Casel wird dazu reden: <a href=\"https:\/\/www.friedenkoeln.de\/wp-content\/uploads\/2021\/03\/Isabelle-Casel_DFG-VK-Koeln_Flyer-Klima-Krieg_20210319-1.pdf\">&#8222;Stoppt die Klimakiller Krieg, Milit\u00e4r, R\u00fcstungsindustrie!&#8220;<\/a><\/b><\/p>\n<p>Forderungen:<\/p>\n<ol>\n<li>Ein Ende des politischen Ausspielens von Arbeitsplatzsicherung und Klimaschutzforderungen! Wir wollen zukunftsweisende Arbeitspl\u00e4tze mit guten Arbeitsbedingungen, die sich am Gemeinwohl unserer Gesellschaft und nicht an schnellen Profiten orientieren.<\/li>\n<li>Die Verm\u00f6genden und diejenigen, die seit Jahrzehnten von der Klimakrise profitieren und es immer noch tun, m\u00fcssen in die finanzielle Verantwortung genommen werden! Die Lasten der Krise d\u00fcrfen weder auf dem R\u00fccken von Besch\u00e4ftigten, noch auf dem kommender Generationen abgew\u00e4lzt werden!<\/li>\n<li>Einen massiven Ausbau der erneuerbaren Energien bei der Rhein Energie mit dem Ziel des schnellstm\u00f6glichen kompletten Umstiegs auf klimgerechte Energieerzeugung sowie einen perspektivisch kostenfreien \u00d6PNV!<\/li>\n<\/ol>\n<p><b>Schlie\u00dft Euch an und kommt zu unserer <a href=\"https:\/\/www.friedenkoeln.de\/wp-content\/uploads\/2021\/03\/Solidarisches-Klimabuendnis-Koeln_Aufruf-20210319.pdf\">Kundgebung\u00a0<\/a><\/b><b>am 19.03.21 um 12:00 Uhr in K\u00f6ln, Kom\u00f6dienstra\u00dfe \/ Tunisstra\u00dfe!<\/b><\/p>\n<p><b>#AlleFuer1Komma5<\/b><\/p>\n<p><b>#NoMoreEmptyPromises<\/b><\/p>\n<p>Bitte beachtet die geltenden Infektionsschutzauflagen!<\/p>\n","protected":false},"excerpt":{"rendered":"<p>#AlleF\u00fcr1Komma5 &#8211; Globaler Klimastreik am 19.3.2021! Auch K\u00f6ln ist wieder dabei.\u00a0Um 12:00 Uhr wird es an sechs Orten in K\u00f6ln parallel Veranstaltungen\u00a0mit thematischen Schwerpunkten geben: Heumarkt &#8211; Verkehrswende Neumarkt &#8211; Energiewende Rudolfplatz &#8211; Feminismus&#46;&#46;&#46;<\/p>\n","protected":false},"author":110,"featured_media":16614,"comment_status":"open","ping_status":"open","sticky":false,"template":"","format":"standard","meta":{"footnotes":""},"categories":[116,158],"tags":[110,130,29],"class_list":["post-16609","post","type-post","status-publish","format-standard","has-post-thumbnail","hentry","category-aufruf","category-flyer","tag-klima","tag-ruestungsindustrie","tag-solidaritat"],"_links":{"self":[{"href":"https:\/\/www.friedenkoeln.de\/index.php?rest_route=\/wp\/v2\/posts\/16609","targetHints":{"allow":["GET"]}}],"collection":[{"href":"https:\/\/www.friedenkoeln.de\/index.php?rest_route=\/wp\/v2\/posts"}],"about":[{"href":"https:\/\/www.friedenkoeln.de\/index.php?rest_route=\/wp\/v2\/types\/post"}],"author":[{"embeddable":true,"href":"https:\/\/www.friedenkoeln.de\/index.php?rest_route=\/wp\/v2\/users\/110"}],"replies":[{"embeddable":true,"href":"https:\/\/www.friedenkoeln.de\/index.php?rest_route=%2Fwp%2Fv2%2Fcomments&post=16609"}],"version-history":[{"count":5,"href":"https:\/\/www.friedenkoeln.de\/index.php?rest_route=\/wp\/v2\/posts\/16609\/revisions"}],"predecessor-version":[{"id":16616,"href":"https:\/\/www.friedenkoeln.de\/index.php?rest_route=\/wp\/v2\/posts\/16609\/revisions\/16616"}],"wp:featuredmedia":[{"embeddable":true,"href":"https:\/\/www.friedenkoeln.de\/index.php?rest_route=\/wp\/v2\/media\/16614"}],"wp:attachment":[{"href":"https:\/\/www.friedenkoeln.de\/index.php?rest_route=%2Fwp%2Fv2%2Fmedia&parent=16609"}],"wp:term":[{"taxonomy":"category","embeddable":true,"href":"https:\/\/www.friedenkoeln.de\/index.php?rest_route=%2Fwp%2Fv2%2Fcategories&post=16609"},{"taxonomy":"post_tag","embeddable":true,"href":"https:\/\/www.friedenkoeln.de\/index.php?rest_route=%2Fwp%2Fv2%2Ftags&post=16609"}],"curies":[{"name":"wp","href":"https:\/\/api.w.org\/{rel}","templated":true}]}}