{"id":16621,"date":"2021-03-20T19:23:54","date_gmt":"2021-03-20T18:23:54","guid":{"rendered":"https:\/\/www.friedenkoeln.de\/?p=16621"},"modified":"2021-03-20T19:23:54","modified_gmt":"2021-03-20T18:23:54","slug":"isabelle-casel-stoppt-die-klimakiller-krieg-militaer-und-ruestungsindustrie","status":"publish","type":"post","link":"https:\/\/www.friedenkoeln.de\/?p=16621","title":{"rendered":"Isabelle Casel: &#8222;Stoppt die Klimakiller Krieg, Milit\u00e4r und R\u00fcstungsindustrie!&#8220;"},"content":{"rendered":"<p><em>Unsere Ko-Sprecherin Isabelle Casel hielt am 19.3.2021 in K\u00f6ln eine Rede zum &#8222;Globalen Klimastreik&#8220;:<\/em><\/p>\n<hr \/>\n<p>Umwelt- und Klimaschutz, auch die gesetzten Klimaziele sind nur mit einer drastischen Reduzierung der milit\u00e4rischen Emissionen zu erreichen. Es ist ein Skandal, dass in den Klimaabkommen das Milit\u00e4r von den Regierungen auf Druck der NATO-Staaten absichtlich ausgeklammert wird. Das muss sofort nachgebessert werden!<\/p>\n<p>Wir alle m\u00fcssen Verantwortung \u00fcbernehmen, zur Einschr\u00e4nkung der CO2-Emissionen z.B. mit weniger Fleischkonsum, weniger Flugreisen etc. Aber nur, wenn Regierungen mit gutem Beispiel voran gehen und in ihren eigenen M\u00f6glichkeiten die Emissionen drastisch reduzieren, kann die Bev\u00f6lkerung glaubw\u00fcrdig zu eigener Verantwortung gebracht werden. Mit den milit\u00e4rischen Emissionen muss begonnen werden, denn sie sind die gr\u00f6\u00dften Umwelt- und Klimakiller.<\/p>\n<p>Der Militarismus\u00a0ist Ursache und Folge der Klimakrise. Kriege f\u00f6rdern den Klimawandel.\u00a0Die Klimakrise f\u00f6rdert Kriege. Produktion, Handel, Export\u00a0und Transport\u00a0 von Waffen &#8211; von G\u00fctern, die die Menschheit f\u00fcr ein gutes Leben nicht braucht &#8211;\u00a0 Man\u00f6ver und vor allem der Krieg erzeugen Unmengen von CO2.<\/p>\n<p>Der Kampfpanzer Leopard 2 verbraucht auf 100 Kilometer bis zu 530 Liter Diesel so viel wie 100 Kleinwagen. <a href=\"http:\/\/eurofighter.airpower.at\/technik-daten.htm\">Der Kampfjet Eurofighter verbraucht ca. 70-100 Liter Kerosin pro Minute<\/a> und produziert pro Flugstunde 11 Tonnen CO2 -das ist so viel, wie durchschnittlich eine in Deutschland lebende Person im gesamten Jahr. Allein auf der Air Base Ramstein finden j\u00e4hrlich 30.000 Starts und Landungen statt.<\/p>\n<p>Daher fordern wir: US-Truppenstationierungsvertrag k\u00fcndigen, keine Steuergelder (48,3 Mio.\/Jahr) f\u00fcr US-Milit\u00e4r, keine Kampfjet-\u00dcbungen und keine Beihilfe zu US-Drohnenmorden!<\/p>\n<p>Das US-Milit\u00e4r ist mit seinen rund 1.000 Milit\u00e4rst\u00fctzpunkten weltweit der gr\u00f6\u00dfte Verbraucher fossiler Brennstoffe. Sein j\u00e4hrlicher CO2 Aussto\u00df betr\u00e4gt 73 Millionen Tonnen und damit mehr als der Aussto\u00df des ganzen afrikanischen Kontinents.<\/p>\n<p>UN-Generalsekret\u00e4r Antonio Guterres forderte die Staaten auf, angesichts der \u201eCorona-Krise\u201c einen weltweiten Waffenstillstand zu erkl\u00e4ren. Dem sind die Staaten nicht gefolgt. Auch die Aufr\u00fcstung in Deutschland geht ungebremst weiter. Wir brauchen einen umfassenden Abr\u00fcstungsprozess, den Stopp der Produktion und Export von Kriegswaffen und die drastische K\u00fcrzung des Milit\u00e4retats. W\u00fcrden wir diesen halbieren, h\u00e4tten wir sofort verf\u00fcgbar: 13 Mrd. f\u00fcr eine kostenlosen Nahverkehr f\u00fcr alle, 10 Mrd. f\u00fcr den j\u00e4hrlichen Ausbau des \u00d6PNV, 1 Mrd. f\u00fcr 100.000 Solaranlagen und 1 Mrd. f\u00fcr die Aufforstung j\u00e4hrlich.<\/p>\n<p>Auch im Sinne des Grundgesetzes und des V\u00f6lkerrechts fordern wir als konkrete aktuelle Schritte:<\/p>\n<ul>\n<li>keine Kriegsdrohungen, Interventionen und \u201eRegime Changes\u201c oder Beteiligung daran! Von Deutschland darf nie mehr Krieg aus gehen \u2013 keine Auslandseins\u00e4tze der Bundeswehr!<\/li>\n<li>Deutschland und alle L\u00e4nder die dies noch nicht getan haben, m\u00fcssen dem UN Atomwaffenverbotsvertrag beitreten. Sofortiger Abzug der US Atomwaffen aus Deutschland (B\u00fcchel) gem\u00e4\u00df Bundestagsbeschluss 2010.<\/li>\n<li>Keine Anschaffung von Kampfdrohnen und autonomen Waffensystemen!<\/li>\n<\/ul>\n<p>Krieg ist einer humanistischen Gesellschaft unw\u00fcrdig! Das gilt nat\u00fcrlich auch f\u00fcr Krieg als Mittel der Politik! Greuel und Katastrophen vergangener Kriege in Europa sind bei vielen in Vergessenheit geraten, weshalb die gef\u00e4hrliche Kriegspolitik der Bundesregierung und der NATO zum Teil widerspruchslos hingenommen wird.<\/p>\n<p>Wir lassen uns keine Angst machen mit gesch\u00fcrten Feindbildern wie z. B. von Russland, das seinen Milit\u00e4retat auf 60 Mrd. gesenkt hat, w\u00e4hrend die NATO \u00fcber 1000 Mrd. Steuergelder f\u00fcr ihre gef\u00e4hrliche Eskalationspolitik verschleudert.<\/p>\n<p>Die Annahme, (Interessens-)Konflikte dadurch zu \u201el\u00f6sen\u201c, dass man Menschen losschickt, um sich gegenseitig umzubringen, geh\u00f6rt in die Steinzeit und w\u00fcrde uns auch wieder in diese zur\u00fcckf\u00fchren.<\/p>\n<p>Zudem \u2013 niemand bedroht uns, niemand greift uns an!<\/p>\n<p>Wir brauchen eine neue Entspannungspolitik und freundschaftliche Beziehungen mit Russland und China, anstatt die Provokation, Aufr\u00fcstung oder Milit\u00e4r\u00fcbungen an den NATO Ostgrenzen oder Kriegsschiffe im chinesischen Meer!<\/p>\n<p>Keine weitere Energie darf f\u00fcr die Bedrohung und Zerst\u00f6rung von Menschen und Natur durch Milit\u00e4r verschwendet werden. Die Friedens- und die Umweltbewegung k\u00f6nnen das gemeinsam erreichen, indem wir alle mit dem gleichen Interesse an unserer Zukunft mitnehmen. Das B\u00fcndnis mit den Themen Klimaschutz, soziale Gerechtigkeit und Antirassismus darf das Thema Frieden nicht auslassen. Eine ernsthafte Umwelt- und Klimadebatte um drastische CO2-Reduzierungen ist ohne den milit\u00e4rischen CO2-Aussto\u00df unvollst\u00e4ndig.<\/p>\n<p>Frieden ist vielleicht nicht alles, aber ohne Frieden ist alles nichts. Wenn wir in der heutigen Welt mit ihrem Atomwaffenpotential den Frieden nicht erhalten, machen alle politischen Forderungen keinen Sinn.<\/p>\n<p>Unterst\u00fctzt uns bei unserem Protest und unseren Aktionen an den Milit\u00e4rst\u00fctzpunkten z.B. in B\u00fcchel, N\u00f6rvenich, Ramstein, Spangdahlem \u2013 jede Stunde, die ein Kampfjet nicht fliegt, werden 11 Tonnen CO2 Aussto\u00df verhindert.<\/p>\n<div id=\"attachment_16625\" style=\"width: 2570px\" class=\"wp-caption alignnone\"><img loading=\"lazy\" decoding=\"async\" aria-describedby=\"caption-attachment-16625\" class=\"size-full wp-image-16625\" src=\"https:\/\/www.friedenkoeln.de\/wp-content\/uploads\/2021\/03\/fullsizeoutput_2092-scaled.jpeg\" alt=\"Ein Mann und eine Frau stehen in Winterkleidung und Stoffmasken hinter einem Stand, der mit Friedenstauben auf blauem Grund bedeckt ist und auf dem Flyer liegen. Die Frau schwenkt eine gro\u00dfe Friedensfahne. Im Hintergrund weitere Fahnen und Pavillons.\" width=\"2560\" height=\"1920\" srcset=\"https:\/\/www.friedenkoeln.de\/wp-content\/uploads\/2021\/03\/fullsizeoutput_2092-scaled.jpeg 2560w, https:\/\/www.friedenkoeln.de\/wp-content\/uploads\/2021\/03\/fullsizeoutput_2092-200x150.jpeg 200w, https:\/\/www.friedenkoeln.de\/wp-content\/uploads\/2021\/03\/fullsizeoutput_2092-768x576.jpeg 768w, https:\/\/www.friedenkoeln.de\/wp-content\/uploads\/2021\/03\/fullsizeoutput_2092-1536x1152.jpeg 1536w, https:\/\/www.friedenkoeln.de\/wp-content\/uploads\/2021\/03\/fullsizeoutput_2092-2048x1536.jpeg 2048w\" sizes=\"auto, (max-width: 2560px) 100vw, 2560px\" \/><p id=\"caption-attachment-16625\" class=\"wp-caption-text\">Michael S\u00fcnner und Isabelle Casel mit Mund-Nase-Masken beim Klimastreik &#8222;#AlleF\u00fcr1Komma5&#8220; am 19.3.2021 in K\u00f6ln. Foto: privat<\/p><\/div>\n","protected":false},"excerpt":{"rendered":"<p>Unsere Ko-Sprecherin Isabelle Casel hielt am 19.3.2021 in K\u00f6ln eine Rede zum &#8222;Globalen Klimastreik&#8220;: Umwelt- und Klimaschutz, auch die gesetzten Klimaziele sind nur mit einer drastischen Reduzierung der milit\u00e4rischen Emissionen zu erreichen. Es ist&#46;&#46;&#46;<\/p>\n","protected":false},"author":110,"featured_media":16625,"comment_status":"open","ping_status":"open","sticky":false,"template":"","format":"standard","meta":{"footnotes":""},"categories":[111],"tags":[],"class_list":["post-16621","post","type-post","status-publish","format-standard","has-post-thumbnail","hentry","category-rede"],"_links":{"self":[{"href":"https:\/\/www.friedenkoeln.de\/index.php?rest_route=\/wp\/v2\/posts\/16621","targetHints":{"allow":["GET"]}}],"collection":[{"href":"https:\/\/www.friedenkoeln.de\/index.php?rest_route=\/wp\/v2\/posts"}],"about":[{"href":"https:\/\/www.friedenkoeln.de\/index.php?rest_route=\/wp\/v2\/types\/post"}],"author":[{"embeddable":true,"href":"https:\/\/www.friedenkoeln.de\/index.php?rest_route=\/wp\/v2\/users\/110"}],"replies":[{"embeddable":true,"href":"https:\/\/www.friedenkoeln.de\/index.php?rest_route=%2Fwp%2Fv2%2Fcomments&post=16621"}],"version-history":[{"count":5,"href":"https:\/\/www.friedenkoeln.de\/index.php?rest_route=\/wp\/v2\/posts\/16621\/revisions"}],"predecessor-version":[{"id":16627,"href":"https:\/\/www.friedenkoeln.de\/index.php?rest_route=\/wp\/v2\/posts\/16621\/revisions\/16627"}],"wp:featuredmedia":[{"embeddable":true,"href":"https:\/\/www.friedenkoeln.de\/index.php?rest_route=\/wp\/v2\/media\/16625"}],"wp:attachment":[{"href":"https:\/\/www.friedenkoeln.de\/index.php?rest_route=%2Fwp%2Fv2%2Fmedia&parent=16621"}],"wp:term":[{"taxonomy":"category","embeddable":true,"href":"https:\/\/www.friedenkoeln.de\/index.php?rest_route=%2Fwp%2Fv2%2Fcategories&post=16621"},{"taxonomy":"post_tag","embeddable":true,"href":"https:\/\/www.friedenkoeln.de\/index.php?rest_route=%2Fwp%2Fv2%2Ftags&post=16621"}],"curies":[{"name":"wp","href":"https:\/\/api.w.org\/{rel}","templated":true}]}}