{"id":16628,"date":"2021-03-21T11:18:43","date_gmt":"2021-03-21T10:18:43","guid":{"rendered":"https:\/\/www.friedenkoeln.de\/?p=16628"},"modified":"2021-03-21T11:18:43","modified_gmt":"2021-03-21T10:18:43","slug":"kundgebung-abruesten-statt-aufruesten-anlaesslich-der-anstehenden-entscheidung-zur-eurodrohne-eines-teil-des-fcas","status":"publish","type":"post","link":"https:\/\/www.friedenkoeln.de\/?p=16628","title":{"rendered":"Kundgebung \u201eAbr\u00fcsten statt Aufr\u00fcsten\u201c anl\u00e4sslich der anstehenden Entscheidung zur &#8222;Eurodrohne&#8220; &#8211; eines Teil des &#8222;FCAS&#8220;"},"content":{"rendered":"<p><b>Kundgebung \u201eAbr\u00fcsten statt Aufr\u00fcsten\u201c anl\u00e4sslich der anstehenden Entscheidung zur weiteren Finanzierung der &#8222;Eurodrohne&#8220; im Bundestag<span class=\"Apple-converted-space\">\u00a0<\/span><\/b><\/p>\n<p><b>am 22.3.2021 um 17 Uhr auf dem Alter Markt vor dem Rathaus in K\u00f6ln<\/b><\/p>\n<p>Kommt am Montag um 17 Uhr zum Alter Markt, um unsere Forderungen f\u00fcr Bildung, f\u00fcr Gesundheit und f\u00fcr zivile Konfliktl\u00f6sungen, sowie gegen die geplante Verdoppelung des R\u00fcstungshaushaltes \u00f6ffentlich zu machen!<\/p>\n<ul>\n<li>Stoppt die weitere Aufstockung des R\u00fcstungshaushaltes<\/li>\n<li>Mehr Geld f\u00fcr Bildung, Gesundheit und zivile Konfliktl\u00f6sungen<\/li>\n<li>Keine Anschaffung bewaffnungsf\u00e4higer Drohnen<\/li>\n<li>Stoppt die EU-Militarisierung und das\u00a0FCAS\u00a0(Future Combat Air System)<\/li>\n<li>Keine Waffenlieferungen \u201eMade in Europe\u201c<\/li>\n<\/ul>\n<p>mit Beitr\u00e4gen von<\/p>\n<ul>\n<li><strong>Peter F\u00f6rster<\/strong> (AK Zivilklausel an der Uni)<\/li>\n<li><strong>Beate\u00a0Hane-Knoll<\/strong>\u00a0(Gesundheitsb\u00fcndnis K\u00f6ln)<\/li>\n<li><strong>Michael S\u00fcnner<\/strong> (DFG-VK)<\/li>\n<li>und Empfehlungen <strong>kritischer Veteran*innen des US-Drohnenkriegs<\/strong> an die Bundesregierung.<\/li>\n<\/ul>\n<p>Haltet dabei bitte auch schon auf dem Weg zum und auf dem Alter Markt den vorgesehenen\u00a0Mindestabstand von 1,5 m ein.<\/p>\n<p>Es rufen auf: Deutsche Friedensgesellschaft \u2013 Vereinigte KriegsdienstgegnerInnen (DFG-VK K\u00f6ln)\u00a0zusammen mit der AG Frieden und Internationale Politik der Linken K\u00f6ln, dem K\u00f6lner Friedensforum\u00a0und dem Gesundheitsb\u00fcndnis K\u00f6ln.<\/p>\n<hr \/>\n<p>Hintergrund:<\/p>\n<p>Am Montag, den 22.3.2021, treffen sich die EU-Au\u00dfenminister*innen, um einen irregul\u00e4ren Milit\u00e4rfinanzierungstopf von 5,7 Milliarden Euro f\u00fcr die n\u00e4chsten 7 Jahre zu beschlie\u00dfen. Der Betrag wird irref\u00fchrend \u201eEurop\u00e4ische Friedensfazilit\u00e4t\u201c genannt und dient der Ausbildung, Ausr\u00fcstung und dem Einsatz von Milit\u00e4r au\u00dferhalb der EU. Er entsteht au\u00dferhalb des EU-Haushalts und unterliegt nicht der Kontrolle durch das Europ\u00e4ische Parlament. Wir schlie\u00dfen uns dem Aufruf des forumZDF an und <a href=\"https:\/\/www.forumzfd.de\/de\/keine-waffenlieferungen-made-europe\">protestieren bei Au\u00dfenminister Heiko Maas \u201eKeine Waffenlieferungen \u201eMade in Europe\u201c!\u201c<\/a> 1)<\/p>\n<p>Ab Mittwoch, dem 24.3., will die GroKo im Haushaltsausschuss des Deutschen Bundestages\u00a0bis zur Sommerpause\u00a0\u00fcber die Genehmigung einer\u00a0langen Liste von 51\u00a0R\u00fcstungsprojekten\u00a0(darunter die &#8222;Eurodrohnen&#8220; zusammen mit Frankreich, Italien und Spanien) beraten,\u00a0deren Kosten jeweils \u00fcber 25\u00a0Millionen Euro liegen.<\/p>\n<p>Der Koalitionsausschuss hatte am 3.2.2021 den Weg f\u00fcr die Entwicklung der \u201eEurodrohne\u201c freigemacht \u2013 damit haben CDU\/CSU und SPD einen Stolperstein f\u00fcr das \u201eFCAS\u201c, das \u201egr\u00f6\u00dfte europ\u00e4ische R\u00fcstungsprojekt \u00fcberhaupt\u201c (Luftwaffeninspekteur Ingo Gerhartz) beseitigt. Das \u201eFCAS\u201c (Future Combat Air System) ist die industriegetriebene Vision eines satellitengest\u00fctzten Luftkriegssystems mit Marschflugk\u00f6rpern, atomwaffenf\u00e4higen Kampfflugzeugen, bewaffneten Drohnen und Drohnenschw\u00e4rmen, alles miteinander verbunden \u00fcber ein Kommunikationssystem (\u201eCombat Cloud\u201c). Die R\u00fcstungsindustrie rechnet mit Ums\u00e4tzen in dreistelligen Milliardenbetr\u00e4gen und behauptet das \u201eFCAS\u201c gew\u00e4hrleiste die staatliche Souver\u00e4nit\u00e4t. 2)<\/p>\n<hr \/>\n<p>Quellen:<\/p>\n<p>1)<\/p>\n<p><a href=\"https:\/\/www.forumzfd.de\/de\/waffenlieferungen-made-europe\">https:\/\/www.forumzfd.de\/de\/waffenlieferungen-made-europe<\/a> (Informationen und Protestaktion des \u201eForum ZFD\u201c zur \u201eEurop\u00e4ischen Friedensfazilit\u00e4t\u201c)<\/p>\n<p><a href=\"https:\/\/www1.wdr.de\/daserste\/monitor\/videos\/video-neue-waffenexporte-made-in-europe-100.html\">https:\/\/www1.wdr.de\/daserste\/monitor\/videos\/video-neue-waffenexporte-made-in-europe-100.html<\/a> (Sendung Monitor,\u00a0 11.03.2021 07:34 Min.)<\/p>\n<p><a href=\"https:\/\/www.imi-online.de\/2021\/03\/04\/bahn-frei-fuer-die-eurokampfdrohne\/\">https:\/\/www.imi-online.de\/2021\/03\/04\/bahn-frei-fuer-die-eurokampfdrohne\/<\/a> (J\u00fcrgen Wagner, 4.3.2021)<\/p>\n<p><a href=\"https:\/\/www.heise.de\/tp\/features\/Das-groesste-europaeische-Ruestungsprojekt-ueberhaupt-5042688.html\">https:\/\/www.heise.de\/tp\/features\/Das-groesste-europaeische-Ruestungsprojekt-ueberhaupt-5042688.html<\/a> (J\u00fcrgen Wagner, 3.2.2021)<\/p>\n<p><a href=\"https:\/\/twitter.com\/MatthiasHauer\/status\/1357107135247704067\">https:\/\/twitter.com\/MatthiasHauer\/status\/1357107135247704067<\/a> (Ergebnisse des Koalitionsausschusses am 3.2.2021)<\/p>\n<p>2)<\/p>\n<p><a href=\"https:\/\/augengeradeaus.net\/2021\/02\/regierungskoalition-macht-weg-frei-fuer-entwicklung-der-eurodrohne\/\">https:\/\/augengeradeaus.net\/2021\/02\/regierungskoalition-macht-weg-frei-fuer-entwicklung-der-eurodrohne\/<\/a> (Thomas Wiegold, 3.2.2021)<\/p>\n<p><a href=\"https:\/\/www.handelsblatt.com\/politik\/international\/kampfflugzeugsystem-ruestungskonzerne-airbus-und-dassault-bemuehen-sich-um-rettung-von-mega-projekt\/26984414.html?ticket=ST-2888246-0RKvsDC5S67qXuNNjvsJ-ap5\">https:\/\/www.handelsblatt.com\/politik\/international\/kampfflugzeugsystem-ruestungskonzerne-airbus-und-dassault-bemuehen-sich-um-rettung-von-mega-projekt\/26984414.html?ticket=ST-2888246-0RKvsDC5S67qXuNNjvsJ-ap5<\/a> (Thomas Hanke, Handelsblatt, 8.3.2021 [Bezahlschranke])<\/p>\n<div id=\"attachment_13655\" style=\"width: 4274px\" class=\"wp-caption aligncenter\"><img loading=\"lazy\" decoding=\"async\" aria-describedby=\"caption-attachment-13655\" class=\"size-full wp-image-13655\" src=\"https:\/\/www.friedenkoeln.de\/wp-content\/uploads\/2019\/04\/DSC_0072.jpg\" alt=\"Ein dicht gedr\u00e4ngter Kreis von Menschen, die einer Rednerin zuh\u00f6ren. Friedensfahnen und Transparente im Hintergrund.\" width=\"4264\" height=\"2842\" srcset=\"https:\/\/www.friedenkoeln.de\/wp-content\/uploads\/2019\/04\/DSC_0072.jpg 4264w, https:\/\/www.friedenkoeln.de\/wp-content\/uploads\/2019\/04\/DSC_0072-150x100.jpg 150w, https:\/\/www.friedenkoeln.de\/wp-content\/uploads\/2019\/04\/DSC_0072-768x512.jpg 768w\" sizes=\"auto, (max-width: 4264px) 100vw, 4264px\" \/><p id=\"caption-attachment-13655\" class=\"wp-caption-text\">Abr\u00fcsten statt Aufr\u00fcsten. 3.11.2018 auf dem Wallraffplatz, K\u00f6ln, mit Sevim Dagdelen. Foto: Stefanie Intveen<\/p><\/div>\n","protected":false},"excerpt":{"rendered":"<p>Kundgebung \u201eAbr\u00fcsten statt Aufr\u00fcsten\u201c anl\u00e4sslich der anstehenden Entscheidung zur weiteren Finanzierung der &#8222;Eurodrohne&#8220; im Bundestag\u00a0 am 22.3.2021 um 17 Uhr auf dem Alter Markt vor dem Rathaus in K\u00f6ln Kommt am Montag um 17&#46;&#46;&#46;<\/p>\n","protected":false},"author":110,"featured_media":13655,"comment_status":"open","ping_status":"open","sticky":false,"template":"","format":"standard","meta":{"footnotes":""},"categories":[116],"tags":[49,48,74,195,39],"class_list":["post-16628","post","type-post","status-publish","format-standard","has-post-thumbnail","hentry","category-aufruf","tag-bundestag","tag-bundeswehr","tag-eu","tag-fcas","tag-kampfdrohnen"],"_links":{"self":[{"href":"https:\/\/www.friedenkoeln.de\/index.php?rest_route=\/wp\/v2\/posts\/16628","targetHints":{"allow":["GET"]}}],"collection":[{"href":"https:\/\/www.friedenkoeln.de\/index.php?rest_route=\/wp\/v2\/posts"}],"about":[{"href":"https:\/\/www.friedenkoeln.de\/index.php?rest_route=\/wp\/v2\/types\/post"}],"author":[{"embeddable":true,"href":"https:\/\/www.friedenkoeln.de\/index.php?rest_route=\/wp\/v2\/users\/110"}],"replies":[{"embeddable":true,"href":"https:\/\/www.friedenkoeln.de\/index.php?rest_route=%2Fwp%2Fv2%2Fcomments&post=16628"}],"version-history":[{"count":4,"href":"https:\/\/www.friedenkoeln.de\/index.php?rest_route=\/wp\/v2\/posts\/16628\/revisions"}],"predecessor-version":[{"id":16632,"href":"https:\/\/www.friedenkoeln.de\/index.php?rest_route=\/wp\/v2\/posts\/16628\/revisions\/16632"}],"wp:featuredmedia":[{"embeddable":true,"href":"https:\/\/www.friedenkoeln.de\/index.php?rest_route=\/wp\/v2\/media\/13655"}],"wp:attachment":[{"href":"https:\/\/www.friedenkoeln.de\/index.php?rest_route=%2Fwp%2Fv2%2Fmedia&parent=16628"}],"wp:term":[{"taxonomy":"category","embeddable":true,"href":"https:\/\/www.friedenkoeln.de\/index.php?rest_route=%2Fwp%2Fv2%2Fcategories&post=16628"},{"taxonomy":"post_tag","embeddable":true,"href":"https:\/\/www.friedenkoeln.de\/index.php?rest_route=%2Fwp%2Fv2%2Ftags&post=16628"}],"curies":[{"name":"wp","href":"https:\/\/api.w.org\/{rel}","templated":true}]}}