{"id":16637,"date":"2021-03-24T07:54:58","date_gmt":"2021-03-24T06:54:58","guid":{"rendered":"https:\/\/www.friedenkoeln.de\/?p=16637"},"modified":"2021-03-31T12:15:24","modified_gmt":"2021-03-31T10:15:24","slug":"ostermarsch-jetzt-im-wahljahr-2021-atomwaffenverbot-umsetzen-abruesten-klima-schuetzen","status":"publish","type":"post","link":"https:\/\/www.friedenkoeln.de\/?p=16637","title":{"rendered":"Ostermarsch: \u201eJetzt im Wahljahr 2021: Atomwaffenverbot umsetzen, Abr\u00fcsten, Klima sch\u00fctzen!\u201c"},"content":{"rendered":"<div class=\"entry-content clearfix\">\n<div><em>Das K\u00f6lner Friedensforum l\u00e4dt gemeinsam mit der DFG-VK Gruppe K\u00f6ln und weiteren in K\u00f6ln aktiven Friedensgruppen ein:<\/em><\/div>\n<div>\n<hr \/>\n<\/div>\n<div style=\"text-align: center;\">\n<div id=\"attachment_13724\" style=\"width: 302px\" class=\"wp-caption alignright\"><img loading=\"lazy\" decoding=\"async\" aria-describedby=\"caption-attachment-13724\" class=\" wp-image-13724\" src=\"https:\/\/www.friedenkoeln.de\/wp-content\/uploads\/2019\/04\/15_20190420_hdh_0926_20190421_1543195223.jpg\" alt=\"Im Vordergrund ein wei\u00dfer Origami-Papierkranich auf einem Stock und dahinter bunte Friedensfahnen im Sonnenlicht.\" width=\"292\" height=\"438\" srcset=\"https:\/\/www.friedenkoeln.de\/wp-content\/uploads\/2019\/04\/15_20190420_hdh_0926_20190421_1543195223.jpg 4000w, https:\/\/www.friedenkoeln.de\/wp-content\/uploads\/2019\/04\/15_20190420_hdh_0926_20190421_1543195223-100x150.jpg 100w, https:\/\/www.friedenkoeln.de\/wp-content\/uploads\/2019\/04\/15_20190420_hdh_0926_20190421_1543195223-768x1152.jpg 768w, https:\/\/www.friedenkoeln.de\/wp-content\/uploads\/2019\/04\/15_20190420_hdh_0926_20190421_1543195223-2000x3000.jpg 2000w\" sizes=\"auto, (max-width: 292px) 100vw, 292px\" \/><p id=\"caption-attachment-13724\" class=\"wp-caption-text\">Friedenssymbole &#8211; gesehen beim Auftakt des Ostermarsch Rhein-Ruhr am 20.4.2019 auf dem Breslauer Platz in K\u00f6ln. Foto: Hans-Dieter Hey, www.R-mediabase.eu<\/p><\/div>\n<p>Kundgebung<strong> auf dem Bahnhofsvorplatz vor dem K\u00f6lner Hauptbahnhof am Samstag, 3. April 2021 um 11:00 Uhr, anschlie\u00dfende Fahrt nach D\u00fcsseldorf<\/strong><\/p>\n<\/div>\n<p>Unter anderem mit Beitr\u00e4gen von<\/p>\n<ul>\n<li><b>Andrej Hunko<\/b> (MdB Partei die Linke),<\/li>\n<li><b>Dr. Matthias-W. Engelke<\/b> (Internationaler Vers\u00f6hnungsbund),<\/li>\n<li><b>Imdat Salman<\/b> (F\u00f6deration demokratischer Arbeitervereine, DIDF)<\/li>\n<\/ul>\n<p>und Liedern von<\/p>\n<ul>\n<li><b>Kutlu<\/b> von Microphone Mafia<\/li>\n<li>und vom <b>Kardelen Chor.<\/b><\/li>\n<\/ul>\n<div>Im Anschluss an die Kundgebung in K\u00f6ln gibt es die M\u00f6glichkeit, gemeinsam mit dem Zug zur Demonstration in D\u00fcsseldorf zu fahren. Die Kundgebung in D\u00fcsseldorf beginnt am 3. April 2021 um <strong>14:30<\/strong> Uhr <em>[aktualisiert &#8211; d. Red.]<\/em> in der Friedrich-Ebert-Str. (n\u00e4he DGB-Haus D\u00fcsseldorf).<\/div>\n<\/div>\n<div><\/div>\n<div><em>Das Ostermarsch Komittee Rhein-Ruhr l\u00e4dt ein:<\/em><\/div>\n<div class=\"entry-content clearfix\">\n<div>\n<h1 class=\"page-title\"><a href=\"https:\/\/www.friedenskooperative.de\/ostermarsch-2021\/aufrufe\/rhein-ruhr\">Rhein-Ruhr Ostermarsch 2021<\/a><\/h1>\n<div class=\"row\">\n<div class=\"col-sm-12 col-md-8\">\n<div class=\"main-section\" role=\"main\">\n<div class=\"region region-content\">\n<section id=\"block-system-main\" class=\"block block-system clearfix collapsiblock-processed\">\n<div id=\"node-25557\" class=\"node node-page\">\n<div class=\"field field-name-body field-type-text-with-summary field-label-hidden text\">\n<h3 class=\"crossheading\">Jetzt im Wahljahr 2021: Atomwaffenverbot umsetzen, Abr\u00fcsten, Klima sch\u00fctzen!<\/h3>\n<p>Trotz Corona \u2013 die Friedensbewegung ist Ostern aktiv f\u00fcr Frieden, Entspannung und Abr\u00fcstung, wo es geht auf der Stra\u00dfe, aber auch online. Der Ostermarsch l\u00e4dt alle Menschen ein, vom 2. bis 5. April 2021 in den St\u00e4dten an Rhein und Ruhr f\u00fcr den Frieden zu demonstrieren!<\/p>\n<p><strong>Wir fordern Abr\u00fcstung statt Aufr\u00fcstung!<\/strong><\/p>\n<p>Die Pandemie macht eindringlich deutlich, wohin falsches staatliches Handeln zu Lasten der Bev\u00f6lkerung f\u00fchrt: W\u00e4hrend der Milit\u00e4retat f\u00fcr 2020 auf \u00fcber 45 Mrd. \u20ac erh\u00f6ht wurde, waren f\u00fcr die Gesundheit zun\u00e4chst nur 15 Mrd. vorgesehen. Trotz durch Corona besonders deutlich gewordener fehlender Mittel f\u00fcr Gesundheit und Bildung fordern Milit\u00e4rs und Politiker*innen weiter die Steigerung der Milit\u00e4rausgaben auf 2% der Wirtschaftsleistung, also ca.70-80 Mrd. \u20ac. Ministerin Kramp-Karrenbauer k\u00fcndigte an, die Bundeswehr auch im Pazifik zwischen Australien und China einsetzen zu wollen. Auch die EU will ihren milit\u00e4rischen Wirkungsbereich ausweiten und mehr Geld f\u00fcr Milit\u00e4r ausgeben.<\/p>\n<p><strong>Wir wollen keine neuen Atombomber und keine Killerdrohnen!<\/strong><\/p>\n<p>Zunehmend sind wir durch ein neues atomares Wettr\u00fcsten bedroht. Von den USA und anschlie\u00dfend von Russland wurden Vertr\u00e4ge f\u00fcr R\u00fcstungsbegrenzung, wie der INF-Vertrag gek\u00fcndigt. Die Bundesregierung will \u00fcber 12 Mrd. \u20ac f\u00fcr neue F-18 Atombomber ausgeben: Zusammen mit den in K\u00fcrze in Deutschland stationierten neuen US-Atombomben sollen sie dem wahnsinnigen Wunsch der Milit\u00e4rs entsprechen, \u201ebegrenzte\u201c Atomkriege f\u00fchren zu k\u00f6nnen. Der im Januar 2021 neu in Kraft getretene UN-Atomwaffenverbotsvertrag wird von den NATO-Staaten boykottiert, aber auch u.a. von Russland und China. Er muss aus Gr\u00fcnden des Bev\u00f6lkerungsschutzes von Deutschland unterzeichnet und ratifiziert werden. In der Folge m\u00fcssen Atomwaffen von deutschem Boden abgezogen und verschrottet werden! Auch die vor allem von der CDU\/CSU geforderte Bewaffnung von Drohnen der Bundeswehr gef\u00e4hrdet den Frieden. Denn das verwandelt sie in gef\u00e4hrliche Angriffswaffen, die auch durch gezielte Willk\u00fcr und Mord die Schwelle zum Kriegseinsatz senken.<\/p>\n<p><strong>Stoppt die Klimakiller R\u00fcstung und Krieg \u2013 rettet das Leben auf d<\/strong>er Erde!<\/p>\n<p>Hochr\u00fcstung, atomare Vernichtung und der Klimawandel sind die existenzbedrohenden Gefahren f\u00fcr die Menschheit. Milit\u00e4r ist einer der gr\u00f6\u00dften Ressourcenverschwender und Klimakiller. Allein das US-Milit\u00e4r setzt mehr CO2 frei als der ganze afrikanische Kontinent. Die Nato gibt pro Stunde circa 114 Millionen US-Dollar f\u00fcr ihr Milit\u00e4r aus. Um Ressorcen werden Kriege gef\u00fchrt und Lebensgrundlagen vieler Menschen vernichtet. Der Klimawandel ruft Konflikte um landwirtschaftlich nutzbare Fl\u00e4chen und um bewohnbare K\u00fcstenregionen hervor. Die durch den Klimawandel hervorgerufene Destabilisierung der internationalen Beziehungen steigert die Kriegsgefahr. Kriege und\u00a0R\u00fcstungsexporte zwingen immer mehr Menschen zur Flucht und so in Elend und Tod.<\/p>\n<p><strong>F\u00fcr eine neue Entspannungspolitik!<\/strong><\/p>\n<p>Vor 80 Jahren, am 22. Juni 1941 begann der \u00dcberfall Nazi-Deutschlands auf die Sowjetunion. 27 Millionen Sowjetb\u00fcrger*innen kamen im Laufe des Krieges ums Leben. Millionen sowjetischer Kriegsgefangener und Zwangsarbeiter*innen starben in deutschen Lagern. Das damit verbundene Leid ist uns Mahnung und Anlass, heute f\u00fcr eine neue Entspannungspolitik, f\u00fcr Abr\u00fcstung und f\u00fcr kollektive Sicherheit in Europa einzutreten!<\/p>\n<p><strong>Rechte Demagogen zur\u00fcckdr\u00e4ngen!<\/strong><\/p>\n<p>Rechte Ideologien f\u00f6rdern Feindbilder, Konfrontation und Krieg, im Inneren sch\u00fcren sie Hass und Gewalt. Allen voran die AfD: sie ist eine rassistische, militaristische Partei im Bundestag, deren Sprecher*innen die Taten deutscher Soldaten in zwei Weltkriegen verherrlichen. Heute fordert sie \u2013 gemeinsam mit anderen im rechten politischen Spektrum \u2013 eine Einsatzbereitschaft der Bundeswehr \u201emit h\u00f6chster Intensit\u00e4t\u201c. Den menschenfeindlichen Umtrieben von AfD, der NPD, PEGIDA und der RECHTEN, von Identit\u00e4ren und Reichsb\u00fcrgern stellen wir uns entgegen!<\/p>\n<hr \/>\n<p><em>Kontakt: <a href=\"http:\/\/www.ostermarsch-ruhr.de\/\">Ostermarsch Rhein\/Ruhr<\/a>, c\/o DFG-VK NRW, Braunschweiger Str. 22, 44145 Dortmund<\/em><br \/>\n<em>Spendenkonto: Ostermarsch Ruhr, Sparkasse Dortmund, IBAN: DE79 4405 0199 0321 0042 96, Stichwort: OMRR21<\/em><\/p>\n<p><a href=\"https:\/\/www.friedenkoeln.de\/wp-content\/uploads\/2021\/03\/Ostermarsch-Rhein-Ruhr_OM-2021-Flyer.pdf\"><em>Flyer zum Download<\/em><\/a><\/p>\n<div id=\"attachment_14829\" style=\"width: 746px\" class=\"wp-caption aligncenter\"><img loading=\"lazy\" decoding=\"async\" aria-describedby=\"caption-attachment-14829\" class=\"size-full wp-image-14829\" src=\"https:\/\/www.friedenkoeln.de\/wp-content\/uploads\/2020\/04\/ostermarsch-rheinland-duesseldorf_003.jpg\" alt=\"Mehrere Frauen in aufgeblasenen knallroten Ballonkost\u00fcmen und knallroten Per\u00fccken demonstrieren zwischen anderen dicht gedr\u00e4ngt gegen Rheinmetall.\" width=\"736\" height=\"1031\" srcset=\"https:\/\/www.friedenkoeln.de\/wp-content\/uploads\/2020\/04\/ostermarsch-rheinland-duesseldorf_003.jpg 736w, https:\/\/www.friedenkoeln.de\/wp-content\/uploads\/2020\/04\/ostermarsch-rheinland-duesseldorf_003-107x150.jpg 107w\" sizes=\"auto, (max-width: 736px) 100vw, 736px\" \/><p id=\"caption-attachment-14829\" class=\"wp-caption-text\">&#8222;Wir infizieren Rheinmetall mit Frieden!&#8220;. Die Linken Bazillen beim beim Ostermarsch Rhein-Ruhr in D\u00fcsseldorf, 31.3.2018. Foto: Bodo P. Schmitz.<\/p><\/div>\n<\/div>\n<\/div>\n<\/section>\n<\/div>\n<\/div>\n<\/div>\n<\/div>\n<\/div>\n<\/div>\n","protected":false},"excerpt":{"rendered":"<p>Das K\u00f6lner Friedensforum l\u00e4dt gemeinsam mit der DFG-VK Gruppe K\u00f6ln und weiteren in K\u00f6ln aktiven Friedensgruppen ein: Kundgebung auf dem Bahnhofsvorplatz vor dem K\u00f6lner Hauptbahnhof am Samstag, 3. April 2021 um 11:00 Uhr, anschlie\u00dfende&#46;&#46;&#46;<\/p>\n","protected":false},"author":110,"featured_media":13724,"comment_status":"open","ping_status":"open","sticky":false,"template":"","format":"standard","meta":{"footnotes":""},"categories":[116],"tags":[42,112,180],"class_list":["post-16637","post","type-post","status-publish","format-standard","has-post-thumbnail","hentry","category-aufruf","tag-abruestung","tag-atomwaffenverbotsvertrag","tag-ostermarsch"],"_links":{"self":[{"href":"https:\/\/www.friedenkoeln.de\/index.php?rest_route=\/wp\/v2\/posts\/16637","targetHints":{"allow":["GET"]}}],"collection":[{"href":"https:\/\/www.friedenkoeln.de\/index.php?rest_route=\/wp\/v2\/posts"}],"about":[{"href":"https:\/\/www.friedenkoeln.de\/index.php?rest_route=\/wp\/v2\/types\/post"}],"author":[{"embeddable":true,"href":"https:\/\/www.friedenkoeln.de\/index.php?rest_route=\/wp\/v2\/users\/110"}],"replies":[{"embeddable":true,"href":"https:\/\/www.friedenkoeln.de\/index.php?rest_route=%2Fwp%2Fv2%2Fcomments&post=16637"}],"version-history":[{"count":5,"href":"https:\/\/www.friedenkoeln.de\/index.php?rest_route=\/wp\/v2\/posts\/16637\/revisions"}],"predecessor-version":[{"id":16649,"href":"https:\/\/www.friedenkoeln.de\/index.php?rest_route=\/wp\/v2\/posts\/16637\/revisions\/16649"}],"wp:featuredmedia":[{"embeddable":true,"href":"https:\/\/www.friedenkoeln.de\/index.php?rest_route=\/wp\/v2\/media\/13724"}],"wp:attachment":[{"href":"https:\/\/www.friedenkoeln.de\/index.php?rest_route=%2Fwp%2Fv2%2Fmedia&parent=16637"}],"wp:term":[{"taxonomy":"category","embeddable":true,"href":"https:\/\/www.friedenkoeln.de\/index.php?rest_route=%2Fwp%2Fv2%2Fcategories&post=16637"},{"taxonomy":"post_tag","embeddable":true,"href":"https:\/\/www.friedenkoeln.de\/index.php?rest_route=%2Fwp%2Fv2%2Ftags&post=16637"}],"curies":[{"name":"wp","href":"https:\/\/api.w.org\/{rel}","templated":true}]}}