{"id":16695,"date":"2021-04-07T18:16:40","date_gmt":"2021-04-07T16:16:40","guid":{"rendered":"https:\/\/www.friedenkoeln.de\/?p=16695"},"modified":"2021-04-07T18:16:40","modified_gmt":"2021-04-07T16:16:40","slug":"prozess-in-cochem-am-12-4-2021-wegen-go-in-auf-den-atomwaffen-stuetzpunkt-buechel-eifel","status":"publish","type":"post","link":"https:\/\/www.friedenkoeln.de\/?p=16695","title":{"rendered":"Prozess in Cochem am 12.4.2021 wegen \u201eGo-In\u201c auf den Atomwaffen-St\u00fctzpunkt B\u00fcchel (Eifel)"},"content":{"rendered":"<p><em>Pressemitteilung<\/em><\/p>\n<hr \/>\n<h4>Prozess in Cochem am 12.4.2021, 8:30 Uhr, wegen \u201eGo-In\u201c auf den Atomwaffen-St\u00fctzpunkt B\u00fcchel (Eifel):<\/h4>\n<h4>Journalistin und Friedensaktivistin, 77 J., fordert Abzug der US-Atombomben und Beitritt Deutschlands zum Atomwaffenverbotsvertrag der Vereinten Nationen<\/h4>\n<p><em>K\u00f6ln\/Cochem, 7.4.2021.<\/em><\/p>\n<blockquote><p>In diesen Zeiten der Pandemie, wo \u00fcberall der Schutz des Lebens angeblich h\u00f6chste Priorit\u00e4t hat, \u00fcben Bundeswehr-Soldaten t\u00e4glich den Atomkrieg,<\/p><\/blockquote>\n<p>erkl\u00e4rt die 77-j\u00e4hrige Friedensaktivistin aus K\u00f6ln, Ariane Dettloff. Die Staatsanwaltschaft klagt sie und sechzehn weitere zivil Ungehorsame der Gruppe \u201eB\u00fcchel17\u201c wegen \u201eHausfriedensbruchs\u201c an. Die Gruppe hatte am 30.4.2019 auf dem Gel\u00e4nde des Jagdbombergeschwaders 33 der Bundeswehr den Atomkriegs\u00fcbungsbetrieb mit einem \u201eSit-In\u201c behindert.<\/p>\n<p>Ariane Dettloff wird in dem Verfahren ihren gewaltfreien Widerstand gegen die v\u00f6lkerrechtswidrig in Deutschland stationierten nuklearen Massenvernichtungswaffen rechtfertigen. Sie weist darauf hin, dass die Atomkriegsgefahr gegenw\u00e4rtig erh\u00f6ht sei, weil die bisher frei fallenden Bomben in B\u00fcchel \u201emodernisiert\u201c werden sollen. Die neuen \u201eB61-12\u201c sollen ihr Ziel im Ernstfall pr\u00e4ziser und mit flexibler Sprengkraft treffen. Sie sollen ausdr\u00fccklich \u201ebesser einsetzbar\u201c sein. Laut der US-amerikanischen \u201eNuclear Posture Review\u201c aus 2018 k\u00f6nnten sie sogar f\u00fcr einen Erstschlag verwendet werden.<\/p>\n<blockquote><p>Das Risiko einer Atomwaffendetonation heute \u2013 ob durch einen Unfall, Fehleinsch\u00e4tzung oder Absicht \u2013 nimmt augenscheinlich zu, da neue Arten von Atomwaffen entwickelt wurden, langj\u00e4hrige R\u00fcstungskontrollabkommen aufgek\u00fcndigt sind und die Gefahr von Cyberangriffen auf nukleare Infrastruktur sehr real geworden ist,<\/p><\/blockquote>\n<p>warnten 56 ehemalige UN-Politiker*innen, Staats- und Regierungschefs, sowie Au\u00dfen- und Verteidigungsminister*innen aus NATO-Staaten, Japan und S\u00fcdkorea am 21. September 2020 in einem Offenen Brief. Auch sie fordern den Beitritt zum Atomwaffenverbotsvertrag der Vereinten Nationen.<\/p>\n<p>Unter den Beklagten der \u201eB\u00fcchel17\u201c sind Mitglieder der \u201eDeutschen Friedensgesellschaft \u2013 Vereinigte KriegsdienstgegnerInnen\u201c (DFG-VK), der \u201eInternationale \u00c4rzte f\u00fcr die Verh\u00fctung des Atomkriegs \u2013 \u00c4rzte in sozialer Verantwortung\u201c (IPPNW), der katholischen Friedensorganisation \u201epax christi\u201c, der Qu\u00e4ker und des \u201eNetzwerk Friedenssteuer\u201c.<\/p>\n<hr \/>\n<div id=\"attachment_16698\" style=\"width: 357px\" class=\"wp-caption alignright\"><img loading=\"lazy\" decoding=\"async\" aria-describedby=\"caption-attachment-16698\" class=\" wp-image-16698\" src=\"https:\/\/www.friedenkoeln.de\/wp-content\/uploads\/2021\/04\/DSC_0244-scaled.jpg\" alt=\"Eine h\u00fcbsche \u00e4ltere Dame mit schulterlangen silbergrauen Haaren und frischer Gesichtsfarbe h\u00e4lt fr\u00f6hlich schmunzelnd ein selbst gemaltes Plakat vor sich: &quot;Atomwaffen auf die Anklagebank&quot;. Im Hintergrund eine sommergr\u00fcne Buchenhecke.\" width=\"347\" height=\"521\" srcset=\"https:\/\/www.friedenkoeln.de\/wp-content\/uploads\/2021\/04\/DSC_0244-scaled.jpg 1707w, https:\/\/www.friedenkoeln.de\/wp-content\/uploads\/2021\/04\/DSC_0244-133x200.jpg 133w, https:\/\/www.friedenkoeln.de\/wp-content\/uploads\/2021\/04\/DSC_0244-768x1152.jpg 768w, https:\/\/www.friedenkoeln.de\/wp-content\/uploads\/2021\/04\/DSC_0244-1024x1536.jpg 1024w, https:\/\/www.friedenkoeln.de\/wp-content\/uploads\/2021\/04\/DSC_0244-1365x2048.jpg 1365w\" sizes=\"auto, (max-width: 347px) 100vw, 347px\" \/><p id=\"caption-attachment-16698\" class=\"wp-caption-text\">Ariane Dettloff bei einer Mahnwache vor dem Amtsgericht Cochem: &#8222;Atomwaffen auf die Anklagebank!&#8220;, 24.6.2020. Foto: Stefanie Intveen<\/p><\/div>\n<p><em>Pressekontakt:<\/em><br \/>\n<em>Ariane Dettloff, ariane.dettloff@contraste.org, Tel. 0221 315783 oder 0176 53766189<\/em><br \/>\n<em>Stefanie Intveen, stefanie.intveen@web.de, Tel. 0151 560 949 20<\/em><\/p>\n<h4><em>Gerichtsverhandlung und Mahnwache<\/em><\/h4>\n<div class=\"page\" title=\"Page 2\">\n<div class=\"layoutArea\">\n<div class=\"column\">\n<p><em>Montag, 12.4.2021, 8:30 Uhr<\/em><br \/>\n<em>Amtsgericht Cochem, Saal 100, Raven\u00e9stra\u00dfe 39, Cochem<\/em><\/p>\n<p><em>Mahnwache und Gelegenheit f\u00fcr Interviews ab 7:30 Uhr vor dem Gerichtsgeb\u00e4ude<\/em><\/p>\n<h4><em>Dokumente<\/em><\/h4>\n<p><em><a href=\"https:\/\/www.friedenkoeln.de\/wp-content\/uploads\/2021\/04\/Ariane-Dettloff_Lebenslauf-und-Positionen_20210127.pdf\">Ariane Dettloff &#8211; Lebenslauf und Positionen<\/a><\/em><\/p>\n<p><em>Fotos der &#8222;Go In&#8220;-Aktion vom 30.4.2019 im Flickr-Album \u201e<a href=\"https:\/\/flic.kr\/s\/aHsmCTZ3f8\">B\u00fcchel17<\/a>\u201c.<\/em><\/p>\n<p><a href=\"https:\/\/www.friedenkoeln.de\/?page_id=15130\">Medien und Gerichtsdokumente der Gruppe &#8222;B\u00fcchel17&#8220;.<\/a><\/p>\n<h4><em>Hintergrund<\/em><\/h4>\n<p><em>SWR Wissen: <a href=\"https:\/\/www.ardmediathek.de\/video\/odysso-wissen-im-swr\/atomkrieg-aus-versehen\/swr- fernsehen\/Y3JpZDovL3N3ci5kZS9hZXgvbzE0Mjk3ODk\/\">Video (27 Min.) \u201eAtomkrieg aus Versehen\u201c<\/a>: Revolution\u00e4re Milit\u00e4rtechnik macht es m\u00f6glich, dass KI autonom einen Atomschlag ausl\u00f6sen k\u00f6nnte. Wird der Mensch \u00fcberfl\u00fcssig und steigt so die Kriegsgefahr?<br \/>\nMit Beitr\u00e4gen von Karl Hans Bl\u00e4sius, Ulrich K\u00fchn, Kersten Lahl, Rolf M\u00fctzenich. Das Video ist verf\u00fcgbar bis 25.3.2026.<\/em><\/p>\n<hr \/>\n<h4><em>Spenden<\/em><\/h4>\n<p><em>\u00dcber Spenden zur Deckung der Kosten der Prozessgruppe &#8222;<a href=\"https:\/\/www.friedenkoeln.de\/?page_id=15130\">B\u00fcchel17<\/a>&#8220; freuen wir uns:<\/em><\/p>\n<p><em>Empf\u00e4nger: Uwe Lutz-Scholten, Diemelsee<\/em><br \/>\n<em>Stichwort: B\u00fcchel17<\/em><br \/>\n<em>IBAN DE64 5235 0005 0000 7696 87 \/ BIC HELADEF1KOR<\/em><\/p>\n<h4><em>Prozessbegleitung<\/em><\/h4>\n<p><em>Mehrere Mitglieder der DFG-VK Gruppe K\u00f6ln werden Ariane in Cochem begleiten und unterst\u00fctzen. Wir treffen uns zur Mahnwache \u00a0am 12.4.2021 um 7:30 Uhr vor dem Gerichtsgeb\u00e4ude in Cochem, beobachten anschlie\u00dfend das Gerichtsverfahren und z\u00e4hlen auf die Klarstellung durch das Gericht, dass Ziviler Ungehorsam ein legales Mittel zur Beseitigung illegaler Massenvernichtungswaffen ist.<\/em><\/p>\n<\/div>\n<\/div>\n<\/div>\n","protected":false},"excerpt":{"rendered":"<p>Pressemitteilung Prozess in Cochem am 12.4.2021, 8:30 Uhr, wegen \u201eGo-In\u201c auf den Atomwaffen-St\u00fctzpunkt B\u00fcchel (Eifel): Journalistin und Friedensaktivistin, 77 J., fordert Abzug der US-Atombomben und Beitritt Deutschlands zum Atomwaffenverbotsvertrag der Vereinten Nationen K\u00f6ln\/Cochem, 7.4.2021.&#46;&#46;&#46;<\/p>\n","protected":false},"author":110,"featured_media":16698,"comment_status":"open","ping_status":"open","sticky":false,"template":"","format":"standard","meta":{"footnotes":""},"categories":[87],"tags":[33,112,99,80,91,115],"class_list":["post-16695","post","type-post","status-publish","format-standard","has-post-thumbnail","hentry","category-pressemitteilung","tag-atomwaffen","tag-atomwaffenverbotsvertrag","tag-menschenrechte","tag-rechtsprechung","tag-voelkerrecht","tag-ziviler-ungehorsam"],"_links":{"self":[{"href":"https:\/\/www.friedenkoeln.de\/index.php?rest_route=\/wp\/v2\/posts\/16695","targetHints":{"allow":["GET"]}}],"collection":[{"href":"https:\/\/www.friedenkoeln.de\/index.php?rest_route=\/wp\/v2\/posts"}],"about":[{"href":"https:\/\/www.friedenkoeln.de\/index.php?rest_route=\/wp\/v2\/types\/post"}],"author":[{"embeddable":true,"href":"https:\/\/www.friedenkoeln.de\/index.php?rest_route=\/wp\/v2\/users\/110"}],"replies":[{"embeddable":true,"href":"https:\/\/www.friedenkoeln.de\/index.php?rest_route=%2Fwp%2Fv2%2Fcomments&post=16695"}],"version-history":[{"count":4,"href":"https:\/\/www.friedenkoeln.de\/index.php?rest_route=\/wp\/v2\/posts\/16695\/revisions"}],"predecessor-version":[{"id":16700,"href":"https:\/\/www.friedenkoeln.de\/index.php?rest_route=\/wp\/v2\/posts\/16695\/revisions\/16700"}],"wp:featuredmedia":[{"embeddable":true,"href":"https:\/\/www.friedenkoeln.de\/index.php?rest_route=\/wp\/v2\/media\/16698"}],"wp:attachment":[{"href":"https:\/\/www.friedenkoeln.de\/index.php?rest_route=%2Fwp%2Fv2%2Fmedia&parent=16695"}],"wp:term":[{"taxonomy":"category","embeddable":true,"href":"https:\/\/www.friedenkoeln.de\/index.php?rest_route=%2Fwp%2Fv2%2Fcategories&post=16695"},{"taxonomy":"post_tag","embeddable":true,"href":"https:\/\/www.friedenkoeln.de\/index.php?rest_route=%2Fwp%2Fv2%2Ftags&post=16695"}],"curies":[{"name":"wp","href":"https:\/\/api.w.org\/{rel}","templated":true}]}}