{"id":16722,"date":"2021-04-15T20:35:47","date_gmt":"2021-04-15T18:35:47","guid":{"rendered":"https:\/\/www.friedenkoeln.de\/?p=16722"},"modified":"2021-04-15T20:40:25","modified_gmt":"2021-04-15T18:40:25","slug":"guenther-harms-say-no-to-any-war","status":"publish","type":"post","link":"https:\/\/www.friedenkoeln.de\/?p=16722","title":{"rendered":"G\u00fcnther Harms: &#8222;Say no to any war!&#8220;"},"content":{"rendered":"<p><em>&#8222;Bertha von Suttner schrieb ihr bekanntes Buch &#8218;Die Waffen nieder!&#8216; vor weit \u00fcber 100 Jahren. Wann werden wir endlich schlauer?&#8220; fragt G\u00fcnther Harms in seinem Lied &#8222;Say no to any war!&#8220;<\/em><\/p>\n<hr \/>\n<div class=\"video-container\"><iframe loading=\"lazy\" title=\"Say no to any war\" width=\"500\" height=\"281\" src=\"https:\/\/www.youtube.com\/embed\/KSCJRkfTWOY?feature=oembed&#038;wmode=opaque\" frameborder=\"0\" allow=\"accelerometer; autoplay; clipboard-write; encrypted-media; gyroscope; picture-in-picture; web-share\" referrerpolicy=\"strict-origin-when-cross-origin\" allowfullscreen><\/iframe><\/div>\n<h4>Say no to any war!<\/h4>\n<p>More than 100 years ago,<br \/>\na woman born in Austria<br \/>\nshe wrote a famous book she called:<br \/>\nLay down your arms! Lay down your arms!<\/p>\n<p>She had a vision of a peaceful world,<br \/>\nbut what have we done so far?<br \/>\nMany millions killed by soldiers\u2019 hands:<br \/>\nThis can\u2019t be our way, this can\u2019t be our way!<\/p>\n<p style=\"padding-left: 40px;\">So say no, no, no to more weapons,<br \/>\nsay no, no, no, to any war!<br \/>\nSay yes, I do agree with all civil means, diplomacy.<br \/>\n\/\/:War\u2019s an option for those who lost their mind &#8211;<br \/>\nleaving death, despair and grief behind!:\/\/<\/p>\n<p>Increasing budgets for \u2018defense\u2019,<br \/>\nalways new weapons threatening,<br \/>\ndeadly business from arms exports:<br \/>\nRise up and say: not in my name!<\/p>\n<p>Sending soldiers far away,<br \/>\nbut conflicts there still remain,<br \/>\nself-interests often count more than peace:<br \/>\nThis can\u2019t be our way, this can\u2019t be our way!<\/p>\n<p style=\"padding-left: 40px;\">So say no, no, no (&#8230;)<\/p>\n<p>Drones with rockets, they can shoot,<br \/>\nkilling people like in a computer game,<br \/>\nbut it\u2019s bloody and cruel reality:<br \/>\nRise up and say: not in my name!<\/p>\n<p>In our country atomic bombs are stored,<br \/>\nthe nuclear ban treaty\u2019s still ignored,<br \/>\npilots train to drop these bombs.<br \/>\nThis can\u2019t be our way, this can\u2019t be our way!<\/p>\n<p style=\"padding-left: 40px;\">So say no, no, no to more weapons,<br \/>\nsay no, no, no to any war!<br \/>\nSay yes, I do agree with all civil means, diplomacy.<br \/>\nAll people in the world wish for peace,<br \/>\nwish to feel free, they share the desire<br \/>\nto be happy like you and me.<br \/>\nThe idea of war is the real enemy!<br \/>\nThe idea to kill is the real enemy!<\/p>\n<div id=\"attachment_12282\" style=\"width: 1290px\" class=\"wp-caption aligncenter\"><img loading=\"lazy\" decoding=\"async\" aria-describedby=\"caption-attachment-12282\" class=\"size-full wp-image-12282\" src=\"https:\/\/www.friedenkoeln.de\/wp-content\/uploads\/2018\/05\/DSC_8163.jpg\" alt=\"Bei sch\u00f6nem Wetter spielt ein Orchester, das dabei die Hauptzufahrt zu einem Milit\u00e4rgel\u00e4nde blockiert. Im Vordergrund sitzt das Publikum auf St\u00fchlen in der Sonne und h\u00f6rt zu.\" width=\"1280\" height=\"848\" srcset=\"https:\/\/www.friedenkoeln.de\/wp-content\/uploads\/2018\/05\/DSC_8163.jpg 1280w, https:\/\/www.friedenkoeln.de\/wp-content\/uploads\/2018\/05\/DSC_8163-768x509.jpg 768w, https:\/\/www.friedenkoeln.de\/wp-content\/uploads\/2018\/05\/DSC_8163-1024x678.jpg 1024w\" sizes=\"auto, (max-width: 1280px) 100vw, 1280px\" \/><p id=\"caption-attachment-12282\" class=\"wp-caption-text\">Blockadekonzert der Lebenslaute vor den Kelley Barracks in Stuttgart am 29.8.2016: &#8222;Schlussakkord dem Drohnenmord&#8220;. Foto: Lebenslaute.<\/p><\/div>\n<hr \/>\n<p><em>G\u00fcnther Harms ist Vater erwachsener Kinder und Gro\u00dfvater und lebt in Hilpoltstein bei N\u00fcrnberg. Im Februar haben wir sein <a href=\"https:\/\/www.friedenkoeln.de\/?p=16572\">Lied\u00a0\u201cBlack lives and all lives \u2013 must matter!\u201d<\/a>\u00a0ver\u00f6ffentlicht. <\/em><\/p>\n<p><em>Mit &#8222;Say no to any war!&#8220; hat er uns aus der Seele geschrieben! Vielen Dank!<br \/>\n<\/em><\/p>\n","protected":false},"excerpt":{"rendered":"<p>&#8222;Bertha von Suttner schrieb ihr bekanntes Buch &#8218;Die Waffen nieder!&#8216; vor weit \u00fcber 100 Jahren. Wann werden wir endlich schlauer?&#8220; fragt G\u00fcnther Harms in seinem Lied &#8222;Say no to any war!&#8220; Say no to&#46;&#46;&#46;<\/p>\n","protected":false},"author":110,"featured_media":12282,"comment_status":"open","ping_status":"open","sticky":false,"template":"","format":"standard","meta":{"footnotes":""},"categories":[207],"tags":[45,57,3],"class_list":["post-16722","post","type-post","status-publish","format-standard","has-post-thumbnail","hentry","category-lied","tag-geschichte","tag-musik","tag-pazifismus"],"_links":{"self":[{"href":"https:\/\/www.friedenkoeln.de\/index.php?rest_route=\/wp\/v2\/posts\/16722","targetHints":{"allow":["GET"]}}],"collection":[{"href":"https:\/\/www.friedenkoeln.de\/index.php?rest_route=\/wp\/v2\/posts"}],"about":[{"href":"https:\/\/www.friedenkoeln.de\/index.php?rest_route=\/wp\/v2\/types\/post"}],"author":[{"embeddable":true,"href":"https:\/\/www.friedenkoeln.de\/index.php?rest_route=\/wp\/v2\/users\/110"}],"replies":[{"embeddable":true,"href":"https:\/\/www.friedenkoeln.de\/index.php?rest_route=%2Fwp%2Fv2%2Fcomments&post=16722"}],"version-history":[{"count":11,"href":"https:\/\/www.friedenkoeln.de\/index.php?rest_route=\/wp\/v2\/posts\/16722\/revisions"}],"predecessor-version":[{"id":16733,"href":"https:\/\/www.friedenkoeln.de\/index.php?rest_route=\/wp\/v2\/posts\/16722\/revisions\/16733"}],"wp:featuredmedia":[{"embeddable":true,"href":"https:\/\/www.friedenkoeln.de\/index.php?rest_route=\/wp\/v2\/media\/12282"}],"wp:attachment":[{"href":"https:\/\/www.friedenkoeln.de\/index.php?rest_route=%2Fwp%2Fv2%2Fmedia&parent=16722"}],"wp:term":[{"taxonomy":"category","embeddable":true,"href":"https:\/\/www.friedenkoeln.de\/index.php?rest_route=%2Fwp%2Fv2%2Fcategories&post=16722"},{"taxonomy":"post_tag","embeddable":true,"href":"https:\/\/www.friedenkoeln.de\/index.php?rest_route=%2Fwp%2Fv2%2Ftags&post=16722"}],"curies":[{"name":"wp","href":"https:\/\/api.w.org\/{rel}","templated":true}]}}