{"id":16734,"date":"2021-04-17T17:12:08","date_gmt":"2021-04-17T15:12:08","guid":{"rendered":"https:\/\/www.friedenkoeln.de\/?p=16734"},"modified":"2021-04-17T17:19:55","modified_gmt":"2021-04-17T15:19:55","slug":"demo-in-koeln-nein-zu-ausgangssperren-gesundheitsschutz-statt-einschraenkung-unserer-grundrechte","status":"publish","type":"post","link":"https:\/\/www.friedenkoeln.de\/?p=16734","title":{"rendered":"Demo in K\u00f6ln: Nein zu Ausgangssperren! Gesundheitsschutz statt Einschr\u00e4nkung unserer Grundrechte!"},"content":{"rendered":"<div>\n<p><em>Wir schlie\u00dfen uns dem Aufruf zur gemeinsamen Demo\u00a0gegen die K\u00f6lner Ausgangssperre an:<\/em><\/p>\n<hr \/>\n<\/div>\n<div style=\"text-align: center;\"><strong>Samstag, 17.4.2021, 19:30 Uhr, Heumarkt (mit Maske und Abstand)<\/strong><\/div>\n<div><\/div>\n<div class=\"kvgmc6g5 cxmmr5t8 oygrvhab hcukyx3x c1et5uql\">Nach mehr als einem Jahr Freizeitlockdown, Kontaktbeschr\u00e4nkungen, Masken tragen und Abstand halten, sollen nun im Rahmen der \u201eBundesnotbremse\u201c Ausgangssperren verh\u00e4ngt werden. Die Stadt K\u00f6ln will dabei Vorreiterin sein und hat diese Ausgangssperren schon f\u00fcr Freitag in Kraft gesetzt.<\/div>\n<div><\/div>\n<div class=\"o9v6fnle cxmmr5t8 oygrvhab hcukyx3x c1et5uql\">Nirgends ist die Ansteckungsgefahr mit dem Coronavirus so gering wie im Freien, noch dazu in dem Zeitraum zwischen 21 und 5 Uhr, in dem nicht einmal 10 Prozent der t\u00e4glichen Kontakte mit anderen Menschen stattfinden.<\/div>\n<div><\/div>\n<div class=\"o9v6fnle cxmmr5t8 oygrvhab hcukyx3x c1et5uql\">Wir sagen nein zu Ausgangssperren und weiteren repressiven Ma\u00dfnahmen und Einschr\u00e4nkungen unseres privaten Lebens! Eine sinnvolle und effektive Pandemiebek\u00e4mpfung muss dort ansetzen, wo die meisten und wechselnden Kontakte stattfinden: auf der Arbeit und dem Weg dorthin. Die Bev\u00f6lkerung ab 21 Uhr einzusperren ist nicht die richtige L\u00f6sung!<\/div>\n<div><\/div>\n<div class=\"o9v6fnle cxmmr5t8 oygrvhab hcukyx3x c1et5uql\">Nehmen wir das Coronavirus und die mit ihr verbundenen Gefahren ernst und fordern einen wirklichen Gesundheitsschutz, statt den Schutz der Profite der Wirtschaft. Stellen wir uns entschieden gegen den Abbau unserer Grundrechte! Daher sagen wir: Corona-Pandemie und Wirtschaftskrise nicht auf unserem R\u00fccken!<\/div>\n<div><\/div>\n<div class=\"o9v6fnle cxmmr5t8 oygrvhab hcukyx3x c1et5uql\">Kommt am Samstag um 19:30 Uhr zum Heumarkt und demonstriert mit Abstand und Maske gegen die Ausgangssperre.<\/div>\n<div><\/div>\n<div><img loading=\"lazy\" decoding=\"async\" class=\"size-full wp-image-16738 aligncenter\" src=\"https:\/\/www.friedenkoeln.de\/wp-content\/uploads\/2021\/04\/174547607_1435579090117456_1103609680158787602_n.jpg\" alt=\"Aufruf zu Kundgebung - wei\u00dfe Schrift auf rotem Grund\" width=\"1600\" height=\"1600\" srcset=\"https:\/\/www.friedenkoeln.de\/wp-content\/uploads\/2021\/04\/174547607_1435579090117456_1103609680158787602_n.jpg 1600w, https:\/\/www.friedenkoeln.de\/wp-content\/uploads\/2021\/04\/174547607_1435579090117456_1103609680158787602_n-500x500.jpg 500w, https:\/\/www.friedenkoeln.de\/wp-content\/uploads\/2021\/04\/174547607_1435579090117456_1103609680158787602_n-200x200.jpg 200w, https:\/\/www.friedenkoeln.de\/wp-content\/uploads\/2021\/04\/174547607_1435579090117456_1103609680158787602_n-768x768.jpg 768w, https:\/\/www.friedenkoeln.de\/wp-content\/uploads\/2021\/04\/174547607_1435579090117456_1103609680158787602_n-1536x1536.jpg 1536w, https:\/\/www.friedenkoeln.de\/wp-content\/uploads\/2021\/04\/174547607_1435579090117456_1103609680158787602_n-80x80.jpg 80w, https:\/\/www.friedenkoeln.de\/wp-content\/uploads\/2021\/04\/174547607_1435579090117456_1103609680158787602_n-320x320.jpg 320w\" sizes=\"auto, (max-width: 1600px) 100vw, 1600px\" \/><\/div>\n<div>\n<p>Veranstalter: Solidarit\u00e4tsnetzwerk K\u00f6ln u. a. (https:\/\/www.facebook.com\/events\/495963415108181)<\/p>\n<hr \/>\n<p><em>Hintergrund:<\/em><\/p>\n<p><em> <a href=\"https:\/\/www.friedenkoeln.de\/wp-content\/uploads\/2021\/04\/Stadt-Koeln_2021.04.16_0079-01_coronaschutzvo_regionale_anpassung_vom_16.04.2021.pdf\">Coronaschutzverordnung, regionale Anpassung vom 16. April 2021<\/a><\/em><\/p>\n<\/div>\n","protected":false},"excerpt":{"rendered":"<p>Wir schlie\u00dfen uns dem Aufruf zur gemeinsamen Demo\u00a0gegen die K\u00f6lner Ausgangssperre an: Samstag, 17.4.2021, 19:30 Uhr, Heumarkt (mit Maske und Abstand) Nach mehr als einem Jahr Freizeitlockdown, Kontaktbeschr\u00e4nkungen, Masken tragen und Abstand halten, sollen&#46;&#46;&#46;<\/p>\n","protected":false},"author":110,"featured_media":16738,"comment_status":"open","ping_status":"open","sticky":false,"template":"","format":"standard","meta":{"footnotes":""},"categories":[116,105],"tags":[113,147,99],"class_list":["post-16734","post","type-post","status-publish","format-standard","has-post-thumbnail","hentry","category-aufruf","category-bericht","tag-buergerrechte","tag-gesundheitswesen","tag-menschenrechte"],"_links":{"self":[{"href":"https:\/\/www.friedenkoeln.de\/index.php?rest_route=\/wp\/v2\/posts\/16734","targetHints":{"allow":["GET"]}}],"collection":[{"href":"https:\/\/www.friedenkoeln.de\/index.php?rest_route=\/wp\/v2\/posts"}],"about":[{"href":"https:\/\/www.friedenkoeln.de\/index.php?rest_route=\/wp\/v2\/types\/post"}],"author":[{"embeddable":true,"href":"https:\/\/www.friedenkoeln.de\/index.php?rest_route=\/wp\/v2\/users\/110"}],"replies":[{"embeddable":true,"href":"https:\/\/www.friedenkoeln.de\/index.php?rest_route=%2Fwp%2Fv2%2Fcomments&post=16734"}],"version-history":[{"count":6,"href":"https:\/\/www.friedenkoeln.de\/index.php?rest_route=\/wp\/v2\/posts\/16734\/revisions"}],"predecessor-version":[{"id":16742,"href":"https:\/\/www.friedenkoeln.de\/index.php?rest_route=\/wp\/v2\/posts\/16734\/revisions\/16742"}],"wp:featuredmedia":[{"embeddable":true,"href":"https:\/\/www.friedenkoeln.de\/index.php?rest_route=\/wp\/v2\/media\/16738"}],"wp:attachment":[{"href":"https:\/\/www.friedenkoeln.de\/index.php?rest_route=%2Fwp%2Fv2%2Fmedia&parent=16734"}],"wp:term":[{"taxonomy":"category","embeddable":true,"href":"https:\/\/www.friedenkoeln.de\/index.php?rest_route=%2Fwp%2Fv2%2Fcategories&post=16734"},{"taxonomy":"post_tag","embeddable":true,"href":"https:\/\/www.friedenkoeln.de\/index.php?rest_route=%2Fwp%2Fv2%2Ftags&post=16734"}],"curies":[{"name":"wp","href":"https:\/\/api.w.org\/{rel}","templated":true}]}}